{"id":407046,"date":"2025-09-21T11:23:14","date_gmt":"2025-09-21T11:23:14","guid":{"rendered":"https:\/\/www.europesays.com\/fr\/407046\/"},"modified":"2025-09-21T11:23:14","modified_gmt":"2025-09-21T11:23:14","slug":"apres-la-menopause-cest-une-deuxieme-vie-qui-commence","status":"publish","type":"post","link":"https:\/\/www.europesays.com\/fr\/407046\/","title":{"rendered":"\u00ab Apr\u00e8s la m\u00e9nopause, c\u2019est une deuxi\u00e8me vie qui commence\u00a0\u00bb"},"content":{"rendered":"<p class=\"point\">La docteure Nadia Idrissi, gyn\u00e9cologue, nous offre un \u00e9clairage m\u00e9dical sur la m\u00e9nopause.<\/p>\n<p>Qu\u2019est-ce que c\u2019est\u00a0?<\/p>\n<p>\u00ab\u00a0C\u2019est l\u2019arr\u00eat du fonctionnement des ovaires autour de la cinquantaine m\u00eame si cela peut survenir plus t\u00f4t, on parle alors de m\u00e9nopause pr\u00e9coce. Pour \u00eatre m\u00e9nopaus\u00e9e, il faut un arr\u00eat des r\u00e8gles durant au minimum un an. S\u2019ensuit la perte de la capacit\u00e9 de la fonction reproductive.\u00a0\u00bb<\/p>\n<p>Qu\u2019est-ce que \u00e7a entra\u00eene\u00a0?<\/p>\n<p>\u00ab\u00a0Les effets sont multiples et varient d\u2019une femme \u00e0 l\u2019autre. On note des bouff\u00e9es de chaleur qui surviennent \u00e0 n\u2019importe quel moment, avec une sensation qui prend tout le corps et remonte au niveau du cou et du visage. Il y a aussi des sueurs nocturnes ou encore des s\u00e9cheresses vulvo-vaginales ; ces derni\u00e8res apparaissent parfois m\u00eame apr\u00e8s la m\u00e9nopause. Cela peut avoir un impact majeur sur le plan sexuel avec une&#8230;<\/p>\n","protected":false},"excerpt":{"rendered":"La docteure Nadia Idrissi, gyn\u00e9cologue, nous offre un \u00e9clairage m\u00e9dical sur la m\u00e9nopause. Qu\u2019est-ce que c\u2019est\u00a0? \u00ab\u00a0C\u2019est l\u2019arr\u00eat&hellip;\n","protected":false},"author":2,"featured_media":407047,"comment_status":"","ping_status":"","sticky":false,"template":"","format":"standard","meta":{"footnotes":""},"categories":[10],"tags":[4523,2931,2930,8587,8588,6757,107,1011,27,72,5362,224,71,801,104],"class_list":{"0":"post-407046","1":"post","2":"type-post","3":"status-publish","4":"format-standard","5":"has-post-thumbnail","7":"category-sante","8":"tag-conseils-pratiques","9":"tag-cote-dor","10":"tag-dijon","11":"tag-dijon-ville","12":"tag-edition-dijon-et-son-agglomeration","13":"tag-feminisme","14":"tag-fil-info","15":"tag-fr","16":"tag-france","17":"tag-health","18":"tag-magazine-sante","19":"tag-medecine","20":"tag-sante","21":"tag-social","22":"tag-societe"},"share_on_mastodon":{"url":"https:\/\/pubeurope.com\/@fr\/115242035035695171","error":""},"_links":{"self":[{"href":"https:\/\/www.europesays.com\/fr\/wp-json\/wp\/v2\/posts\/407046","targetHints":{"allow":["GET"]}}],"collection":[{"href":"https:\/\/www.europesays.com\/fr\/wp-json\/wp\/v2\/posts"}],"about":[{"href":"https:\/\/www.europesays.com\/fr\/wp-json\/wp\/v2\/types\/post"}],"author":[{"embeddable":true,"href":"https:\/\/www.europesays.com\/fr\/wp-json\/wp\/v2\/users\/2"}],"replies":[{"embeddable":true,"href":"https:\/\/www.europesays.com\/fr\/wp-json\/wp\/v2\/comments?post=407046"}],"version-history":[{"count":0,"href":"https:\/\/www.europesays.com\/fr\/wp-json\/wp\/v2\/posts\/407046\/revisions"}],"wp:featuredmedia":[{"embeddable":true,"href":"https:\/\/www.europesays.com\/fr\/wp-json\/wp\/v2\/media\/407047"}],"wp:attachment":[{"href":"https:\/\/www.europesays.com\/fr\/wp-json\/wp\/v2\/media?parent=407046"}],"wp:term":[{"taxonomy":"category","embeddable":true,"href":"https:\/\/www.europesays.com\/fr\/wp-json\/wp\/v2\/categories?post=407046"},{"taxonomy":"post_tag","embeddable":true,"href":"https:\/\/www.europesays.com\/fr\/wp-json\/wp\/v2\/tags?post=407046"}],"curies":[{"name":"wp","href":"https:\/\/api.w.org\/{rel}","templated":true}]}}