{"id":407056,"date":"2025-09-21T11:28:10","date_gmt":"2025-09-21T11:28:10","guid":{"rendered":"https:\/\/www.europesays.com\/fr\/407056\/"},"modified":"2025-09-21T11:28:10","modified_gmt":"2025-09-21T11:28:10","slug":"le-conseil-de-securite-de-lonu-se-reunit-en-urgence-ce-lundi","status":"publish","type":"post","link":"https:\/\/www.europesays.com\/fr\/407056\/","title":{"rendered":"le Conseil de s\u00e9curit\u00e9 de l\u2019ONU se r\u00e9unit en urgence ce lundi"},"content":{"rendered":"<p>L\u2019Otan a annonc\u00e9 vendredi avoir intercept\u00e9 trois MiG-31 russes entr\u00e9s dans l\u2019espace a\u00e9rien de l\u2019Estonie, d\u00e9clenchant des protestations de l\u2019Alliance atlantique et de l\u2019Union europ\u00e9enne contre une nouvelle \u00abprovocation\u00bb russe.<\/p>\n<p class=\"fig-paragraph\">Le minist\u00e8re estonien des Affaires \u00e9trang\u00e8res a annonc\u00e9 dimanche qu\u2019une r\u00e9union extraordinaire du Conseil de s\u00e9curit\u00e9 de l\u2019ONU se tiendrait \u00e0 sa demande lundi, suite \u00e0 l\u2019incursion de trois avions russes dans son espace a\u00e9rien. Vendredi, trois avions de chasse MiG-31 de la F\u00e9d\u00e9ration de Russie sont entr\u00e9s dans l\u2019espace a\u00e9rien estonien au-dessus du golfe de Finlande et y sont rest\u00e9s pendant environ 12 minutes, avaient alert\u00e9 vendredi l\u2019Estonie et l\u2019Otan.<\/p>\n<p class=\"fig-paragraph\">L\u2019Italie, qui assume au sein de l\u2019Otan une mission de police du ciel balte, mais aussi la Su\u00e8de et la Finlande ont fait d\u00e9coller des appareils pour intercepter les trois intrus. \u00abLe 22 septembre (&#8230;), le Conseil de s\u00e9curit\u00e9 des Nations Unies tiendra une r\u00e9union d\u2019urgence en r\u00e9ponse \u00e0 la violation flagrante de l\u2019espace a\u00e9rien estonien par la Russie vendredi dernier\u00bb, selon un communiqu\u00e9 de la diplomatie estonienne publi\u00e9 dimanche.<\/p>\n<p>                                    <a class=\"fig-a11y-skip a11y-hidden\" href=\"#fig-a11y-skip-main-inarticle\"><br \/>\n        Passer la publicit\u00e9<br \/>\n    <\/a><\/p>\n<p class=\"fig-paragraph\">Il s\u2019agit de la premi\u00e8re fois en 34 ans d\u2019adh\u00e9sion de l\u2019Estonie \u00e0 l\u2019ONU que ce pays membre de l\u2019UE et de l\u2019Otan, et ferme soutien de l\u2019Ukraine, demande officiellement une r\u00e9union d\u2019urgence du Conseil de s\u00e9curit\u00e9. Le Premier ministre estonien a annonc\u00e9 vendredi que son pays allait demander \u00e0 l\u2019Otan d\u2019activer l\u2019Article 4 du trait\u00e9 Atlantique qui pr\u00e9voit des consultations entre alli\u00e9s en cas de menace sur l\u2019un de ses membres.<\/p>\n<p class=\"fig-paragraph\">Selon le chef de la diplomatie estonienne, Margus Tsahkna, cette violation \u00abfait partie d\u2019un sch\u00e9ma comportemental plus large de la Russie, visant \u00e0 tester la d\u00e9termination de l\u2019Europe et de l\u2019Otan\u00bb. Il y a dix jours, une vingtaine de drones russes ont p\u00e9n\u00e9tr\u00e9 dans l\u2019espace a\u00e9rien polonais, et peu apr\u00e8s un drone de combat russe est rest\u00e9 dans l\u2019espace a\u00e9rien roumain pendant une heure. \u00abCe comportement n\u00e9cessite une r\u00e9ponse internationale\u00bb, a estim\u00e9 M. Tshakna cit\u00e9 dans le communiqu\u00e9. Et d\u2019ajouter que \u00abla conduite de la Russie est incompatible avec les responsabilit\u00e9s d\u2019un membre permanent du Conseil de s\u00e9curit\u00e9 de l\u2019ONU\u00bb.<\/p>\n","protected":false},"excerpt":{"rendered":"L\u2019Otan a annonc\u00e9 vendredi avoir intercept\u00e9 trois MiG-31 russes entr\u00e9s dans l\u2019espace a\u00e9rien de l\u2019Estonie, d\u00e9clenchant des protestations&hellip;\n","protected":false},"author":2,"featured_media":407057,"comment_status":"","ping_status":"","sticky":false,"template":"","format":"standard","meta":{"footnotes":""},"categories":[5],"tags":[11,1909,1011,27,131,14,12,3521,28],"class_list":{"0":"post-407056","1":"post","2":"type-post","3":"status-publish","4":"format-standard","5":"has-post-thumbnail","7":"category-international","8":"tag-actualites","9":"tag-estonie","10":"tag-fr","11":"tag-france","12":"tag-guerre-en-ukraine","13":"tag-international","14":"tag-news","15":"tag-onu","16":"tag-world"},"share_on_mastodon":{"url":"https:\/\/pubeurope.com\/@fr\/115242054842133640","error":""},"_links":{"self":[{"href":"https:\/\/www.europesays.com\/fr\/wp-json\/wp\/v2\/posts\/407056","targetHints":{"allow":["GET"]}}],"collection":[{"href":"https:\/\/www.europesays.com\/fr\/wp-json\/wp\/v2\/posts"}],"about":[{"href":"https:\/\/www.europesays.com\/fr\/wp-json\/wp\/v2\/types\/post"}],"author":[{"embeddable":true,"href":"https:\/\/www.europesays.com\/fr\/wp-json\/wp\/v2\/users\/2"}],"replies":[{"embeddable":true,"href":"https:\/\/www.europesays.com\/fr\/wp-json\/wp\/v2\/comments?post=407056"}],"version-history":[{"count":0,"href":"https:\/\/www.europesays.com\/fr\/wp-json\/wp\/v2\/posts\/407056\/revisions"}],"wp:featuredmedia":[{"embeddable":true,"href":"https:\/\/www.europesays.com\/fr\/wp-json\/wp\/v2\/media\/407057"}],"wp:attachment":[{"href":"https:\/\/www.europesays.com\/fr\/wp-json\/wp\/v2\/media?parent=407056"}],"wp:term":[{"taxonomy":"category","embeddable":true,"href":"https:\/\/www.europesays.com\/fr\/wp-json\/wp\/v2\/categories?post=407056"},{"taxonomy":"post_tag","embeddable":true,"href":"https:\/\/www.europesays.com\/fr\/wp-json\/wp\/v2\/tags?post=407056"}],"curies":[{"name":"wp","href":"https:\/\/api.w.org\/{rel}","templated":true}]}}