{"id":407060,"date":"2025-09-21T11:30:19","date_gmt":"2025-09-21T11:30:19","guid":{"rendered":"https:\/\/www.europesays.com\/fr\/407060\/"},"modified":"2025-09-21T11:30:19","modified_gmt":"2025-09-21T11:30:19","slug":"football-ligue-2-asse-stassin-brille-lamba-febrile-les-notes-de-la-victoire-face-a-reims-le-dauphine-libere","status":"publish","type":"post","link":"https:\/\/www.europesays.com\/fr\/407060\/","title":{"rendered":"Football &#8211; Ligue 2. ASSE : Stassin brille, Lamba f\u00e9brile&#8230; Les notes de la victoire face \u00e0 Reims &#8211; Le Dauphin\u00e9 Lib\u00e9r\u00e9"},"content":{"rendered":"<ol>\n<li><a href=\"https:\/\/news.google.com\/rss\/articles\/CBMitgFBVV95cUxNZFkwTEM4ejZCM2tRUGZEZmVYd18teFc2V1lTSnFhQWxUYkx1UzZqV1UwalNyOHdyeklpcGlnUXk0RW4zTWFSTU1TMjZJMk12NkVzZkN3cHdVcW85bTB0Undqc1dHdXBxbk13TXFuWUdMaFNtd1lzQVVnVE9DclpRbUdpWDFoUnlYTXVzbWpQQUU1ZFVqTk9rT0RDS1dXSmNfOUxGeWFfRVdJNEhkSm9LVUVmdl9PZw?oc=5\" target=\"_blank\" rel=\"noopener\">Football &#8211; Ligue 2. ASSE : Stassin brille, Lamba f\u00e9brile&#8230; Les notes de la victoire face \u00e0 Reims<\/a>&nbsp;&nbsp;Le Dauphin\u00e9 Lib\u00e9r\u00e9<\/li>\n<li><a href=\"https:\/\/news.google.com\/rss\/articles\/CBMi2gFBVV95cUxQMzhjWWRHdmdrN1VXQkk0MHJhRHdOTFZRbElZczI1UWZCSmJBU0t3WVZVRjZXT3hzRlFtaV9vM3ZnUm5LSXhWZGl2QUJZSVN5SzlfT3FVdjJ6SlhsUVVtVEpZT3p6cU9JMEtkQmpoUUFqUzFLVFozVVNvN0Uyd0xfSEw1cW1OTlFOQjRPX25DdWdmU3U0SU93V0pDci16QjlVS2tMOW56R0lOWUlnVU1venNkRlJKVjMtSXptZ3ZfcDJkaGlyMEdCRDY5THZYY295cF9ydXNNU2tYdw?oc=5\" target=\"_blank\" rel=\"noopener\">Saint-\u00c9tienne domine Reims au terme d&rsquo;un match spectaculaire et redevient leader de Ligue 2<\/a>&nbsp;&nbsp;L&rsquo;\u00c9quipe<\/li>\n<li><a href=\"https:\/\/news.google.com\/rss\/articles\/CBMilAFBVV95cUxNQzhMdnpwdGpBRGo4Z2ZFcFJIby1qZEt6N1h3MU5EdjdDRkhGUEdubkE1c3VDUlpObkRtcDM4U0lacktBLVFMRWhyaThHRDdvNkFsS0tlUWEwdlFadmlHcDJCMkFZWnFzOW9nSnFoNlBZX05razBMeXY2X2RNaWdjZ1NTejRSVE9tT0pDczNIdk9OQU54?oc=5\" target=\"_blank\" rel=\"noopener\">Maxime Bernauer :\u00a0\u00bbContinuer la s\u00e9rie d&rsquo;invincibilit\u00e9\u00a0\u00bb<\/a>&nbsp;&nbsp;ASSE<\/li>\n<li><a href=\"https:\/\/news.google.com\/rss\/articles\/CBMixAFBVV95cUxPdXhKZ2VxYnRfdlAzejhOMFRNZk1JY09MbWlwVUlBZGNEMHBiYXNsZ09tUERFU294bFU3REVUYWRyb2NNb1M1dEV6Wm9xZ21wUjFoTnZ4REhWSWlzMXd3aTJFYURtTG5MdVJEZU9RUDF0UXMyWUhkS1RJb3ZXbFJnel96ZUNGX0R5aFhYckZ5SUZ2QmdnU0pDaGtrLUFWY1VLZVNXRWVORThhLWVsN0pKN3lleEtwaGdvek53ZkNfWUhYd2Vq0gHDAUFVX3lxTE9WMERTMXlsbEVNSUs1YkMxTElWY1IwSXBZNF9GT3d0cWVGTXRWUVNBMDdPRUVfc3BEaFlDX1BocW1HaWJzbGduZkZBZlMtNmJyX1JfS2EwbzVDbm1pdFFRWEV4UkhjNVl6WWlURnQ3VmhXMXo1clQ2YVpIV1o4bUh4S1QxYWUzU0J5OUM0Y1dXa2Z2c2Voa0hFbDZ6ZHhKZWpvNW5XdlVYNm1xMTF6R0tldUVORzBjX3JxX3B6MGdTV1dnSQ?oc=5\" target=\"_blank\" rel=\"noopener\">ASSE : Horneland et les 20 minutes \u00ab horribles \u00bb<\/a>&nbsp;&nbsp;Orange Actualit\u00e9s | Sports<\/li>\n<li><a href=\"https:\/\/news.google.com\/rss\/articles\/CBMiiwFBVV95cUxQeHNtSE9ha3J2YUxYSjg2S2F1eGxNR0ZWSmFqTk5mTjc3QkhPcUdkOTBOdnYxR3ZvcTJiWmFmdHNaM09TWEg0OGRLOGRFMll5VS1MLV9zWUx5ZVlBOTh6ZU5OeWFyQ0JUTnpSenZGZ1RFeUhtN0tZc1BQWnlMN1lHVEtzRm5scVB5NXlB?oc=5\" target=\"_blank\" rel=\"noopener\">En images. Port\u00e9e par le Chaudron, l&rsquo;ASSE frappe fort face \u00e0 Reims<\/a>&nbsp;&nbsp;Le Progr\u00e8s<\/li>\n<\/ol>\n","protected":false},"excerpt":{"rendered":"Football &#8211; Ligue 2. ASSE : Stassin brille, Lamba f\u00e9brile&#8230; Les notes de la victoire face \u00e0 Reims&nbsp;&nbsp;Le&hellip;\n","protected":false},"author":2,"featured_media":407061,"comment_status":"","ping_status":"","sticky":false,"template":"","format":"standard","meta":{"footnotes":""},"categories":[2],"tags":[11,9443,1701,63,1011,27,12636,3367,12,517,1947],"class_list":{"0":"post-407060","1":"post","2":"type-post","3":"status-publish","4":"format-standard","5":"has-post-thumbnail","7":"category-actualites","8":"tag-actualites","9":"tag-asse-as-saint-etienne","10":"tag-fil-info-sport","11":"tag-football","12":"tag-fr","13":"tag-france","14":"tag-ligue-2-football","15":"tag-loire","16":"tag-news","17":"tag-sport","18":"tag-sport-national"},"share_on_mastodon":{"url":"https:\/\/pubeurope.com\/@fr\/115242062458101592","error":""},"_links":{"self":[{"href":"https:\/\/www.europesays.com\/fr\/wp-json\/wp\/v2\/posts\/407060","targetHints":{"allow":["GET"]}}],"collection":[{"href":"https:\/\/www.europesays.com\/fr\/wp-json\/wp\/v2\/posts"}],"about":[{"href":"https:\/\/www.europesays.com\/fr\/wp-json\/wp\/v2\/types\/post"}],"author":[{"embeddable":true,"href":"https:\/\/www.europesays.com\/fr\/wp-json\/wp\/v2\/users\/2"}],"replies":[{"embeddable":true,"href":"https:\/\/www.europesays.com\/fr\/wp-json\/wp\/v2\/comments?post=407060"}],"version-history":[{"count":0,"href":"https:\/\/www.europesays.com\/fr\/wp-json\/wp\/v2\/posts\/407060\/revisions"}],"wp:featuredmedia":[{"embeddable":true,"href":"https:\/\/www.europesays.com\/fr\/wp-json\/wp\/v2\/media\/407061"}],"wp:attachment":[{"href":"https:\/\/www.europesays.com\/fr\/wp-json\/wp\/v2\/media?parent=407060"}],"wp:term":[{"taxonomy":"category","embeddable":true,"href":"https:\/\/www.europesays.com\/fr\/wp-json\/wp\/v2\/categories?post=407060"},{"taxonomy":"post_tag","embeddable":true,"href":"https:\/\/www.europesays.com\/fr\/wp-json\/wp\/v2\/tags?post=407060"}],"curies":[{"name":"wp","href":"https:\/\/api.w.org\/{rel}","templated":true}]}}