{"id":407082,"date":"2025-09-21T11:43:11","date_gmt":"2025-09-21T11:43:11","guid":{"rendered":"https:\/\/www.europesays.com\/fr\/407082\/"},"modified":"2025-09-21T11:43:11","modified_gmt":"2025-09-21T11:43:11","slug":"un-adolescent-de-14-ans-mis-en-examen-apres-un-viol-a-rennes","status":"publish","type":"post","link":"https:\/\/www.europesays.com\/fr\/407082\/","title":{"rendered":"Un adolescent de 14 ans mis en examen apr\u00e8s un viol \u00e0 Rennes"},"content":{"rendered":"<p>Vendredi 18 septembre, les enqu\u00eateurs ont interpell\u00e9 et plac\u00e9 en garde \u00e0 vue un mineur \u00e2g\u00e9 de 14 ans pour des faits de viols \u00e0 Rennes. Le drame s\u2019est d\u00e9roul\u00e9 dans la nuit du samedi 13 septembre. \u00ab Le commissariat de police a \u00e9t\u00e9 requis pour une jeune femme d\u00e9non\u00e7ant des faits de viol sous la menace d\u2019une arme de poing alors qu\u2019elle rentrait chez elle \u00e0 pied apr\u00e8s avoir pass\u00e9 la soir\u00e9e dans Rennes \u00bb, a relat\u00e9 le procureur de la R\u00e9publique.<\/p>\n<p>Lors de son audition, la victime a expliqu\u00e9 \u00e9galement que le suspect \u00ab avait exig\u00e9 d\u2019elle qu\u2019elle lui remette son argent avant de la laisser partir \u00bb. \ufeff<\/p>\n<p>Interpell\u00e9 gr\u00e2ce \u00e0 l\u2019ADN<\/p>\n<p>Les enqu\u00eateurs et la DCT de Rennes, qui ont men\u00e9 les investigations, ont pu identifier l\u2019ADN d\u2019un adolescent \u00e2g\u00e9 de 14 ans. Ce dernier a \u00e9t\u00e9 interpell\u00e9 par la suite. Une perquisition r\u00e9alis\u00e9e \u00e0 son domicile a permis la \u00ab d\u00e9couverte de plusieurs armes \u00e0 feu et leurs munitions, ainsi que les v\u00eatements port\u00e9s par le mis en cause lors des faits \u00bb, a poursuivi le procureur.<\/p>\n<p>Lors de sa garde \u00e0 vue, l\u2019adolescent a ni\u00e9 les faits dans un premier temps, avant de les reconna\u00eetre au cours de sa derni\u00e8re audition. Il a \u00e9t\u00e9 pr\u00e9sent\u00e9 samedi, le 20 septembre, devant un juge d\u2019instruction. \u00ab Il a \u00e9t\u00e9 mis en examen pour viol commis sous la menace d\u2019une arme, extorsion commise avec une arme et d\u00e9tention d\u2019arme et munitions \u00bb, a pr\u00e9cis\u00e9 le procureur. Il a \u00e9t\u00e9 ensuite plac\u00e9 en d\u00e9tention provisoire par le juge des libert\u00e9s et de la d\u00e9tention, \u00e0 la demande du parquet.<\/p>\n","protected":false},"excerpt":{"rendered":"Vendredi 18 septembre, les enqu\u00eateurs ont interpell\u00e9 et plac\u00e9 en garde \u00e0 vue un mineur \u00e2g\u00e9 de 14&hellip;\n","protected":false},"author":2,"featured_media":407083,"comment_status":"","ping_status":"","sticky":false,"template":"","format":"standard","meta":{"footnotes":""},"categories":[2821],"tags":[1111,11,829,765,1777,674,118,3383,1011,27,848,12,584,25],"class_list":{"0":"post-407082","1":"post","2":"type-post","3":"status-publish","4":"format-standard","5":"has-post-thumbnail","7":"category-rennes","8":"tag-actu","9":"tag-actualites","10":"tag-bretagne","11":"tag-en-continu","12":"tag-eu","13":"tag-europe","14":"tag-faits-divers","15":"tag-faits-divers-a-rennes","16":"tag-fr","17":"tag-france","18":"tag-ille-et-vilaine","19":"tag-news","20":"tag-rennes","21":"tag-republique-francaise"},"share_on_mastodon":{"url":"https:\/\/pubeurope.com\/@fr\/115242114355718521","error":""},"_links":{"self":[{"href":"https:\/\/www.europesays.com\/fr\/wp-json\/wp\/v2\/posts\/407082","targetHints":{"allow":["GET"]}}],"collection":[{"href":"https:\/\/www.europesays.com\/fr\/wp-json\/wp\/v2\/posts"}],"about":[{"href":"https:\/\/www.europesays.com\/fr\/wp-json\/wp\/v2\/types\/post"}],"author":[{"embeddable":true,"href":"https:\/\/www.europesays.com\/fr\/wp-json\/wp\/v2\/users\/2"}],"replies":[{"embeddable":true,"href":"https:\/\/www.europesays.com\/fr\/wp-json\/wp\/v2\/comments?post=407082"}],"version-history":[{"count":0,"href":"https:\/\/www.europesays.com\/fr\/wp-json\/wp\/v2\/posts\/407082\/revisions"}],"wp:featuredmedia":[{"embeddable":true,"href":"https:\/\/www.europesays.com\/fr\/wp-json\/wp\/v2\/media\/407083"}],"wp:attachment":[{"href":"https:\/\/www.europesays.com\/fr\/wp-json\/wp\/v2\/media?parent=407082"}],"wp:term":[{"taxonomy":"category","embeddable":true,"href":"https:\/\/www.europesays.com\/fr\/wp-json\/wp\/v2\/categories?post=407082"},{"taxonomy":"post_tag","embeddable":true,"href":"https:\/\/www.europesays.com\/fr\/wp-json\/wp\/v2\/tags?post=407082"}],"curies":[{"name":"wp","href":"https:\/\/api.w.org\/{rel}","templated":true}]}}