{"id":407084,"date":"2025-09-21T11:44:10","date_gmt":"2025-09-21T11:44:10","guid":{"rendered":"https:\/\/www.europesays.com\/fr\/407084\/"},"modified":"2025-09-21T11:44:10","modified_gmt":"2025-09-21T11:44:10","slug":"ces-aides-pour-payer-linscription-a-une-activite-sportive-sport","status":"publish","type":"post","link":"https:\/\/www.europesays.com\/fr\/407084\/","title":{"rendered":"Ces aides pour payer l\u2019inscription \u00e0 une activit\u00e9 sportive . Sport"},"content":{"rendered":"<p>D\u2019apr\u00e8s le minist\u00e8re des sports, \u00e0 14\u00a0ans, pr\u00e8s d\u2019un coll\u00e9gien sur cinq n\u2019a pas d\u2019activit\u00e9 sportive r\u00e9guli\u00e8re. La raison\u00a0? Un co\u00fbt consid\u00e9r\u00e9 par beaucoup de famille comme prohibitif. \u00c0 titre d\u2019exemple, le co\u00fbt d\u2019une adh\u00e9sion \u00e0 un club de foot (avec licence) approche les 150\u00a0\u20ac pour un jeune de 14\u00a0ans. M\u00eame chose pour le tennis puisque la f\u00e9d\u00e9ration, la ligue r\u00e9gionale puis le club pr\u00e9l\u00e8vent chacun leur part. Sans parler de l\u2019\u00e9quipement, des frais de transport\u2026<\/p>\n<p>70\u00a0\u20ac de r\u00e9duction sur l\u2019inscription<\/p>\n<p>Lanc\u00e9 en 2021, <a href=\"https:\/\/rennes.maville.com\/sport\/detail_-pass-sport-2025-comment-recevoir-cette-aide-de-70-e-en-cette-rentree-_54135-6960517_actu.Htm\" target=\"_self\" rel=\"noopener\">le Pass\u2019Sport est un incontournable<\/a>. Concr\u00e8tement, il s\u2019agit d\u2019une aide financi\u00e8re de 70\u00a0\u20ac qui permet, sous crit\u00e8res, aux jeunes (du moins leurs familles) de pouvoir financer tout ou partie de leur inscription sportive. Et \u00e7a marche\u00a0! Depuis, sa cr\u00e9ation, ce dispositif a permis \u00e0 plus de 3, 5\u00a0millions de jeunes, de 14 \u00e0 28\u00a0ans, de pouvoir s\u2019inscrire dans l\u2019un des 85\u00a0000\u00a0clubs et salle de sport partenaires. Pour pouvoir b\u00e9n\u00e9ficier de cette aide, il faut \u00eatre soit \u00e2g\u00e9 de 14 \u00e0 17\u00a0ans et <a href=\"https:\/\/rennes.maville.com\/actu\/actudet_-montants-conditions-calendrier-tout-savoir-sur-l-allocation-de-rentree-scolaire-2025-_54135-6874453_actu.Htm\" target=\"_self\" rel=\"noopener\">percevoir l\u2019ARS (Allocation de rentr\u00e9e scolaire)<\/a> ou des bourses. Les jeunes en situation de handicap sont \u00e9galement \u00e9ligibles \u00e0 ce dispositif. Un site Internet d\u00e9di\u00e9 est consultable \u00e0 l\u2019adresse suivante www.pass.sports.gouv.fr<\/p>\n<p>Des coups de pouce locaux et cumulables<\/p>\n<p>Outre le Pass\u2019Sport, d\u2019autres dispositifs existent au niveau local. Dans toute la France, des collectivit\u00e9s mettent ainsi la main \u00e0 la poche afin d\u2019encourager les plus jeunes \u00e0 pratiquer r\u00e9guli\u00e8rement une activit\u00e9 physique.<\/p>\n<p>Ce fut notamment le cas du d\u00e9partement de l\u2019Ille-et-Vilaine jusqu\u2019en 2024 avec le Coupon Sports (20 ou 40\u00a0\u20ac) qui permettait d\u2019aider les familles b\u00e9n\u00e9ficiaires de l\u2019ARS \u00e0 payer les co\u00fbts d\u2019adh\u00e9sion \u00e0 une association sportive.\u00a0La ville de Paris, elle, propose R\u00e9duc\u2019Sport soit un bon de 50\u00a0\u20ac pour les jeunes de 6 \u00e0 17\u00a0ans cumulable avec le Pass\u2019Sport.<\/p>\n<p>A noter enfin que la Caf ou la MSA peuvent \u00e9galement accorder des aides aux loisirs pour les enfants (aide au temps libre, bons loisirs, forfaits loisirs jeunes\u2026 De m\u00eame que certains comit\u00e9s d\u2019entreprises (remboursements partiels) ou CCAS (Centre Communal d\u2019Action Sociale).<\/p>\n<p>\u00a0<\/p>\n<p>\u00a0<\/p>\n<p>\u00a0<\/p>\n<p>\u00a0<\/p>\n<p>\u00a0<\/p>\n","protected":false},"excerpt":{"rendered":"D\u2019apr\u00e8s le minist\u00e8re des sports, \u00e0 14\u00a0ans, pr\u00e8s d\u2019un coll\u00e9gien sur cinq n\u2019a pas d\u2019activit\u00e9 sportive r\u00e9guli\u00e8re. La&hellip;\n","protected":false},"author":2,"featured_media":407085,"comment_status":"","ping_status":"","sticky":false,"template":"","format":"standard","meta":{"footnotes":""},"categories":[2821],"tags":[1111,11,3809,1465,829,1777,674,63,1011,27,1792,1922,12,584,25,479,517,1470],"class_list":{"0":"post-407084","1":"post","2":"type-post","3":"status-publish","4":"format-standard","5":"has-post-thumbnail","7":"category-rennes","8":"tag-actu","9":"tag-actualites","10":"tag-ball","11":"tag-basket","12":"tag-bretagne","13":"tag-eu","14":"tag-europe","15":"tag-football","16":"tag-fr","17":"tag-france","18":"tag-handball","19":"tag-info","20":"tag-news","21":"tag-rennes","22":"tag-republique-francaise","23":"tag-rugby","24":"tag-sport","25":"tag-volley"},"share_on_mastodon":{"url":"https:\/\/pubeurope.com\/@fr\/115242117775359632","error":""},"_links":{"self":[{"href":"https:\/\/www.europesays.com\/fr\/wp-json\/wp\/v2\/posts\/407084","targetHints":{"allow":["GET"]}}],"collection":[{"href":"https:\/\/www.europesays.com\/fr\/wp-json\/wp\/v2\/posts"}],"about":[{"href":"https:\/\/www.europesays.com\/fr\/wp-json\/wp\/v2\/types\/post"}],"author":[{"embeddable":true,"href":"https:\/\/www.europesays.com\/fr\/wp-json\/wp\/v2\/users\/2"}],"replies":[{"embeddable":true,"href":"https:\/\/www.europesays.com\/fr\/wp-json\/wp\/v2\/comments?post=407084"}],"version-history":[{"count":0,"href":"https:\/\/www.europesays.com\/fr\/wp-json\/wp\/v2\/posts\/407084\/revisions"}],"wp:featuredmedia":[{"embeddable":true,"href":"https:\/\/www.europesays.com\/fr\/wp-json\/wp\/v2\/media\/407085"}],"wp:attachment":[{"href":"https:\/\/www.europesays.com\/fr\/wp-json\/wp\/v2\/media?parent=407084"}],"wp:term":[{"taxonomy":"category","embeddable":true,"href":"https:\/\/www.europesays.com\/fr\/wp-json\/wp\/v2\/categories?post=407084"},{"taxonomy":"post_tag","embeddable":true,"href":"https:\/\/www.europesays.com\/fr\/wp-json\/wp\/v2\/tags?post=407084"}],"curies":[{"name":"wp","href":"https:\/\/api.w.org\/{rel}","templated":true}]}}