{"id":407086,"date":"2025-09-21T11:45:14","date_gmt":"2025-09-21T11:45:14","guid":{"rendered":"https:\/\/www.europesays.com\/fr\/407086\/"},"modified":"2025-09-21T11:45:14","modified_gmt":"2025-09-21T11:45:14","slug":"collectivite-europeenne-dalsace-nouveau-reglement-des-transports-adaptes-la-polemique-continue-2","status":"publish","type":"post","link":"https:\/\/www.europesays.com\/fr\/407086\/","title":{"rendered":"Collectivit\u00e9 europ\u00e9enne d\u2019Alsace. Nouveau r\u00e8glement des transports adapt\u00e9s : la pol\u00e9mique continue"},"content":{"rendered":"<p>Le 1er\u00a0septembre dernier, plusieurs dizaines de personnes se retrouvaient au pied du si\u00e8ge de la Collectivit\u00e9 europ\u00e9enne d\u2019Alsace (CEA), place du Quartier-Blanc \u00e0 Strasbourg, le temps d\u2019un \u00ab\u00a0petit-d\u00e9jeuner citoyen\u00a0\u00bb organis\u00e9 dans l\u2019urgence. Motif\u00a0: le grand chambardement caus\u00e9 par une d\u00e9lib\u00e9ration prise le 14\u00a0mars dernier dans<a href=\"https:\/\/www.dna.fr\/collectivite-europeenne-d-alsace\/2025\/09\/01\/transports-d-enfants-handicapes-en-alsace-tolle-contre-un-courrier-fourbe\" target=\"_blank\" rel=\"noopener\"> l\u2019organisation des transports des enfants handicap\u00e9s, de leurs domiciles respectifs \u00e0 leurs lieux de scolarisation<\/a>\u00a0: dans la plupart des cas, l\u2019id\u00e9e est d\u00e9sormais que les foyers concern\u00e9s effectuent eux-m\u00eames ces trajets, pour ensuite \u00eatre rembours\u00e9s \u00e0 hauteur de 55 centimes du kilom\u00e8tre \u2013 loin, bien loin des prises en charge par taxis ou transporteurs sp\u00e9cialis\u00e9s auxquelles ces familles \u00e9taient habitu\u00e9es.<\/p>\n<p>Stupeur et douche froide chez la plupart des int\u00e9ress\u00e9s. \u00ab\u00a0Tous les ans, c\u2019est la gal\u00e8re, mais au moins jusqu\u2019ici mes enfants avaient un taxi, confiait par exemple une maman crois\u00e9e lors du petit-d\u00e9jeuner du 1er\u00a0septembre. Je vais faire comment d\u00e9sormais, sachant que je commence \u00e0 travailler \u00e0 5\u00a0h du matin en supermarch\u00e9\u00a0?\u00a0\u00bb<\/p>\n<p>  \u00ab\u00a0Les faits sont t\u00eatus\u00a0\u00bb<\/p>\n<p>Trois semaines plus tard, les recours se multiplient et le sujet reste br\u00fblant pour de nombreuses familles \u00e0 travers toute l\u2019Alsace. Les \u00e9lus d\u2019opposition de la CEA, quant \u00e0 eux, d\u00e9noncent un manque d\u2019humanit\u00e9, ainsi qu\u2019une baisse de qualit\u00e9 du service rendu, voire une suppression pure et simple de celui-ci (cf. les \u00ab\u00a0chuchotements\u00a0\u00bb du 14\u00a0septembre) &#8211; une charge injustifi\u00e9e aux yeux de Karine Pagliarulo, qui commence par noter que la d\u00e9lib\u00e9ration du 14\u00a0mars dernier a \u00e9t\u00e9 prise \u00e0 l\u2019unanimit\u00e9. \u00ab\u00a0Parler de suppression revient \u00e0 travestir la r\u00e9alit\u00e9, poursuit la vice-pr\u00e9sidente de la CEA. Le transport adapt\u00e9 continue d\u2019\u00eatre assur\u00e9 chaque fois qu\u2019il est n\u00e9cessaire au sein d\u2019une organisation plus \u00e9quitable et mieux cibl\u00e9e. Chaque fois que le handicap rend impossible un autre transport, la CEA finance un transport sp\u00e9cialis\u00e9, qu\u2019il soit collectif ou individuel. Par ailleurs, chaque famille qui en fait la demande b\u00e9n\u00e9ficie d\u2019un examen individualis\u00e9 de sa situation\u00a0\u00bb.<\/p>\n<p>En 2025, ajoute-t-elle encore, la CEA aura consacr\u00e9 310,3\u00a0millions d\u2019euros \u00e0 l\u2019accompagnement des personnes en situation de handicap, \u00ab\u00a0ce qui constitue le deuxi\u00e8me budget de fonctionnement de la collectivit\u00e9, imm\u00e9diatement apr\u00e8s la protection de l\u2019enfance\u00a0\u00bb. Karine Pagliarulo a beau dire, ses arguments ne convainquent toujours pas ses opposants. \u00ab\u00a0Voter contre \u00e9tait un non-sens compte tenu des besoins des enfants en situation de handicap mais \u00e0 la lumi\u00e8re des effets de la d\u00e9lib\u00e9ration et de la suppression concr\u00e8te &#8211; sauf exceptions individuelles &#8211; du transport collectif, nous aurions d\u00fb nous abstenir bien \u00e9videmment\u00a0\u00bb, commente ainsi Fleur Laronze, tandis que sa coll\u00e8gue Ludivine Quintallet critique \u00ab\u00a0un courrier qui vise \u00e0 endormir\u00a0\u00bb. \u00ab\u00a0Les faits sont t\u00eatus, ajoute-t-elle. En cette rentr\u00e9e, plusieurs centaines d\u2019enfants qui \u00e9taient pr\u00e9c\u00e9demment transport\u00e9s par la CEA, ne le sont depuis le 1er\u00a0septembre.\u00a0\u00bb Le litige, comme on le voit, est loin d\u2019\u00eatre clos.<\/p>\n<p>Pour les prochaines municipales strasbourgeoises, le centriste <a href=\"https:\/\/www.dna.fr\/elections\/2025\/09\/20\/nicolas-matt-(renaissance)-se-range-derriere-jean-philippe-vetter-(lr)-a-strasbourg\" target=\"_blank\" rel=\"noopener\">Nicolas Matt (Renaissance) a d\u00e9cid\u00e9 de rallier Jean-Philippe Vetter (LR)<\/a> plut\u00f4t que Pierre Jakubowicz (Horizons) avec qui il si\u00e8ge pourtant au conseil municipal.<\/p>\n<p>Un nouveau coup dur pour ce dernier, donn\u00e9 \u00e0 6 % <a href=\"https:\/\/www.lalsace.fr\/elections\/2025\/09\/12\/strasbourg-selon-un-sondage-ifop-trautmann-et-vetter-au-coude-a-coude-devant-barseghian\" target=\"_blank\" rel=\"noopener\">dans un sondage<\/a> et pour Renaissance dont les dirigeants sont furieux. Si Matt nourrit sans doute quelque ressentiment \u00e0 l\u2019encontre de Renaissance qui lui a refus\u00e9 l\u2019investiture aux l\u00e9gislatives, certains voient aussi dans ce ralliement surprise l\u2019influence de Fr\u00e9d\u00e9ric Bierry qui a d\u2019ailleurs d\u00e9gain\u00e9 plus vite que son ombre un communiqu\u00e9 de f\u00e9licitations. Vetter et Matt si\u00e8gent en effet dans sa majorit\u00e9 \u00e0 la Collectivit\u00e9 europ\u00e9enne d\u2019Alsace.<\/p>\n<p>Mais ce n\u2019est peut-\u00eatre pas la seule raison. Fr\u00e9d\u00e9ric Bierry conna\u00eet un peu Jakubowicz, qui fut conseiller de l\u2019ancienne pr\u00e9sidente du Haut-Rhin. Il l\u2019avait mut\u00e9 aux archives peu apr\u00e8s son \u00e9lection \u00e0 la t\u00eate de la CEA en 2021.<\/p>\n","protected":false},"excerpt":{"rendered":"Le 1er\u00a0septembre dernier, plusieurs dizaines de personnes se retrouvaient au pied du si\u00e8ge de la Collectivit\u00e9 europ\u00e9enne d\u2019Alsace&hellip;\n","protected":false},"author":2,"featured_media":406380,"comment_status":"","ping_status":"","sticky":false,"template":"","format":"standard","meta":{"footnotes":""},"categories":[2820],"tags":[1111,11,2389,15107,1777,674,107,1011,27,775,1943,12,316,25,104,640,1631],"class_list":{"0":"post-407086","1":"post","2":"type-post","3":"status-publish","4":"format-standard","5":"has-post-thumbnail","7":"category-strasbourg","8":"tag-actu","9":"tag-actualites","10":"tag-alsace","11":"tag-chuchotements","12":"tag-eu","13":"tag-europe","14":"tag-fil-info","15":"tag-fr","16":"tag-france","17":"tag-grand-est","18":"tag-handicap","19":"tag-news","20":"tag-politique","21":"tag-republique-francaise","22":"tag-societe","23":"tag-strasbourg","24":"tag-vie-associative"},"share_on_mastodon":{"url":"https:\/\/pubeurope.com\/@fr\/115242121564472927","error":""},"_links":{"self":[{"href":"https:\/\/www.europesays.com\/fr\/wp-json\/wp\/v2\/posts\/407086","targetHints":{"allow":["GET"]}}],"collection":[{"href":"https:\/\/www.europesays.com\/fr\/wp-json\/wp\/v2\/posts"}],"about":[{"href":"https:\/\/www.europesays.com\/fr\/wp-json\/wp\/v2\/types\/post"}],"author":[{"embeddable":true,"href":"https:\/\/www.europesays.com\/fr\/wp-json\/wp\/v2\/users\/2"}],"replies":[{"embeddable":true,"href":"https:\/\/www.europesays.com\/fr\/wp-json\/wp\/v2\/comments?post=407086"}],"version-history":[{"count":0,"href":"https:\/\/www.europesays.com\/fr\/wp-json\/wp\/v2\/posts\/407086\/revisions"}],"wp:featuredmedia":[{"embeddable":true,"href":"https:\/\/www.europesays.com\/fr\/wp-json\/wp\/v2\/media\/406380"}],"wp:attachment":[{"href":"https:\/\/www.europesays.com\/fr\/wp-json\/wp\/v2\/media?parent=407086"}],"wp:term":[{"taxonomy":"category","embeddable":true,"href":"https:\/\/www.europesays.com\/fr\/wp-json\/wp\/v2\/categories?post=407086"},{"taxonomy":"post_tag","embeddable":true,"href":"https:\/\/www.europesays.com\/fr\/wp-json\/wp\/v2\/tags?post=407086"}],"curies":[{"name":"wp","href":"https:\/\/api.w.org\/{rel}","templated":true}]}}