{"id":407087,"date":"2025-09-21T11:46:42","date_gmt":"2025-09-21T11:46:42","guid":{"rendered":"https:\/\/www.europesays.com\/fr\/407087\/"},"modified":"2025-09-21T11:46:42","modified_gmt":"2025-09-21T11:46:42","slug":"un-mort-et-huit-blesses-dans-lincendie-dun-immeuble","status":"publish","type":"post","link":"https:\/\/www.europesays.com\/fr\/407087\/","title":{"rendered":"un mort et huit bless\u00e9s dans l&rsquo;incendie d&rsquo;un immeuble"},"content":{"rendered":"<p class=\"rev-margin-0 rev-text-xs-normal\">Des policiers, le 21 septembre 2025 \u00e0 Strasbourg, devant l&rsquo;immeuble o\u00f9 est mort un homme dans un incendie<\/p>\n<p class=\"rev-margin-0 rev-text-xs-bold\">PHOTO AFP \/ FREDERICK FLORIN<\/p>\n<p>\u00ab\u00a0Notre ville est aujourd&rsquo;hui endeuill\u00e9e\u00a0\u00bb, a \u00e9crit dimanche matin sur Facebook la maire \u00e9cologiste de Strasbourg, Jeanne Barseghian, qui a exprim\u00e9 sa \u00ab\u00a0profonde solidarit\u00e9\u00a0\u00bb \u00e0 la famille et aux proches de la victime. <\/p>\n<p>L&rsquo;\u00e9dile a aussi salu\u00e9 \u00ab\u00a0l&rsquo;\u00e9lan de solidarit\u00e9 des habitants (du quartier) de Koenigshoffen qui, dans l&rsquo;urgence, ont apport\u00e9 aide et r\u00e9confort aux victimes en d\u00e9tresse\u00a0\u00bb.<\/p>\n<p>Les pompiers ont retrouv\u00e9 le corps de la victime d\u00e9c\u00e9d\u00e9e au 2e \u00e9tage de l&rsquo;immeuble. Son chien est \u00e9galement mort.<\/p>\n<p>Selon le quotidien r\u00e9gional les Derni\u00e8res Nouvelles d&rsquo;Alsace (DNA), il s&rsquo;agit d&rsquo;un homme d&rsquo;une cinquantaine d&rsquo;ann\u00e9es, en fauteuil roulant.<\/p>\n<p>Au total 59 sapeurs-pompiers, \u00e9quip\u00e9s d&rsquo;une trentaine d&rsquo;engins, ont \u00e9t\u00e9 engag\u00e9s sur ce sinistre, qui s&rsquo;est d\u00e9clar\u00e9 vers 18h40 samedi.<\/p>\n<p>Confront\u00e9s \u00e0 \u00ab\u00a0un embrasement g\u00e9n\u00e9ralis\u00e9 du b\u00e2timent\u00a0\u00bb, ils ont d\u00fb proc\u00e9der au sauvetage d&rsquo;une personne qui s&rsquo;\u00e9tait r\u00e9fugi\u00e9e sur le toit, a pr\u00e9cis\u00e9 sur place le lieutenant-colonel Pierre-Jean Cheze, officier de permanence des sapeurs-pompiers du Bas-Rhin, selon des propos retransmis sur LCI.<\/p>\n<p>Selon les DNA, la piste criminelle est privil\u00e9gi\u00e9e.<\/p>\n<p>Sollicit\u00e9 par l&rsquo;AFP, le parquet de Strasbourg n&rsquo;a pas r\u00e9pondu dans l&rsquo;imm\u00e9diat.<\/p>\n","protected":false},"excerpt":{"rendered":"Des policiers, le 21 septembre 2025 \u00e0 Strasbourg, devant l&rsquo;immeuble o\u00f9 est mort un homme dans un incendie&hellip;\n","protected":false},"author":2,"featured_media":407088,"comment_status":"","ping_status":"","sticky":false,"template":"","format":"standard","meta":{"footnotes":""},"categories":[2820],"tags":[17,1111,11,4901,2837,1446,1777,674,1011,27,329,775,38095,5022,18,12,25,640],"class_list":{"0":"post-407087","1":"post","2":"type-post","3":"status-publish","4":"format-standard","5":"has-post-thumbnail","7":"category-strasbourg","8":"tag-17","9":"tag-actu","10":"tag-actualites","11":"tag-blesses","12":"tag-dun","13":"tag-dans","14":"tag-eu","15":"tag-europe","16":"tag-fr","17":"tag-france","18":"tag-france-monde","19":"tag-grand-est","20":"tag-huit","21":"tag-lincendie","22":"tag-mort","23":"tag-news","24":"tag-republique-francaise","25":"tag-strasbourg"},"share_on_mastodon":{"url":"https:\/\/pubeurope.com\/@fr\/115242125490399238","error":""},"_links":{"self":[{"href":"https:\/\/www.europesays.com\/fr\/wp-json\/wp\/v2\/posts\/407087","targetHints":{"allow":["GET"]}}],"collection":[{"href":"https:\/\/www.europesays.com\/fr\/wp-json\/wp\/v2\/posts"}],"about":[{"href":"https:\/\/www.europesays.com\/fr\/wp-json\/wp\/v2\/types\/post"}],"author":[{"embeddable":true,"href":"https:\/\/www.europesays.com\/fr\/wp-json\/wp\/v2\/users\/2"}],"replies":[{"embeddable":true,"href":"https:\/\/www.europesays.com\/fr\/wp-json\/wp\/v2\/comments?post=407087"}],"version-history":[{"count":0,"href":"https:\/\/www.europesays.com\/fr\/wp-json\/wp\/v2\/posts\/407087\/revisions"}],"wp:featuredmedia":[{"embeddable":true,"href":"https:\/\/www.europesays.com\/fr\/wp-json\/wp\/v2\/media\/407088"}],"wp:attachment":[{"href":"https:\/\/www.europesays.com\/fr\/wp-json\/wp\/v2\/media?parent=407087"}],"wp:term":[{"taxonomy":"category","embeddable":true,"href":"https:\/\/www.europesays.com\/fr\/wp-json\/wp\/v2\/categories?post=407087"},{"taxonomy":"post_tag","embeddable":true,"href":"https:\/\/www.europesays.com\/fr\/wp-json\/wp\/v2\/tags?post=407087"}],"curies":[{"name":"wp","href":"https:\/\/api.w.org\/{rel}","templated":true}]}}