{"id":407106,"date":"2025-09-21T11:59:11","date_gmt":"2025-09-21T11:59:11","guid":{"rendered":"https:\/\/www.europesays.com\/fr\/407106\/"},"modified":"2025-09-21T11:59:11","modified_gmt":"2025-09-21T11:59:11","slug":"la-mosquee-des-bleuets-de-nouveau-menacee-de-fermeture-2","status":"publish","type":"post","link":"https:\/\/www.europesays.com\/fr\/407106\/","title":{"rendered":"la mosqu\u00e9e des Bleuets de nouveau menac\u00e9e de fermeture"},"content":{"rendered":"<p>La mosqu\u00e9e des Bleuets de Marseille est de nouveau menac\u00e9e de fermeture par les autorit\u00e9s qui estiment que l&rsquo;imam qui y officie \u00ab reste ancr\u00e9 dans des th\u00e9ories radicales \u00bb, son avocat d\u00e9non\u00e7ant dimanche un \u00ab acharnement \u00bb. Il y a pile un an, la pr\u00e9fecture de police des Bouches-du-Rh\u00f4ne <a href=\"https:\/\/www.ledauphine.com\/faits-divers-justice\/2024\/09\/10\/mosquee-des-bleuets-la-procedure-de-fermeture-suspendue\" target=\"_blank\" rel=\"nofollow noopener\">mena\u00e7ait de fermer cette mosqu\u00e9e des quartiers Nord<\/a> et le retrait de l&rsquo;imam, qui avait promis notamment de passer un dipl\u00f4me sur la la\u00efcit\u00e9, lui avait finalement permis de rester ouverte.<\/p>\n<p>Condamnation pour apologie du terrorisme<\/p>\n<p>Entre temps, l&rsquo;imam Ismail, Sma\u00efn Bendjilali de son vrai nom, a bien valid\u00e9 son dipl\u00f4me universitaire et a repris ses fonctions au sein de la mosqu\u00e9e\u00a0en juin, juste apr\u00e8s <a href=\"https:\/\/www.ledauphine.com\/faits-divers-justice\/2025\/05\/30\/un-imam-marseillais-condamne-pour-apologie-du-terrorisme\" target=\"_blank\" rel=\"nofollow noopener\">une condamnation pour apologie du terrorisme<\/a>, proc\u00e9dure dans laquelle un appel est en cours. Cet imam, populaire dans les quartiers Nord, est \u00ab de sensibilit\u00e9 plut\u00f4t salafiste mais usant des codes du fr\u00e9risme \u00bb et \u00ab jouit d&rsquo;une grande popularit\u00e9 aupr\u00e8s des jeunes musulmans en raison notamment de sa ma\u00eetrise des r\u00e9seaux sociaux \u00bb, selon un r\u00e9cent rapport sur les Fr\u00e8res musulmans.<\/p>\n<p>Il avait \u00e9t\u00e9 condamn\u00e9 par le tribunal correctionnel de Marseille \u00e0 six mois de prison avec sursis pour avoir retweet\u00e9 un post sur X en lien avec l&rsquo;attaque du 7 octobre 2023 en Isra\u00ebl.\u00a0Il ne l&rsquo;avait en revanche pas condamn\u00e9 \u00e0 une interdiction d\u00e9finitive d&rsquo;exercer en tant que salari\u00e9 au sein de la mosqu\u00e9e des Bleuets, comme l&rsquo;avait demand\u00e9 le parquet.<\/p>\n<p>Dans un courrier dat\u00e9 du 15 septembre, la pr\u00e9f\u00e8te d\u00e9l\u00e9gu\u00e9e \u00e0 la police dans les Bouches-du-Rh\u00f4ne dit \u00ab envisager la fermeture temporaire \u00bb de la mosqu\u00e9e, laissant la possibilit\u00e9 avant cette d\u00e9cision de formuler des observations.<\/p>\n<p>\u00ab\u00a0Une forme d\u2019acharnement\u00a0\u00bb<\/p>\n<p>Selon les autorit\u00e9s, cette proc\u00e9dure est r\u00e9engag\u00e9e car des publications \u00ab appelant \u00e0 la haine, \u00e0 la violence ou \u00e0 la discrimination \u00bb, qui avaient d\u00e9j\u00e0 \u00e9t\u00e9 point\u00e9es du doigt il y a un an, sont toujours en ligne. Pour elles, l&rsquo;imam \u00ab poursuit sa d\u00e9fense d&rsquo;une pratique radicale de l&rsquo;islam, qui instaure un terreau propice \u00e0 la commission d&rsquo;actes violents \u00bb.<\/p>\n<p>Le courrier mentionne aussi une plus r\u00e9cente publication Facebook datant de mai et faisant r\u00e9f\u00e9rence \u00e0 un ouvrage \u00ab pris\u00e9 de la mouvance salafo-fr\u00e9riste \u00bb, selon la pr\u00e9fecture. Enfin, \u00ab la reprise effective de ses fonctions d&rsquo;imam au lendemain de sa condamnation pour apologie du terrorisme constitue un \u00e9l\u00e9ment majeur conduisant \u00e0 devoir engager une nouvelle proc\u00e9dure contradictoire \u00bb.<\/p>\n<p>Pour Me Sefen Guez Guez, avocat de l&rsquo;imam et de la mosqu\u00e9e, cette proc\u00e9dure est \u00ab clairement une forme d&rsquo;acharnement \u00bb et de \u00ab la communication politique \u00bb de la part du pr\u00e9fet Georges-Fran\u00e7ois Leclerc. Il se dit dimanche pr\u00eat \u00e0 aller un tribunal administratif pour contester la d\u00e9cision de fermeture, si elle est prise.<\/p>\n","protected":false},"excerpt":{"rendered":"La mosqu\u00e9e des Bleuets de Marseille est de nouveau menac\u00e9e de fermeture par les autorit\u00e9s qui estiment que&hellip;\n","protected":false},"author":2,"featured_media":407107,"comment_status":"","ping_status":"","sticky":false,"template":"","format":"standard","meta":{"footnotes":""},"categories":[2814],"tags":[1111,11,1777,674,274,107,1011,27,329,884,12,882,5889,25],"class_list":{"0":"post-407106","1":"post","2":"type-post","3":"status-publish","4":"format-standard","5":"has-post-thumbnail","7":"category-marseille","8":"tag-actu","9":"tag-actualites","10":"tag-eu","11":"tag-europe","12":"tag-faits-divers-justice","13":"tag-fil-info","14":"tag-fr","15":"tag-france","16":"tag-france-monde","17":"tag-marseille","18":"tag-news","19":"tag-provence-alpes-cote-dazur","20":"tag-religion-croyance","21":"tag-republique-francaise"},"share_on_mastodon":{"url":"https:\/\/pubeurope.com\/@fr\/115242176601288879","error":""},"_links":{"self":[{"href":"https:\/\/www.europesays.com\/fr\/wp-json\/wp\/v2\/posts\/407106","targetHints":{"allow":["GET"]}}],"collection":[{"href":"https:\/\/www.europesays.com\/fr\/wp-json\/wp\/v2\/posts"}],"about":[{"href":"https:\/\/www.europesays.com\/fr\/wp-json\/wp\/v2\/types\/post"}],"author":[{"embeddable":true,"href":"https:\/\/www.europesays.com\/fr\/wp-json\/wp\/v2\/users\/2"}],"replies":[{"embeddable":true,"href":"https:\/\/www.europesays.com\/fr\/wp-json\/wp\/v2\/comments?post=407106"}],"version-history":[{"count":0,"href":"https:\/\/www.europesays.com\/fr\/wp-json\/wp\/v2\/posts\/407106\/revisions"}],"wp:featuredmedia":[{"embeddable":true,"href":"https:\/\/www.europesays.com\/fr\/wp-json\/wp\/v2\/media\/407107"}],"wp:attachment":[{"href":"https:\/\/www.europesays.com\/fr\/wp-json\/wp\/v2\/media?parent=407106"}],"wp:term":[{"taxonomy":"category","embeddable":true,"href":"https:\/\/www.europesays.com\/fr\/wp-json\/wp\/v2\/categories?post=407106"},{"taxonomy":"post_tag","embeddable":true,"href":"https:\/\/www.europesays.com\/fr\/wp-json\/wp\/v2\/tags?post=407106"}],"curies":[{"name":"wp","href":"https:\/\/api.w.org\/{rel}","templated":true}]}}