{"id":40711,"date":"2025-04-21T05:26:12","date_gmt":"2025-04-21T05:26:12","guid":{"rendered":"https:\/\/www.europesays.com\/fr\/40711\/"},"modified":"2025-04-21T05:26:12","modified_gmt":"2025-04-21T05:26:12","slug":"apres-la-mairie-de-paris-anne-hidalgo-espere-rebondir-au-haut-commissariat-des-refugies-a-lonu-2","status":"publish","type":"post","link":"https:\/\/www.europesays.com\/fr\/40711\/","title":{"rendered":"Apr\u00e8s la Mairie de Paris, Anne Hidalgo esp\u00e8re rebondir au haut-commissariat des r\u00e9fugi\u00e9s \u00e0 l\u2019ONU"},"content":{"rendered":"<p>Humili\u00e9e en\u00a02022 et bouscul\u00e9e dans son propre camp, <a href=\"https:\/\/www.20minutes.fr\/dossier\/anne_hidalgo\" class=\"color-ultramarine c-link\" target=\"_blank\" rel=\"noopener\">Anne Hidalgo<\/a> pourrait bien quitter la sc\u00e8ne politique fran\u00e7aise en rendant son \u00e9charpe de maire, au printemps\u00a02026. La maire socialiste de <a href=\"https:\/\/www.20minutes.fr\/paris\/\" class=\"color-ultramarine c-link\" target=\"_blank\" rel=\"noopener\">Paris <\/a>avait d\u00e9j\u00e0 annonc\u00e9 qu\u2019elle ne briguerait pas un nouveau mandat. Tr\u00e8s appr\u00e9ci\u00e9e d\u2019autres maires de capitales europ\u00e9ennes, son horizon se situerait \u00e0 l\u2019international.<\/p>\n<p>Selon <a href=\"https:\/\/www.latribune.fr\/la-tribune-dimanche\/politique\/apres-la-mairie-de-paris-anne-hidalgo-vise-l-onu-1023198.html\" rel=\"nofollow noopener\" target=\"_blank\" class=\"color-ultramarine c-link\">La Tribune Dimanche<\/a>, la socialiste aurait m\u00eame un poste pr\u00e9cis en t\u00eate\u00a0: le poste de Haut-Commissaire aux r\u00e9fugi\u00e9s \u00e0 <a href=\"https:\/\/www.20minutes.fr\/monde\/onu\/\" class=\"color-ultramarine c-link\" target=\"_blank\" rel=\"noopener\">l\u2019ONU<\/a>. Le si\u00e8ge est occup\u00e9 par l\u2019Italien Filippo Grandi depuis\u00a02016. La maire de Paris, qui a cultiv\u00e9 sa stature internationale avec les <a href=\"https:\/\/www.20minutes.fr\/sport\/jo\/\" class=\"color-ultramarine c-link\" target=\"_blank\" rel=\"noopener\">Jeux olympiques<\/a>, aurait une \u00ab\u00a0l\u00e9gitimit\u00e9 incontestable\u00a0\u00bb, selon un commentaire <a href=\"https:\/\/www.huffingtonpost.fr\/politique\/article\/anne-hidalgo-aimerait-bien-ce-tres-haut-poste-a-l-onu-mais-il-y-a-un-probleme-de-date_249031.html\" target=\"_blank\" class=\"color-ultramarine c-link\" rel=\"noopener\">au Huffington Post<\/a> de Gabrielle Siry-Houari, adjointe au maire dans le 18e\u00a0arrondissement.<\/p>\n<\/p>\n<p>\u00ab\u00a0Cela coche beaucoup de cases de ses envies\u00a0\u00bb, confirme un proche au <a href=\"https:\/\/www.leparisien.fr\/politique\/cela-coche-beaucoup-de-cases-de-ses-envies-anne-hidalgo-vise-un-poste-de-haut-commissaire-a-lonu-des-2026-20-04-2025-TQZK7FAKWNBHZLP5I3CGDDHK5E.php?ts=1745159671729\" rel=\"nofollow noopener\" target=\"_blank\" class=\"color-ultramarine c-link\">Parisien<\/a>. L\u2019ancienne candidate \u00e0 la pr\u00e9sidentielle b\u00e9n\u00e9ficierait m\u00eame du soutien d\u2019<a href=\"https:\/\/www.20minutes.fr\/politique\/emmanuel-macron\/\" class=\"color-ultramarine c-link\" target=\"_blank\" rel=\"noopener\">Emmanuel Macron<\/a>, selon La Tribune Dimanche. Mais sa nomination soul\u00e8verait un probl\u00e8me \u00e0 Paris\u00a0: Filippo Grandi quittera son poste le 31\u00a0d\u00e9cembre, alors qu\u2019Anne Hidalgo est cens\u00e9e conserver son \u00e9charpe jusqu\u2019au printemps.<\/p>\n<p>Trois solutions peuvent \u00eatre envisag\u00e9es\u00a0: un cumul des fonctions pendant quelques mois, une entr\u00e9e en fonction \u00e0 l\u2019ONU en d\u00e9cal\u00e9 ou d\u00e9missionner. Dans cette option, son premier adjoint, Patrick Bloche, pourrait prendre l\u2019int\u00e9rim jusqu\u2019aux \u00e9lections. Mais l\u2019introduire au poste de maire serait d\u00e9licat tant que le candidat socialiste qui affrontera <a href=\"https:\/\/www.20minutes.fr\/politique\/rachida_dati\" class=\"color-ultramarine c-link\" target=\"_blank\" rel=\"noopener\">Rachida Dati<\/a> lors des municipales n\u2019aura pas \u00e9t\u00e9 formellement d\u00e9sign\u00e9.<\/p>\n","protected":false},"excerpt":{"rendered":"Humili\u00e9e en\u00a02022 et bouscul\u00e9e dans son propre camp, Anne Hidalgo pourrait bien quitter la sc\u00e8ne politique fran\u00e7aise en&hellip;\n","protected":false},"author":2,"featured_media":40712,"comment_status":"","ping_status":"","sticky":false,"template":"","format":"standard","meta":{"footnotes":""},"categories":[1888],"tags":[1111,1928,47,11,1927,2618,2761,1777,674,1011,27,2381,12,1926,3521,626,1925,316,25],"class_list":{"0":"post-40711","1":"post","2":"type-post","3":"status-publish","4":"format-standard","5":"has-post-thumbnail","7":"category-paris","8":"tag-actu","9":"tag-actu-paris","10":"tag-actualite","11":"tag-actualites","12":"tag-actualites-paris","13":"tag-anne-hidalgo","14":"tag-elections-municipales-2026","15":"tag-eu","16":"tag-europe","17":"tag-fr","18":"tag-france","19":"tag-mairie-de-paris","20":"tag-news","21":"tag-news-paris","22":"tag-onu","23":"tag-paris","24":"tag-paris-news","25":"tag-politique","26":"tag-republique-francaise"},"share_on_mastodon":{"url":"https:\/\/pubeurope.com\/@fr\/114374297820827373","error":""},"_links":{"self":[{"href":"https:\/\/www.europesays.com\/fr\/wp-json\/wp\/v2\/posts\/40711","targetHints":{"allow":["GET"]}}],"collection":[{"href":"https:\/\/www.europesays.com\/fr\/wp-json\/wp\/v2\/posts"}],"about":[{"href":"https:\/\/www.europesays.com\/fr\/wp-json\/wp\/v2\/types\/post"}],"author":[{"embeddable":true,"href":"https:\/\/www.europesays.com\/fr\/wp-json\/wp\/v2\/users\/2"}],"replies":[{"embeddable":true,"href":"https:\/\/www.europesays.com\/fr\/wp-json\/wp\/v2\/comments?post=40711"}],"version-history":[{"count":0,"href":"https:\/\/www.europesays.com\/fr\/wp-json\/wp\/v2\/posts\/40711\/revisions"}],"wp:featuredmedia":[{"embeddable":true,"href":"https:\/\/www.europesays.com\/fr\/wp-json\/wp\/v2\/media\/40712"}],"wp:attachment":[{"href":"https:\/\/www.europesays.com\/fr\/wp-json\/wp\/v2\/media?parent=40711"}],"wp:term":[{"taxonomy":"category","embeddable":true,"href":"https:\/\/www.europesays.com\/fr\/wp-json\/wp\/v2\/categories?post=40711"},{"taxonomy":"post_tag","embeddable":true,"href":"https:\/\/www.europesays.com\/fr\/wp-json\/wp\/v2\/tags?post=40711"}],"curies":[{"name":"wp","href":"https:\/\/api.w.org\/{rel}","templated":true}]}}