{"id":407112,"date":"2025-09-21T12:02:11","date_gmt":"2025-09-21T12:02:11","guid":{"rendered":"https:\/\/www.europesays.com\/fr\/407112\/"},"modified":"2025-09-21T12:02:11","modified_gmt":"2025-09-21T12:02:11","slug":"lyon-le-rhone-en-vigilance-jaune-orages-et-pluie-inondation-ce-dimanche","status":"publish","type":"post","link":"https:\/\/www.europesays.com\/fr\/407112\/","title":{"rendered":"Lyon. Le Rh\u00f4ne en vigilance jaune orages et pluie-inondation ce dimanche"},"content":{"rendered":"<p>Ce samedi soir, il fallait profiter pour la derni\u00e8re fois des terrasses et des chaleurs estivales. \u00c0 partir de ce dimanche 21\u00a0septembre, le soleil laisse place \u00e0 la pluie et \u00e0 la fra\u00eecheur. Le Rh\u00f4ne et la m\u00e9tropole de Lyon sont plac\u00e9s en vigilance jaune orages et pluie-inondation depuis ce midi et ce, jusqu\u2019\u00e0 ce soir aux alentours de 21 heures.<\/p>\n<p>  Une semaine sous le signe de la fra\u00eecheur<\/p>\n<p>Selon M\u00e9t\u00e9o France, cette perturbation pluvio-orageuse va traverser la r\u00e9gion Auvergne-Rh\u00f4ne-Alpes d\u2019ouest en est. Dans la vall\u00e9e du Rh\u00f4ne et notamment dans la Dr\u00f4me, cette perturbation va se doubler d\u2019un \u00e9pisode m\u00e9diterran\u00e9en et sera accompagn\u00e9e d\u2019orages fortement pluvieux. La pr\u00e9fecture recommande d\u2019\u00eatre prudent \u00ab\u00a0si vous pratiquez des activit\u00e9s sensibles au risque m\u00e9t\u00e9orologique\u00a0\u00bb.<\/p>\n<p>Si cet \u00e9pisode prendra fin d\u00e8s ce soir, les pr\u00e9cipitations devraient, elles, perdurer jusqu\u2019\u00e0 vendredi inclus, avec une l\u00e9g\u00e8re accalmie mardi et mercredi. Le d\u00e9but de l\u2019automne, ce lundi 22\u00a0septembre, sera marqu\u00e9 par une baisse g\u00e9n\u00e9rale des temp\u00e9ratures, avec des maximales ne d\u00e9passant pas les 16 degr\u00e9s.<\/p>\n<p>Un changement un peu brutal, apr\u00e8s que le thermom\u00e8tre a d\u00e9pass\u00e9 les 30 degr\u00e9s plusieurs jours d\u2019affil\u00e9e pour cette derni\u00e8re semaine d\u2019\u00e9t\u00e9.<\/p>\n","protected":false},"excerpt":{"rendered":"Ce samedi soir, il fallait profiter pour la derni\u00e8re fois des terrasses et des chaleurs estivales. \u00c0 partir&hellip;\n","protected":false},"author":2,"featured_media":407113,"comment_status":"","ping_status":"","sticky":false,"template":"","format":"standard","meta":{"footnotes":""},"categories":[1889],"tags":[1111,11,2430,3152,2757,3153,3154,3155,3156,436,1777,674,1011,27,2428,2756,8423,12,25,2429],"class_list":{"0":"post-407112","1":"post","2":"type-post","3":"status-publish","4":"format-standard","5":"has-post-thumbnail","7":"category-lyon","8":"tag-actu","9":"tag-actualites","10":"tag-auvergne-rhone-alpes","11":"tag-edition-est-lyonnais","12":"tag-edition-lyon-villeurbanne","13":"tag-edition-ouest-lyonnais","14":"tag-edition-sud-lyonnais","15":"tag-edition-tarare","16":"tag-edition-villefranche","17":"tag-environnement","18":"tag-eu","19":"tag-europe","20":"tag-fr","21":"tag-france","22":"tag-lyon","23":"tag-lyon-bassin","24":"tag-meteorologie-climat","25":"tag-news","26":"tag-republique-francaise","27":"tag-rhone"},"share_on_mastodon":{"url":"https:\/\/pubeurope.com\/@fr\/115242188306730277","error":""},"_links":{"self":[{"href":"https:\/\/www.europesays.com\/fr\/wp-json\/wp\/v2\/posts\/407112","targetHints":{"allow":["GET"]}}],"collection":[{"href":"https:\/\/www.europesays.com\/fr\/wp-json\/wp\/v2\/posts"}],"about":[{"href":"https:\/\/www.europesays.com\/fr\/wp-json\/wp\/v2\/types\/post"}],"author":[{"embeddable":true,"href":"https:\/\/www.europesays.com\/fr\/wp-json\/wp\/v2\/users\/2"}],"replies":[{"embeddable":true,"href":"https:\/\/www.europesays.com\/fr\/wp-json\/wp\/v2\/comments?post=407112"}],"version-history":[{"count":0,"href":"https:\/\/www.europesays.com\/fr\/wp-json\/wp\/v2\/posts\/407112\/revisions"}],"wp:featuredmedia":[{"embeddable":true,"href":"https:\/\/www.europesays.com\/fr\/wp-json\/wp\/v2\/media\/407113"}],"wp:attachment":[{"href":"https:\/\/www.europesays.com\/fr\/wp-json\/wp\/v2\/media?parent=407112"}],"wp:term":[{"taxonomy":"category","embeddable":true,"href":"https:\/\/www.europesays.com\/fr\/wp-json\/wp\/v2\/categories?post=407112"},{"taxonomy":"post_tag","embeddable":true,"href":"https:\/\/www.europesays.com\/fr\/wp-json\/wp\/v2\/tags?post=407112"}],"curies":[{"name":"wp","href":"https:\/\/api.w.org\/{rel}","templated":true}]}}