{"id":407116,"date":"2025-09-21T12:05:15","date_gmt":"2025-09-21T12:05:15","guid":{"rendered":"https:\/\/www.europesays.com\/fr\/407116\/"},"modified":"2025-09-21T12:05:15","modified_gmt":"2025-09-21T12:05:15","slug":"dans-les-couloirs-des-bluets-premiere-maternite-dile-de-france","status":"publish","type":"post","link":"https:\/\/www.europesays.com\/fr\/407116\/","title":{"rendered":"dans les couloirs des Bluets, premi\u00e8re maternit\u00e9 d&rsquo;\u00cele-de-France"},"content":{"rendered":"<p>            Par<br \/>\n        <strong><br \/>\n            <a href=\"https:\/\/actu.fr\/auteur\/marie-amelie-marchal\" title=\"Consulter tous les articles de Marie Amelie Marchal\" rel=\"nofollow noopener\" target=\"_blank\">Marie Amelie Marchal<\/a><br \/>\n        <\/strong><\/p>\n<p>        Publi\u00e9 le<\/p>\n<p>            21 sept. 2025 \u00e0 13h16        <\/p>\n<p>\u00ab\u2009Elle m\u00e9rite amplement son classement de <a href=\"https:\/\/actu.fr\/ile-de-france\/paris_75056\/ou-se-trouvent-les-meilleures-maternites-de-paris-et-d-ile-de-france-voici-la-liste-2025_62787870.html\" rel=\"nofollow noopener\" target=\"_blank\">premi\u00e8re maternit\u00e9 d\u2019\u00cele-de-France<\/a>. Je me suis sentie \u00e9cout\u00e9e, accompagn\u00e9e tout en restant dans ma bulle. Les \u00e9quipes sont aux petits soins, toutes les<strong> sages-femmes sont merveilleuses<\/strong>.\u2009\u00bb Vingt-quatre heures apr\u00e8s avoir donn\u00e9 naissance \u00e0 son petit C\u00f4me, Floriane est sur un nuage. Dans sa chambre aux teintes orang\u00e9es, elle reprend des forces apr\u00e8s \u00eatre parvenue \u00e0 <a href=\"https:\/\/actu.fr\/ile-de-france\/montreuil_93048\/pour-un-accouchement-sans-peridurale-ni-intervention-medicale-une-maison-de-naissance-va-ouvrir-a-montreuil_62972848.html\" rel=\"nofollow noopener\" target=\"_blank\">accoucher sans p\u00e9ridurale<\/a>. \u00ab\u2009C\u2019est ce qui fait <strong>l\u2019\u00e2me des Bluets<\/strong>, l\u2019accompagnement des parents, et ce qui m\u2019a donn\u00e9 envie de travailler ici\u2009\u00bb, glisse Delphine Long, sage-femme depuis 11\u00a0ans dans l\u2019\u00e9tablissement<strong> fond\u00e9 par la CGT<\/strong> de la m\u00e9tallurgie en 1937. actu Paris s\u2019est gliss\u00e9e dans les couloirs de la maternit\u00e9 du 12e arrondissement, pionni\u00e8re dans l\u2019<strong>accouchement sans douleur<\/strong>.<\/p>\n<p>La p\u00e9ridurale d\u00e9ambulatoire, l\u2019atout des Bluets<\/p>\n<p class=\" wall-content\">Mercredi <a href=\"https:\/\/actu.fr\/ile-de-france\/paris_75056\/10-septembre-peripherique-centre-de-bus-ratp-a-paris-les-premiers-blocages-ont-commence_63138660.html\" rel=\"nofollow noopener\" target=\"_blank\">10\u00a0septembre 2025<\/a>, alors que la France est secou\u00e9e par la premi\u00e8re grosse mobilisation sociale de la rentr\u00e9e, la maternit\u00e9 des Bluets poursuit sa mission sans ciller. Au rez-de-jardin, l\u2019atelier \u00ab\u2009Mise au monde\u2009: l\u2019accouchement\u2009\u00bb est plein. Install\u00e9s sur des tapis de gym bleus, une petite dizaine de futurs parents sont venus glaner les derniers conseils avant la grande aventure.<\/p>\n<p>    <img   decoding=\"async\" loading=\"lazy\" src=\"https:\/\/www.europesays.com\/fr\/wp-content\/uploads\/2025\/09\/20250910-171608-960x640.jpg\" alt=\"Delphine Long est sage-femme aux Bluets. Elle travaille aussi bien en salle de naissance qu'en atelier comme ce mercredi. Elle propose \u00e9galement des s\u00e9ances d'acuponcture et re\u00e7oit les futures mamans en consultation.\" width=\"960\" height=\"640\"\/><br \/>\n    Delphine Long est sage-femme aux Bluets. Elle travaille aussi bien en salle de naissance qu\u2019en atelier comme ce mercredi. Elle propose \u00e9galement des s\u00e9ances d\u2019acuponcture et re\u00e7oit les futures mamans en consultation. (\u00a9MAM \/ actu Paris)<\/p>\n<p class=\" wall-content\">Delphine Long, blouse blanche sur le dos, et poupon dans les bras, leur rappelle le chemin que devra parcourir le nouveau-n\u00e9 pour voir le jour. La sage-femme aborde les<strong> diff\u00e9rentes positions \u00e0 prendre<\/strong> pendant le travail puis l\u2019accouchement. \u00ab\u2009Aux Bluets, nous avons une <strong>p\u00e9ridurale d\u00e9ambulatoire<\/strong> ce qui signifie que vous pourrez bouger, marcher, aller sur un ballon pour aider le b\u00e9b\u00e9 \u00e0 s\u2019engager dans votre bassin\u2009\u00bb, pr\u00e9cise la soignante.<\/p>\n<p class=\" wall-content\">Avec cette technique d\u2019anesth\u00e9sie, les femmes ne ressentent pas la douleur des contractions mais gardent la sensation de la pouss\u00e9e. \u00ab\u2009Un \u00e9l\u00e9ment cl\u00e9 pour un accouchement par voie basse\u2009\u00bb, insiste-t-elle.<\/p>\n<p class=\" wall-content\">\u00ab\u2009Tr\u00e8s peu de maternit\u00e9s proposent cette option or il n\u2019y a <strong>pas plus de risque qu\u2019ailleurs<\/strong>\u2009\u00bb, argumente la docteur Jessica Dahan-Saal, cheffe de service de gyn\u00e9cologie obst\u00e9trique et directrice m\u00e9dicale de l\u2019h\u00f4pital Pierre Rouqu\u00e8s \u2013 Les Bluets depuis cinq ans. Et cette p\u00e9ridurale \u00e0 faible dose semble s\u00e9duire les futures mamans. \u00ab\u2009On a souvent le cas de femmes qui se d\u00e9sinscrivent de leur maternit\u00e9 lorsqu\u2019elles apprennent qu\u2019elle ne propose pas de p\u00e9ridurale d\u00e9ambulatoire, puis qui se tournent vers nous\u2009\u00bb, pr\u00e9cise-t-elle.<\/p>\n<p>    <img   decoding=\"async\" loading=\"lazy\" src=\"https:\/\/www.europesays.com\/fr\/wp-content\/uploads\/2025\/09\/20250910-160605-960x640.jpg\" alt=\"Les ateliers dispens\u00e9s par les \u00e9quipes de la maternit\u00e9 des Bluets font partie du succ\u00e8s de cette derni\u00e8re.\" width=\"960\" height=\"640\"\/><br \/>\n    Les ateliers dispens\u00e9s par les \u00e9quipes de la maternit\u00e9 des Bluets font partie du succ\u00e8s de cette derni\u00e8re. (\u00a9MAM \/ actu Paris)<\/p>\n<p>Votre r\u00e9gion, votre actu !<\/p>\n<p>Recevez chaque jour les infos qui comptent pour vous.<\/p>\n<p>\t<a href=\"https:\/\/actu.fr\/newsletter\" class=\"ac-btn ac-btn--corner ac-btn--medium ac-btn--blue800\" rel=\"nofollow noopener\" target=\"_blank\">S&rsquo;incrire<\/a><br \/>\nDes patientes \u00e0 \u00ab\u2009tr\u00e8s bas risque\u2009\u00bb<\/p>\n<p class=\" wall-content\">Class\u00e9e premi\u00e8re maternit\u00e9 d\u2019\u00cele-de-France pour l\u2019ann\u00e9e 2025 par Le Figaro, ses pratiques ont \u00e9t\u00e9 pass\u00e9es au crible. Taux de c\u00e9sarienne et d\u2019\u00e9pisiotomie, ateliers sp\u00e9cialis\u00e9s, disponibilit\u00e9 du personnel, note de satisfaction\u2026 Les Bluets ont obtenu la note de 18,4\/20.<\/p>\n<blockquote class=\"ac-article-quote wall-content\">\n<p>Ce palmar\u00e8s, on n&rsquo;en fait pas notre cheval de bataille, il a m\u00eame plut\u00f4t fait l&rsquo;objet d&rsquo;un d\u00e9bat au sein de la direction. Bon nombre d&rsquo;\u00e9tablissements parisiens ont refus\u00e9 de s&rsquo;y soumettre mais au vu des crit\u00e8res, qui co\u00efncidaient avec nos valeurs, on a pris le parti d&rsquo;y participer.<\/p>\n<p>    <strong>Dr Jessica Dahan-Saal <\/strong><br \/>\n        Cheffe de service de gyn\u00e9cologie obst\u00e9trique et directrice m\u00e9dicale de l&rsquo;h\u00f4pital Pierre Rouqu\u00e8s    <\/p><\/blockquote>\n<p>    <img   decoding=\"async\" loading=\"lazy\" src=\"https:\/\/www.europesays.com\/fr\/wp-content\/uploads\/2025\/09\/20250910-173309-960x640.jpg\" alt=\"Dr Jessica Dahan-Saal, cheffe de la maternit\u00e9 des Bluets.\" width=\"960\" height=\"640\"\/><br \/>\n    Dr Jessica Dahan-Saal, cheffe de la maternit\u00e9 des Bluets. (\u00a9MAM \/ actu Paris)<\/p>\n<p class=\" wall-content\">\u00ab\u2009Concernant le<strong> faible taux d\u2019\u00e9pisiotomie<\/strong>, c\u2019est une tendance qui se g\u00e9n\u00e9ralise aux autres \u00e9tablissements. Il faut aussi recontextualiser. Nous accueillons des patientes \u00e0 tr\u00e8s bas risque et nous<strong> excluons les grossesses pathologiques<\/strong> parce que nous n\u2019avons pas de r\u00e9animation sur place ni de plateau chirurgical. \u00c7a participe au fait qu\u2019on intervienne peu\u2009\u00bb, plante la cheffe de service.<\/p>\n<p>Tenir malgr\u00e9 les crises successives<\/p>\n<p class=\" wall-content\">La pr\u00e9sence des sages-femmes pour accompagner les futurs parents dans leur projet de naissance est \u00e9galement un argument cl\u00e9. Aux Bluets, elles sont <strong>une quarantaine<\/strong> \u00e0 occuper ce poste. Alors que la profession vient de traverser une <a href=\"https:\/\/actu.fr\/ile-de-france\/paris_75056\/sages-femmes-en-greve-elles-declenchent-le-code-noir-symbole-d-urgence_45469226.html\" rel=\"nofollow noopener\" target=\"_blank\">profonde crise des vocations<\/a>, la maternit\u00e9 du 12e arrondissement est parvenue \u00e0 tirer son \u00e9pingle du jeu en recrutant de jeunes praticiennes et en les fid\u00e9lisant.<\/p>\n<p class=\" wall-content\">\u201cOn attire les sages-femmes qui sont contentes de travailler dans ces conditions, o\u00f9 la physiologie (qui implique le moins d\u2019actes m\u00e9dicaux possible, NDLR) prime. Elles se sentent utiles et efficaces parce que d\u00e8s que la pathologie entre en jeu, elles ne peuvent plus \u00eatre autonomes et doivent composer avec les m\u00e9decins\u201d, expose la Dr Jessica Dahan-Saal.<\/p>\n<p class=\" wall-content\">\u201cPar ailleurs, la profession a acquis de nouvelles comp\u00e9tences. Elles ne se cantonnent pas qu\u2019aux salles de naissance mais peuvent assurer le <a href=\"https:\/\/actu.fr\/ile-de-france\/paris_75056\/tarifs-bas-bienveillance-des-centres-medicaux-facilitent-le-suivi-gynecologique-en-ile-de-france_42276953.html\" rel=\"nofollow noopener\" target=\"_blank\">suivi gyn\u00e9cologique<\/a> des femmes, pratiquer l\u2019orthog\u00e9nie (les <a href=\"https:\/\/actu.fr\/ile-de-france\/paris_75056\/c-est-historique-a-paris-les-feministes-fetent-l-inscription-de-l-ivg-dans-la-constitution_60778374.html\" rel=\"nofollow noopener\" target=\"_blank\">IVG<\/a>, NDLR) ou encore les \u00e9chographies. Ici, elles sont incit\u00e9es \u00e0 <strong>diversifier leurs missions<\/strong>\u201d, rel\u00e8ve notre interlocutrice. C\u2019est le cas de Delphine Long. \u201cJe fais des consultations, des ateliers de pr\u00e9paration \u00e0 la naissance, des <a href=\"https:\/\/actu.fr\/ile-de-france\/montreuil_93048\/pour-la-premiere-fois-en-france-montreuil-offre-aux-futurs-papas-des-consultations-prenatales_60893493.html\" rel=\"nofollow noopener\" target=\"_blank\">entretiens pr\u00e9nataux<\/a>, de l\u2019acupuncture\u2026 \u00c7a me permet de ne pas m\u2019ennuyer. \u00c9videmment, la salle de naissance reste ma passion mais je m\u2019\u00e9panouis en multipliant les activit\u00e9s\u201d, liste la ma\u00efeuticienne.<\/p>\n<p>\u201cOn a toujours une \u00e9p\u00e9e de Damocl\u00e8s au-dessus de nous\u201d<\/p>\n<p class=\" wall-content\">Mais le <a href=\"https:\/\/actu.fr\/societe\/hopital-bientot-un-nombre-minimal-de-soignants-par-patient-ce-que-cela-changerait_61803143.html\" rel=\"nofollow noopener\" target=\"_blank\">secteur hospitalier est malade<\/a> et les Bluets ne sont pas exempts de <strong>pressions financi\u00e8res<\/strong>. Depuis plus d\u2019une d\u00e9cennie, l\u2019\u00e9tablissement est en<strong> d\u00e9ficit de 3 \u00e0 3,5\u00a0millions d\u2019euros<\/strong> par an, compens\u00e9 par l\u2019ARS. \u201cCe montant ne varie pas, on est en d\u00e9ficit perp\u00e9tuel. C\u2019est le mod\u00e8le de financement des \u00e9tablissements de sant\u00e9 qui ne permet pas de faire fonctionner l\u2019h\u00f4pital de mani\u00e8re p\u00e9renne\u201d, croit savoir la cheffe de service.<\/p>\n<p class=\" wall-content\">\u201c<strong>Une maternit\u00e9 ne rapporte pas d\u2019argent<\/strong>, ass\u00e8ne Delphine Long. En g\u00e9n\u00e9ral, elle est rattach\u00e9e \u00e0 un h\u00f4pital dont les activit\u00e9s compensent celle de la maternit\u00e9.\u201d Ce qui n\u2019est pas le cas au 4 rue Lasson.<\/p>\n<p class=\" wall-content\">Il arrive alors que les accouchements se multiplient pour pouvoir att\u00e9nuer les pertes. \u201c\u00c9tant une<strong> maternit\u00e9 priv\u00e9e<\/strong>, on a le droit de refuser des femmes contrairement au secteur public\u201d, d\u00e9taille la sage-femme. Alors, quand les finances sont dans le rouge, le nombre de femmes accueillies augmente. Parfois au d\u00e9triment des \u00e9quipes. \u201cOn fait comme on peut. On sort de certaines gardes en se disant qu\u2019on aurait voulu faire mieux, accompagner encore plus\u201d, regrette notre interlocutrice.<\/p>\n<p class=\" wall-content\">Avec la <a href=\"https:\/\/actu.fr\/ile-de-france\/les-lilas_93045\/on-a-le-coeur-en-miettes-malgre-des-annees-de-lutte-la-maternite-des-lilas-va-fermer_62862838.html\" rel=\"nofollow noopener\" target=\"_blank\">fermeture annonc\u00e9e des Lilas<\/a>, <a href=\"https:\/\/actu.fr\/ile-de-france\/les-lilas_93045\/maternite-des-lilas-on-se-bat-pour-continuer-a-exister-comme-on-l-a-toujours-fait_60930198.html\" rel=\"nofollow noopener\" target=\"_blank\">petite s\u0153ur des Bluets<\/a>, l\u2019inqui\u00e9tude grandit sur le mod\u00e8le d\u00e9fendu par les deux \u00e9tablissements. \u201cOn a besoin d\u2019aides financi\u00e8res. Nous sommes dans un<strong> \u00e9quilibre fragile<\/strong> pour la survie de l\u2019\u00e9tablissement, on travaille \u00e0 faire mieux, mais oui, on a toujours une \u00e9p\u00e9e de Damocl\u00e8s au-dessus de nous\u201d, confie la cheffe de service. D\u00e8s l\u2019annonce de la <a href=\"https:\/\/actu.fr\/ile-de-france\/les-lilas_93045\/fermeture-de-la-maternite-historique-des-lilas-la-date-de-fin-des-accouchements-fixee_62911211.html\" rel=\"nofollow noopener\" target=\"_blank\">fermeture des Lilas<\/a>, de nombreuses patientes se sont orient\u00e9es vers les Bluets pour des inscriptions tardives. \u201cUne mani\u00e8re de <strong>compenser la baisse du nombre d\u2019accouchements<\/strong> inh\u00e9rent \u00e0 la <a href=\"https:\/\/actu.fr\/ile-de-france\/paris_75056\/esperance-de-vie-taux-de-fecondite-ce-que-dit-le-rapport-de-l-insee-sur-la-demographie-en-ile-de-france_62416864.html\" rel=\"nofollow noopener\" target=\"_blank\">baisse de la natalit\u00e9<\/a>\u201d, ajoute Delphine Long.<\/p>\n<p class=\" wall-content\">Loin de ces pr\u00e9occupations, C\u00f4me profite du <strong>peau \u00e0 peau<\/strong> avec son papa qui d\u00e9ambule dans les couloirs pour calmer ses pleurs de nourrisson. Ce mercredi, ils sont un peu plus d\u2019une trentaine \u00e0 d\u00e9couvrir le monde et \u00e0 faire r\u00e9sonner leurs cris dans les couloirs de ce lieu o\u00f9 la <a href=\"https:\/\/www.radiofrance.fr\/franceinter\/podcasts\/contre-vents\/contre-vents-du-samedi-09-aout-2025-5507500\" rel=\"nofollow noopener\" target=\"_blank\">lutte sociale, ouvri\u00e8re et f\u00e9ministe<\/a> se poursuit. L\u2019an dernier, <strong>3\u2009080 b\u00e9b\u00e9s sont n\u00e9s<\/strong> dans la maternit\u00e9 parisienne.<\/p>\n<p class=\" wall-content\">Personnalisez votre actualit\u00e9 en ajoutant vos villes et m\u00e9dias en favori avec <a href=\"https:\/\/moncompte.actu.fr\" title=\"D\u00e9couvez Mon Actu\" rel=\"nofollow noopener\" data-trk=\"{&quot;cta&quot;:{&quot;action&quot;:&quot;https:\\\/\\\/moncompte.actu.fr&quot;,&quot;category&quot;:&quot;mon compte&quot;,&quot;from&quot;:&quot;article footer&quot;,&quot;name&quot;:&quot;Mon actu&quot;,&quot;type&quot;:&quot;cta&quot;}}\" target=\"_blank\">Mon Actu<\/a>.<\/p>\n","protected":false},"excerpt":{"rendered":"Par Marie Amelie Marchal Publi\u00e9 le 21 sept. 2025 \u00e0 13h16 \u00ab\u2009Elle m\u00e9rite amplement son classement de premi\u00e8re&hellip;\n","protected":false},"author":2,"featured_media":407117,"comment_status":"","ping_status":"","sticky":false,"template":"","format":"standard","meta":{"footnotes":""},"categories":[1888],"tags":[1111,1928,11,1927,1777,674,1011,27,15761,12,1926,626,1925,25,71,104],"class_list":{"0":"post-407116","1":"post","2":"type-post","3":"status-publish","4":"format-standard","5":"has-post-thumbnail","7":"category-paris","8":"tag-actu","9":"tag-actu-paris","10":"tag-actualites","11":"tag-actualites-paris","12":"tag-eu","13":"tag-europe","14":"tag-fr","15":"tag-france","16":"tag-maternite","17":"tag-news","18":"tag-news-paris","19":"tag-paris","20":"tag-paris-news","21":"tag-republique-francaise","22":"tag-sante","23":"tag-societe"},"share_on_mastodon":{"url":"https:\/\/pubeurope.com\/@fr\/115242200665002644","error":""},"_links":{"self":[{"href":"https:\/\/www.europesays.com\/fr\/wp-json\/wp\/v2\/posts\/407116","targetHints":{"allow":["GET"]}}],"collection":[{"href":"https:\/\/www.europesays.com\/fr\/wp-json\/wp\/v2\/posts"}],"about":[{"href":"https:\/\/www.europesays.com\/fr\/wp-json\/wp\/v2\/types\/post"}],"author":[{"embeddable":true,"href":"https:\/\/www.europesays.com\/fr\/wp-json\/wp\/v2\/users\/2"}],"replies":[{"embeddable":true,"href":"https:\/\/www.europesays.com\/fr\/wp-json\/wp\/v2\/comments?post=407116"}],"version-history":[{"count":0,"href":"https:\/\/www.europesays.com\/fr\/wp-json\/wp\/v2\/posts\/407116\/revisions"}],"wp:featuredmedia":[{"embeddable":true,"href":"https:\/\/www.europesays.com\/fr\/wp-json\/wp\/v2\/media\/407117"}],"wp:attachment":[{"href":"https:\/\/www.europesays.com\/fr\/wp-json\/wp\/v2\/media?parent=407116"}],"wp:term":[{"taxonomy":"category","embeddable":true,"href":"https:\/\/www.europesays.com\/fr\/wp-json\/wp\/v2\/categories?post=407116"},{"taxonomy":"post_tag","embeddable":true,"href":"https:\/\/www.europesays.com\/fr\/wp-json\/wp\/v2\/tags?post=407116"}],"curies":[{"name":"wp","href":"https:\/\/api.w.org\/{rel}","templated":true}]}}