{"id":407122,"date":"2025-09-21T12:08:13","date_gmt":"2025-09-21T12:08:13","guid":{"rendered":"https:\/\/www.europesays.com\/fr\/407122\/"},"modified":"2025-09-21T12:08:13","modified_gmt":"2025-09-21T12:08:13","slug":"quand-les-touristes-ne-seront-plus-la-a-paris-la-fermeture-de-beaubourg-pour-cinq-ans-inquiete-le-quartier","status":"publish","type":"post","link":"https:\/\/www.europesays.com\/fr\/407122\/","title":{"rendered":"\u00ab\u00a0Quand les touristes ne seront plus l\u00e0\u2026\u00a0\u00bb\u00a0: \u00e0 Paris, la fermeture de Beaubourg pour cinq ans inqui\u00e8te le quartier"},"content":{"rendered":"<p class=\"paragraph text_align_left lp-f-body-02\">\u00ab M\u00eame temporairement, c\u2019est toujours triste un mus\u00e9e qui ferme. \u00bb Jacques, un habitant de la rue du Renard, jette un regard d\u00e9j\u00e0 nostalgique sur la Piazza du centre Pompidou sur laquelle serpente encore la file d\u2019attente pour l\u2019exposition Wolfgang Tillmans. Ce lundi 22 septembre au soir, les derniers visiteurs \u00e0 profiter des \u0153uvres du photographe allemand verront les portes se fermer derri\u00e8re eux pour cinq ans. Le temps de travaux colossaux, notamment pour d\u00e9samianter et moderniser tout le b\u00e2timent inaugur\u00e9 en 1977. <a href=\"https:\/\/www.leparisien.fr\/culture-loisirs\/expositions\/jy-ai-emmene-mes-premiers-rencards-le-centre-pompidou-ferme-pour-5-ans-va-leur-manquer-14-01-2025-QG67L3FJIJGUXHBEIHALWODPUY.php\" target=\"_self\" rel=\"nofollow noopener\">Un cr\u00e8ve-c\u0153ur pour les passionn\u00e9s d\u2019art<\/a> et un bouleversement pour le centre de Paris.<\/p>\n<p class=\"paragraph text_align_left lp-f-body-02\">Avec la fermeture de cet aimant qui attire plus de trois millions de visiteurs chaque ann\u00e9e, les riverains et les commer\u00e7ants se pr\u00e9parent \u00e0 une v\u00e9ritable mue du quartier et de ses environs. Un effondrement de l\u2019affluence que certains observent d\u00e9j\u00e0 depuis la fin progressive de certaines activit\u00e9s du b\u00e2timent.<\/p>\n","protected":false},"excerpt":{"rendered":"\u00ab M\u00eame temporairement, c\u2019est toujours triste un mus\u00e9e qui ferme. \u00bb Jacques, un habitant de la rue du&hellip;\n","protected":false},"author":2,"featured_media":407123,"comment_status":"","ping_status":"","sticky":false,"template":"","format":"standard","meta":{"footnotes":""},"categories":[1888],"tags":[11,872,1777,674,1011,27,1944,12,626,25],"class_list":{"0":"post-407122","1":"post","2":"type-post","3":"status-publish","4":"format-standard","5":"has-post-thumbnail","7":"category-paris","8":"tag-actualites","9":"tag-culture-et-loisirs","10":"tag-eu","11":"tag-europe","12":"tag-fr","13":"tag-france","14":"tag-ma-ville","15":"tag-news","16":"tag-paris","17":"tag-republique-francaise"},"share_on_mastodon":{"url":"https:\/\/pubeurope.com\/@fr\/115242212021146994","error":""},"_links":{"self":[{"href":"https:\/\/www.europesays.com\/fr\/wp-json\/wp\/v2\/posts\/407122","targetHints":{"allow":["GET"]}}],"collection":[{"href":"https:\/\/www.europesays.com\/fr\/wp-json\/wp\/v2\/posts"}],"about":[{"href":"https:\/\/www.europesays.com\/fr\/wp-json\/wp\/v2\/types\/post"}],"author":[{"embeddable":true,"href":"https:\/\/www.europesays.com\/fr\/wp-json\/wp\/v2\/users\/2"}],"replies":[{"embeddable":true,"href":"https:\/\/www.europesays.com\/fr\/wp-json\/wp\/v2\/comments?post=407122"}],"version-history":[{"count":0,"href":"https:\/\/www.europesays.com\/fr\/wp-json\/wp\/v2\/posts\/407122\/revisions"}],"wp:featuredmedia":[{"embeddable":true,"href":"https:\/\/www.europesays.com\/fr\/wp-json\/wp\/v2\/media\/407123"}],"wp:attachment":[{"href":"https:\/\/www.europesays.com\/fr\/wp-json\/wp\/v2\/media?parent=407122"}],"wp:term":[{"taxonomy":"category","embeddable":true,"href":"https:\/\/www.europesays.com\/fr\/wp-json\/wp\/v2\/categories?post=407122"},{"taxonomy":"post_tag","embeddable":true,"href":"https:\/\/www.europesays.com\/fr\/wp-json\/wp\/v2\/tags?post=407122"}],"curies":[{"name":"wp","href":"https:\/\/api.w.org\/{rel}","templated":true}]}}