{"id":407132,"date":"2025-09-21T12:13:12","date_gmt":"2025-09-21T12:13:12","guid":{"rendered":"https:\/\/www.europesays.com\/fr\/407132\/"},"modified":"2025-09-21T12:13:12","modified_gmt":"2025-09-21T12:13:12","slug":"dans-le-nord-de-lallemagne-le-changement-climatique-chamboule-la-viticulture-actualites","status":"publish","type":"post","link":"https:\/\/www.europesays.com\/fr\/407132\/","title":{"rendered":"Dans le nord de l&rsquo;Allemagne, le changement climatique chamboule la viticulture : Actualit\u00e9s"},"content":{"rendered":"<p class=\"lead \">Le feuillage g\u00e9n\u00e9reux des vignes cache la dizaine de vendangeurs \u00e0 l&rsquo;oeuvre sur la colline, en cette chaude matin\u00e9e de septembre. On dirait le sud, mais on est dans le nord de l&rsquo;Allemagne, o\u00f9 le changement climatique transforme la viticulture.<\/p>\n<p class=\"lead \">\u00ab\u00a0Quand j&rsquo;ai commenc\u00e9 ici, en 1996, nous connaissions des r\u00e9coltes autour du 1er octobre. Aujourd&rsquo;hui, nous commen\u00e7ons au 1er septembre\u00a0\u00bb, raconte \u00e0 l&rsquo;AFP le vigneron Manfred Lindicke en d\u00e9cr\u00e9tant la pause pour ses troupes.<\/p>\n<p class=\"lead \">Am\u00e9nag\u00e9 sur un sol sablonneux, son domaine de 7,6 hectares domine la rivi\u00e8re Havel et le village de Werder, \u00e0 35 km de Berlin.<\/p>\n<p class=\"lead \">Soit le 52e parall\u00e8le nord, \u00e0 la m\u00eame latitude que la Mongolie ou l&rsquo;Alaska. Ce qui fait de son vin certifi\u00e9 \u00ab\u00a0de qualit\u00e9\u00a0\u00bb, avec appellation d&rsquo;origine prot\u00e9g\u00e9e (AOP), l&rsquo;un des plus septentrionaux d&rsquo;Europe.<\/p>\n<p class=\"lead \">&#8211; Renaissance &#8211;<\/p>\n<p class=\"lead \">Attest\u00e9e au Moyen-\u00c2ge dans la r\u00e9gion, la culture des vignes y a disparu \u00ab\u00a0\u00e0 cause des gel\u00e9es et des difficult\u00e9s \u00e9conomiques\u00a0\u00bb au milieu du XIXe si\u00e8cle, retrace Manfred Lindicke.<\/p>\n<p class=\"lead \">Elle rena\u00eet apr\u00e8s la r\u00e9unification, port\u00e9e par la passion de pionniers, aid\u00e9s par l&rsquo;augmentation, depuis 1990, de plus d&rsquo;un degr\u00e9 de la temp\u00e9rature moyenne entre avril et octobre, selon l&rsquo;Institut allemand du vin (DWI).<\/p>\n<p class=\"lead \">Depuis 2016 et l&rsquo;assouplissement des r\u00e8gles europ\u00e9ennes, la plantation de vignes a \u00e9t\u00e9 autoris\u00e9e sur plus de 200 hectares de terres dans le nord de l&rsquo;Allemagne. Une vingtaine d&rsquo;exploitations a ainsi essaim\u00e9 en Basse-Saxe (nord-ouest), r\u00e9gion bord\u00e9e par la mer du Nord.<\/p>\n<p class=\"lead \">\u00ab\u00a0Nous avons maintenant des temp\u00e9ratures adapt\u00e9es\u00a0\u00bb, dit Jan Brinkmann, pr\u00e9sident de l&rsquo;association viticole de ce Land.<\/p>\n<p class=\"lead \">Plus de fra\u00eecheur et d&rsquo;eau que dans le sud: sur 1,5 hectare, ce jeune agriculteur a donc remplac\u00e9 ses c\u00e9r\u00e9ales par trois c\u00e9pages pour avoir \u00ab\u00a0quelque chose de moins vuln\u00e9rable\u00a0\u00bb.<\/p>\n<p class=\"lead \">\u00ab\u00a0Cela prend bien s\u00fbr du temps\u00a0\u00bb pour que son vin de table devienne un produit de qualit\u00e9, admet-il.<\/p>\n<p class=\"lead \">L\u00e9ger et fruit\u00e9, le pinotin de Werder est d\u00e9j\u00e0 convaincant. \u00ab\u00a0Nous avons plus de soleil et le vin s&rsquo;am\u00e9liore sans cesse. Surtout le rouge\u00a0\u00bb, se r\u00e9jouit Peter Weymann en coupant des grappes chez les Lindicke.<\/p>\n<p class=\"lead \">Chemise blanche t\u00e2ch\u00e9e de raisin, ce vendangeur b\u00e9n\u00e9vole de 71 ans estime que \u00ab\u00a0les vignerons allemands n&rsquo;ont plus besoin de se cacher face aux Italiens et Espagnols\u00a0\u00bb.<\/p>\n<p class=\"lead \">Un enthousiasme que temp\u00e8re son ami Manfred Lindicke. Il d\u00e9plore \u00ab\u00a0des vendanges de plus en plus pr\u00e9coces\u00a0\u00bb, \u00ab\u00a0les coups de soleil\u00a0\u00bb qui peuvent endommager certaines vari\u00e9t\u00e9s et \u00ab\u00a0la s\u00e9cheresse\u00a0\u00bb qui l&rsquo;a forc\u00e9 \u00e0 am\u00e9nager un syst\u00e8me d&rsquo;irrigation au goutte \u00e0 goutte.<\/p>\n<p class=\"lead \">Mais aussi la gr\u00eale, les gel\u00e9es tardives et des pluies \u00ab\u00a0excessives\u00a0\u00bb.<\/p>\n<p class=\"lead \">&#8211; Revers de la m\u00e9daille &#8211;<\/p>\n<p class=\"lead \">Si les viticulteurs allemands sont \u00ab\u00a0encore globalement gagnants face au changement climatique\u00a0\u00bb, selon le DWI, l&rsquo;augmentation de ces ph\u00e9nom\u00e8nes extr\u00eames constitue le \u00ab\u00a0revers de la m\u00e9daille\u00a0\u00bb.<\/p>\n<p class=\"lead \">Ils doivent aussi faire front face aux maladies: mildiou apr\u00e8s des printemps et \u00e9t\u00e9s humides, esca durant les \u00e9t\u00e9s secs et chauds, \u00ab\u00a0bois noir\u00a0\u00bb transmis par un insecte arriv\u00e9 d&rsquo;Europe du sud, mouche du vinaigre&#8230;<\/p>\n<p class=\"lead \">En Basse-Saxe, le changement climatique rend la viticulture \u00ab\u00a0possible\u00a0\u00bb, mais aussi \u00ab\u00a0toujours plus difficile\u00a0\u00bb, r\u00e9sume Jan Brinkmann.<\/p>\n<p class=\"lead \">Pour parer \u00e0 ces fl\u00e9aux, de nouveaux c\u00e9pages dits \u00ab\u00a0PiWi\u00a0\u00bb, soit \u00ab\u00a0r\u00e9sistants aux champignons\u00a0\u00bb, ont \u00e9t\u00e9 implant\u00e9s sur plus de 3% de la surface viticole du pays, et plus de la moiti\u00e9 de celle de Manfred Lindicke.<\/p>\n<p class=\"lead \">Ces efforts d&rsquo;adaptation s&rsquo;ajoutent \u00e0 un environnement \u00e9conomique difficile notamment depuis le Covid-19 et la baisse de la demande.<\/p>\n<p class=\"lead \">R\u00e9sultat: les Allemands pr\u00e9f\u00e8rent des vins bon march\u00e9 de voisins europ\u00e9ens. \u00ab\u00a0Si vous obtenez un sauvignon blanc de France pour 2,50 euros\u00a0\u00bb dans un supermarch\u00e9, \u00ab\u00a0et que vous devez payer 12 ou 15 euros pour le mien, cela n&rsquo;a pas de sens\u00a0\u00bb, souffle Manfred Lindicke.<\/p>\n<p class=\"lead \">A 75 ans, le vigneron cherche donc toujours un repreneur.<\/p>\n<p class=\"small font-weight-bold text-gray3 \"> publi\u00e9 le 21 septembre \u00e0 10h13, AFP<\/p>\n<p>                             Partager<\/p>\n","protected":false},"excerpt":{"rendered":"Le feuillage g\u00e9n\u00e9reux des vignes cache la dizaine de vendangeurs \u00e0 l&rsquo;oeuvre sur la colline, en cette chaude&hellip;\n","protected":false},"author":2,"featured_media":407133,"comment_status":"","ping_status":"","sticky":false,"template":"","format":"standard","meta":{"footnotes":""},"categories":[1587],"tags":[11,672,1804,1129,1805,1803,1777,674,1801,12,1802,18193],"class_list":{"0":"post-407132","1":"post","2":"type-post","3":"status-publish","4":"format-standard","5":"has-post-thumbnail","7":"category-allemagne","8":"tag-actualites","9":"tag-allemagne","10":"tag-bundesrepublik-deutschland","11":"tag-climat","12":"tag-de","13":"tag-deutschland","14":"tag-eu","15":"tag-europe","16":"tag-germany","17":"tag-news","18":"tag-republique-federale-dallemagne","19":"tag-viticulture"},"share_on_mastodon":{"url":"https:\/\/pubeurope.com\/@fr\/115242231688745759","error":""},"_links":{"self":[{"href":"https:\/\/www.europesays.com\/fr\/wp-json\/wp\/v2\/posts\/407132","targetHints":{"allow":["GET"]}}],"collection":[{"href":"https:\/\/www.europesays.com\/fr\/wp-json\/wp\/v2\/posts"}],"about":[{"href":"https:\/\/www.europesays.com\/fr\/wp-json\/wp\/v2\/types\/post"}],"author":[{"embeddable":true,"href":"https:\/\/www.europesays.com\/fr\/wp-json\/wp\/v2\/users\/2"}],"replies":[{"embeddable":true,"href":"https:\/\/www.europesays.com\/fr\/wp-json\/wp\/v2\/comments?post=407132"}],"version-history":[{"count":0,"href":"https:\/\/www.europesays.com\/fr\/wp-json\/wp\/v2\/posts\/407132\/revisions"}],"wp:featuredmedia":[{"embeddable":true,"href":"https:\/\/www.europesays.com\/fr\/wp-json\/wp\/v2\/media\/407133"}],"wp:attachment":[{"href":"https:\/\/www.europesays.com\/fr\/wp-json\/wp\/v2\/media?parent=407132"}],"wp:term":[{"taxonomy":"category","embeddable":true,"href":"https:\/\/www.europesays.com\/fr\/wp-json\/wp\/v2\/categories?post=407132"},{"taxonomy":"post_tag","embeddable":true,"href":"https:\/\/www.europesays.com\/fr\/wp-json\/wp\/v2\/tags?post=407132"}],"curies":[{"name":"wp","href":"https:\/\/api.w.org\/{rel}","templated":true}]}}