{"id":407144,"date":"2025-09-21T12:19:15","date_gmt":"2025-09-21T12:19:15","guid":{"rendered":"https:\/\/www.europesays.com\/fr\/407144\/"},"modified":"2025-09-21T12:19:15","modified_gmt":"2025-09-21T12:19:15","slug":"on-y-va-comme-si-on-sortait-de-lhopital-un-pas-apres-lautre-confie-matthieu-pavon-apres-une-annee-ratee","status":"publish","type":"post","link":"https:\/\/www.europesays.com\/fr\/407144\/","title":{"rendered":"\u00abOn y va comme si on sortait de l\u2019h\u00f4pital, un pas apr\u00e8s l\u2019autre\u00bb, confie Matthieu Pavon apr\u00e8s une ann\u00e9e rat\u00e9e"},"content":{"rendered":"<p>Auteur d\u2019une saison tr\u00e8s d\u00e9cevante sur le PGA Tour, le d\u00e9sormais num\u00e9ro 3 fran\u00e7ais aborde l\u2019open national sans pression avec \u00e0 ses c\u00f4t\u00e9s son ancien coach.<\/p>\n<p class=\"fig-paragraph\">\u00c0 St-Nom-la-Bret\u00e8che,<\/p>\n<p class=\"fig-paragraph\">Apr\u00e8s une premi\u00e8re ann\u00e9e presque parfaite sur le PGA Tour, Matthieu Pavon traverse actuellement\u00a0<a href=\"http:\/\/golf.lefigaro.fr\/actualite\/majeurs\/masters-d-augusta-matthieu-pavon-en-galere-un-an-apres-son-bapteme-de-feu-reussi-20250410\" data-fig-type=\"Article\" data-gtm-custom-categorie=\"navigation\" data-gtm-custom-action=\"crossclick\" data-gtm-custom-label=\"Contextuel\" data-gtm-event=\"customEventSPE\" data-fig-domain=\"GOLF\" target=\"_blank\" rel=\"noopener\">une p\u00e9riode tr\u00e8s compliqu\u00e9e.<\/a>\u00a0Le premier Fran\u00e7ais vainqueur sur le circuit am\u00e9ricain (Torrey Pines l\u2019ann\u00e9e derni\u00e8re), qui avait atteint la 20e place mondiale et termin\u00e9 2024 \u00e0 la 31e, a chut\u00e9 quelques mois plus tard \u00e0 la 127e. Avec comme meilleure performance sur 22 tournois disput\u00e9s, une 41e place au PGA Championship en mai, \u00e0 Quail Hollow.<\/p>\n<p>                                    <a class=\"fig-a11y-skip a11y-hidden\" href=\"#fig-a11y-skip-main-inarticle\"><br \/>\n        Passer la publicit\u00e9<br \/>\n    <\/a><\/p>\n<p class=\"fig-paragraph\">Pavon occupe actuellement une modeste 166e place au classement am\u00e9ricain. Loin, tr\u00e8s loin des attentes. En 2026, il restera tout de m\u00eame sur le PGA Tour gr\u00e2ce \u00e0 son statut (exemption de vainqueur). C\u2019est la raison pour laquelle, selon lui, il\u00a0<a href=\"http:\/\/golf.lefigaro.fr\/actualite\/tours-americains\/golf-matthieu-pavon-change-d-entraineur-20241202\" data-fig-type=\"NewsFlash\" data-gtm-custom-categorie=\"navigation\" data-gtm-custom-action=\"crossclick\" data-gtm-custom-label=\"Contextuel\" data-gtm-event=\"customEventSPE\" data-fig-domain=\"GOLF\" target=\"_blank\" rel=\"noopener\">a pris le risque de changer de coach<\/a>\u00a0en fin de saison derni\u00e8re pour tenter d\u2019aller encore plus haut. Pari perdu.<\/p>\n<blockquote class=\"fig-quote&#10;    \">\n<p class=\"fig-quote__text\">Je sentais des faiblesses dans certains compartiments que je voulais am\u00e9liorer. C\u2019\u00e9tait l\u2019ann\u00e9e pour moi parfaite pour essayer. Malheureusement, \u00e7a n\u2019a pas march\u00e9.<\/p>\n<p>            Mathieu Pavon\n    <\/p><\/blockquote>\n<p class=\"fig-paragraph\">Mercredi matin, en conf\u00e9rence de presse, le Bordelais de 32 ans n\u2019a pas fait dans la langue de bois quand il a fallu \u00e9voquer son choix de changer de coach alors qu\u2019il produisait le meilleur golf de sa carri\u00e8re. \u00abCe n\u2019est pas le changement que je regrette. C\u2019est ce qui m\u2019a amen\u00e9 \u00e0 changer. Je pense que j\u2019aurais pu g\u00e9rer des choses diff\u00e9remment avec Jamie (Gough), dans notre dialogue et dans ma d\u00e9cision. Il y avait aussi ce fameux luxe d\u2019avoir la carte du PGA tour garantie. Pour moi, c\u2019\u00e9tait maintenant ou jamais, pour avoir une autre expertise avec quelqu\u2019un qui pouvait m\u2019apporter quelque chose de suppl\u00e9mentaire. \u00c0 ce moment-l\u00e0, j\u2019\u00e9tais 25e mondial. Mais moi, j\u2019essayais toujours d\u2019aller plus haut. Je sentais des faiblesses dans certains compartiments que je voulais am\u00e9liorer. C\u2019\u00e9tait l\u2019ann\u00e9e parfaite pour essayer. Malheureusement, \u00e7a n\u2019a pas march\u00e9.\u00bb<\/p>\n<p class=\"fig-paragraph\">Fin juillet, il a annonc\u00e9 la fin de sa collaboration avec Mark Blackburn, avant de renouer quelques jours plus tard avec Gough, son ancien coach. \u00abJe suis content des trajectoires, de la frappe de balle. \u00c7a faisait un petit moment que je ne m\u2019\u00e9tais pas senti avec autant de libert\u00e9 dans mon jeu. On a cette complicit\u00e9 qui est revenue naturellement avec Jamie. \u00c7a fait 10 jours qu\u2019on travaille dur et les sensations progressent. Ce qui est bien et int\u00e9ressant, c\u2019est qu\u2019on n\u2019a pas tout mis \u00e0 la poubelle le travail effectu\u00e9 avec Mark. En alliant le travail de Jamie et quelques conseils de Marc, on arrive \u00e0 trouver quelque chose d\u2019int\u00e9ressant. On y va comme si on sortait de l\u2019h\u00f4pital, un pas apr\u00e8s l\u2019autre et puis chaque jour devient meilleur. Jamie a tout de suite cern\u00e9 les priorit\u00e9s. On est revenu sur des basiques.\u00bb<\/p>\n<blockquote class=\"fig-quote&#10;    \">\n<p class=\"fig-quote__text\">Je suis un grand comp\u00e9titeur et je n\u2019aime pas me faire battre par le parcours toutes les semaines, je n\u2019aime pas manquer les cuts et produire du mauvais jeu pour moi et mes proches.<\/p>\n<p>            Matthieu Pavon\n    <\/p><\/blockquote>\n<p class=\"fig-paragraph\">Avant de conna\u00eetre une ann\u00e9e exceptionnelle sur le PGA Tour, le natif de Toulouse avait aussi beaucoup gal\u00e9r\u00e9. Il l\u2019assure, ses difficult\u00e9s pass\u00e9es peuvent lui servir pour rebondir la saison prochaine\u00a0: \u00abCe n\u2019est pas quelque chose qu\u2019on prend avec le sourire. Je suis un grand comp\u00e9titeur et je n\u2019aime pas me faire battre par le parcours toutes les semaines, je n\u2019aime pas manquer les cuts et produire du mauvais jeu pour moi et mes proches. Mais j\u2019ai d\u00e9j\u00e0 eu des p\u00e9riodes compliqu\u00e9es dans ma carri\u00e8re. Je me souviens tr\u00e8s bien d\u2019\u00eatre en pleurs au t\u00e9l\u00e9phone avec ma femme et lui dire que malgr\u00e9 tous les efforts produits, je ne deviendrai jamais un champion.\u00bb<\/p>\n<blockquote class=\"fig-quote&#10;    \">\n<p class=\"fig-quote__text\">C\u2019est un endroit (Saint-Nom-la-Bret\u00e8che), qui a quand m\u00eame \u00e9norm\u00e9ment de charme compar\u00e9 au golf national.\u00a0<\/p>\n<p>            Matthieu Pavon\n    <\/p><\/blockquote>\n<p class=\"fig-paragraph\">Assur\u00e9 d\u2019\u00e9voluer encore la saison prochaine sur le circuit am\u00e9ricain, Pavon a d\u00e9barqu\u00e9 sans pression sur le parcours de Saint-Nom-la-Bret\u00e8che qui remplace provisoirement cette ann\u00e9e le golf national (en travaux). \u00ab Je n\u2019ai jou\u00e9 qu\u2019une seule fois ici sur l\u2019un des deux parcours mais je ne sais plus lequel. \u00c7a fait un petit moment.\u00a0\u00bb Une nouveaut\u00e9 qui n\u2019est pas pour lui d\u00e9plaire, lui qui n\u2019a jamais eu le parcours de l\u2019Albatros dans l\u2019\u0153il\u00a0: \u00abC\u2019est s\u00fbr que quand on joue \u00e0 domicile un golf difficile comme le golf national, cela peut cr\u00e9er des peurs et des traumatismes sur certains coups qu\u2019on a pu manquer auparavant. On se souvient des bons, mais aussi des mauvais coups. L\u00e0, c\u2019est une page blanche. C\u2019est g\u00e9nial de d\u00e9couvrir un nouveau parcours, d\u2019autant plus qu\u2019il est dans un \u00e9tat merveilleux. C\u2019est un endroit, qui a quand m\u00eame \u00e9norm\u00e9ment de charme compar\u00e9 au golf national. Donc, tout est r\u00e9uni pour faire un super Open de France. \u00bb<\/p>\n","protected":false},"excerpt":{"rendered":"Auteur d\u2019une saison tr\u00e8s d\u00e9cevante sur le PGA Tour, le d\u00e9sormais num\u00e9ro 3 fran\u00e7ais aborde l\u2019open national sans&hellip;\n","protected":false},"author":2,"featured_media":407145,"comment_status":"","ping_status":"","sticky":false,"template":"","format":"standard","meta":{"footnotes":""},"categories":[1418],"tags":[7718,1011,27,1472,23113,6671,60],"class_list":{"0":"post-407144","1":"post","2":"type-post","3":"status-publish","4":"format-standard","5":"has-post-thumbnail","7":"category-golf","8":"tag-dp-world-tour","9":"tag-fr","10":"tag-france","11":"tag-golf","12":"tag-matthieu-pavon","13":"tag-pga-tour","14":"tag-sports"},"share_on_mastodon":{"url":"https:\/\/pubeurope.com\/@fr\/115242255172141804","error":""},"_links":{"self":[{"href":"https:\/\/www.europesays.com\/fr\/wp-json\/wp\/v2\/posts\/407144","targetHints":{"allow":["GET"]}}],"collection":[{"href":"https:\/\/www.europesays.com\/fr\/wp-json\/wp\/v2\/posts"}],"about":[{"href":"https:\/\/www.europesays.com\/fr\/wp-json\/wp\/v2\/types\/post"}],"author":[{"embeddable":true,"href":"https:\/\/www.europesays.com\/fr\/wp-json\/wp\/v2\/users\/2"}],"replies":[{"embeddable":true,"href":"https:\/\/www.europesays.com\/fr\/wp-json\/wp\/v2\/comments?post=407144"}],"version-history":[{"count":0,"href":"https:\/\/www.europesays.com\/fr\/wp-json\/wp\/v2\/posts\/407144\/revisions"}],"wp:featuredmedia":[{"embeddable":true,"href":"https:\/\/www.europesays.com\/fr\/wp-json\/wp\/v2\/media\/407145"}],"wp:attachment":[{"href":"https:\/\/www.europesays.com\/fr\/wp-json\/wp\/v2\/media?parent=407144"}],"wp:term":[{"taxonomy":"category","embeddable":true,"href":"https:\/\/www.europesays.com\/fr\/wp-json\/wp\/v2\/categories?post=407144"},{"taxonomy":"post_tag","embeddable":true,"href":"https:\/\/www.europesays.com\/fr\/wp-json\/wp\/v2\/tags?post=407144"}],"curies":[{"name":"wp","href":"https:\/\/api.w.org\/{rel}","templated":true}]}}