{"id":407156,"date":"2025-09-21T12:28:11","date_gmt":"2025-09-21T12:28:11","guid":{"rendered":"https:\/\/www.europesays.com\/fr\/407156\/"},"modified":"2025-09-21T12:28:11","modified_gmt":"2025-09-21T12:28:11","slug":"priscilla-presley-revient-sur-le-mariage-de-sa-fille-lisa-marie-avec-le-roi-de-la-pop","status":"publish","type":"post","link":"https:\/\/www.europesays.com\/fr\/407156\/","title":{"rendered":"Priscilla Presley revient sur le mariage de sa fille, Lisa Marie, avec le roi de la pop"},"content":{"rendered":"<p>                                    <img decoding=\"async\" src=\"https:\/\/www.europesays.com\/fr\/wp-content\/uploads\/2025\/09\/6419b96ed4d38f6ba6d2b77d2f7fbbe8d9f07c7495219b22d1dc2742920ebc7d.jpg\" alt=\"&quot;Priscilla&quot; de Sofia Coppola, la bande-annonce\" class=\"a11y-hidden\" fetchpriority=\"high\"\/><\/p>\n<p>Dans son livre, Softly, As I Leave You\u00a0: Life After Elvis, Priscilla Presley \u00e9voque le mariage bref et tumultueux de sa fille, Lisa Marie, avec le chanteur de Thriller.<\/p>\n<p class=\"fig-paragraph\">C\u2019\u00e9tait le 26 mai 1994. Ce jour-l\u00e0,\u00a0<a href=\"http:\/\/madame.lefigaro.fr\/celebrites\/actu-people\/retour-sur-le-mariage-tres-controverse-de-lisa-marie-presley-et-michael-jackson-en-1994-20230113\" data-fig-type=\"Article\" data-gtm-custom-categorie=\"navigation\" data-gtm-custom-action=\"crossclick\" data-gtm-custom-label=\"Contextuel\" data-gtm-event=\"customEventSPE\" data-fig-domain=\"MADAME\" target=\"_blank\" rel=\"noopener\">Lisa Marie Presley \u00e9pouse Michael Jackson<\/a>. Un mariage qui durera \u00e0 peine deux ans, puisque les \u00e9poux divorcent en 1996. Et de ce que la fille d\u2019Elvis et Priscilla Presley a bien voulu \u00e9voquer dans la presse,\u00a0<a href=\"http:\/\/madame.lefigaro.fr\/celebrites\/j-etais-terrifiee-lisa-marie-presley-revele-que-michael-jackson-etait-toujours-vierge-au-debut-de-leur-relation-20241008\" data-fig-type=\"Article\" data-gtm-custom-categorie=\"navigation\" data-gtm-custom-action=\"crossclick\" data-gtm-custom-label=\"Contextuel\" data-gtm-event=\"customEventSPE\" data-fig-domain=\"MADAME\" target=\"_blank\" rel=\"noopener\">cette union \u00e9tait pour le moins tumultueuse<\/a>, notamment \u00e0 cause des accusations de p\u00e9dophilie qui visaient le chanteur et de son \u00e9tat de sant\u00e9 qui se d\u00e9gradaient de plus en plus. Dans ses m\u00e9moires, Softly, As I Leave You\u00a0: Life After Elvis, Priscilla Presley s\u2019est exprim\u00e9e sur cette relation qui unissait sa fille, d\u00e9c\u00e9d\u00e9e le 12 janvier 2023, au roi de la pop. Comme le rapporte\u00a0<a href=\"https:\/\/www.the-sun.com\/entertainment\/15222112\/priscilla-presley-slams-manipulative-michael-jackson-and-spills-on-his-sex-life-and-baby-plans-with-lisa-marie\/\" target=\"_blank\" rel=\"sponsored noopener\" data-gtm-custom-categorie=\"navigation\" data-gtm-custom-action=\"crossclick\" data-gtm-custom-label=\"Contextuel\" data-gtm-event=\"customEventSPE\">The Sun<\/a>, l\u2019ex-femme d\u2019Elvis Presley a affirm\u00e9 avoir toujours \u00e9t\u00e9 contre ce mariage et avoir \u00e9t\u00e9 \u00abconstern\u00e9e\u00bb lorsque Lisa Marie l\u2019a appel\u00e9e pour lui annoncer qu\u2019elle \u00e9pousait le chanteur de Thriller. \u00abJ\u2019\u00e9tais constern\u00e9e par ce mariage\u00bb, a-t-elle \u00e9crit dans son ouvrage. \u00abJe savais au fond de moi que Michael n\u2019\u00e9pousait pas Lisa Marie, il \u00e9pousait la dynastie Presley.\u00bb<\/p>\n<p class=\"fig-body-link&#10;    \">\n            \u00c0 lire aussi<br \/>\n        <a class=\"fig-body-link__link\" href=\"http:\/\/madame.lefigaro.fr\/celebrites\/actu-people\/debranchez-la-docteur-priscilla-presley-accusee-d-avoir-precipite-la-mort-de-sa-fille-lisa-marie-20250906\" data-fig-type=\"Article\" data-gtm-custom-categorie=\"navigation\" data-gtm-custom-action=\"crossclick\" data-gtm-custom-label=\"Contextuel\" data-gtm-event=\"customEventSPE\" data-fig-domain=\"MADAME\" target=\"_blank\" rel=\"noopener\">\u00abD\u00e9branchez-la docteur\u00bb\u00a0: Priscilla Presley accus\u00e9e d\u2019avoir pr\u00e9cipit\u00e9 la mort de sa fille, Lisa Marie<\/a>\n<\/p>\n<p>    Michael Jackson et Lisa Marie Presley au Nerverland Ranch en Californie.<br \/>\n                Zuma\/ABACA<\/p>\n<p>\u00abSon masque public\u00bb<\/p>\n<p class=\"fig-paragraph\">En effet, l\u2019hypoth\u00e8se avait d\u00e9j\u00e0 \u00e9t\u00e9 \u00e9voqu\u00e9e dans les m\u00e9dias \u00e0 l\u2019\u00e9poque. Selon Priscilla Presley, si Michael Jackson a\u00a0<a href=\"http:\/\/madame.lefigaro.fr\/celebrites\/actu-people\/en-video-l-etrange-et-genant-baiser-de-michael-jackson-et-lisa-marie-presley-sur-la-scene-des-mtv-awards-20230114\" data-fig-type=\"Article\" data-gtm-custom-categorie=\"navigation\" data-gtm-custom-action=\"crossclick\" data-gtm-custom-label=\"Contextuel\" data-gtm-event=\"customEventSPE\" data-fig-domain=\"MADAME\" target=\"_blank\" rel=\"noopener\">d\u00e9cid\u00e9 d\u2019\u00e9pouser Lisa Marie<\/a>, c\u2019est parce qu\u2019il avait besoin de \u00abbonne publicit\u00e9\u00bb apr\u00e8s avoir \u00e9t\u00e9 accus\u00e9 de p\u00e9dophilie. \u00abMichael \u00e9tait un homme manipulateur, et je pense qu\u2019il avait jet\u00e9 son d\u00e9volu sur elle bien avant qu\u2019elle ne s\u2019en rende compte\u00bb, a \u00e9crit Priscilla Presley dans ses m\u00e9moires. \u00abL\u2019innocence enfantine qu\u2019il projetait faisait partie de son masque public.\u00bb \u00c0 travers les pages de son ouvrage, elle a d\u00e9crit cette relation comme \u00e9tant \u00abbizarre\u00bb et a notamment affirm\u00e9 que le chanteur faisait tout pour l\u2019\u00e9viter, \u00abpr\u00e9f\u00e9rant rester avec des enfants plut\u00f4t qu\u2019avec des adultes lors des r\u00e9unions de famille\u00bb, rapporte The Sun. Si Lisa Marie avait confi\u00e9 \u00e0 sa m\u00e8re que Michael Jackson voulait un enfant avec elle, ce souhait ne se r\u00e9alisera finalement pas. En 1996, elle demande le divorce. \u00abJe pouvais pratiquement entendre Elvis soupirer de soulagement\u00bb, a confi\u00e9 Priscilla Presley \u00e0 propos du moment o\u00f9 elle a appris que sa fille se s\u00e9parait du chanteur. Toutefois, en 2010, Lisa Marie a avou\u00e9, dans une interview pour Oprah Winfrey, qu\u2019elle s\u2019\u00e9tait remise en couple avec le chanteur plusieurs fois apr\u00e8s leur s\u00e9paration.<\/p>\n","protected":false},"excerpt":{"rendered":"Dans son livre, Softly, As I Leave You\u00a0: Life After Elvis, Priscilla Presley \u00e9voque le mariage bref et&hellip;\n","protected":false},"author":2,"featured_media":407157,"comment_status":"","ping_status":"","sticky":false,"template":"","format":"standard","meta":{"footnotes":""},"categories":[1359],"tags":[1193,58,59,1011,27,35268,973],"class_list":{"0":"post-407156","1":"post","2":"type-post","3":"status-publish","4":"format-standard","5":"has-post-thumbnail","7":"category-people","8":"tag-couple","9":"tag-divertissement","10":"tag-entertainment","11":"tag-fr","12":"tag-france","13":"tag-michael-jackson","14":"tag-people"},"share_on_mastodon":{"url":"https:\/\/pubeurope.com\/@fr\/115242291336106751","error":""},"_links":{"self":[{"href":"https:\/\/www.europesays.com\/fr\/wp-json\/wp\/v2\/posts\/407156","targetHints":{"allow":["GET"]}}],"collection":[{"href":"https:\/\/www.europesays.com\/fr\/wp-json\/wp\/v2\/posts"}],"about":[{"href":"https:\/\/www.europesays.com\/fr\/wp-json\/wp\/v2\/types\/post"}],"author":[{"embeddable":true,"href":"https:\/\/www.europesays.com\/fr\/wp-json\/wp\/v2\/users\/2"}],"replies":[{"embeddable":true,"href":"https:\/\/www.europesays.com\/fr\/wp-json\/wp\/v2\/comments?post=407156"}],"version-history":[{"count":0,"href":"https:\/\/www.europesays.com\/fr\/wp-json\/wp\/v2\/posts\/407156\/revisions"}],"wp:featuredmedia":[{"embeddable":true,"href":"https:\/\/www.europesays.com\/fr\/wp-json\/wp\/v2\/media\/407157"}],"wp:attachment":[{"href":"https:\/\/www.europesays.com\/fr\/wp-json\/wp\/v2\/media?parent=407156"}],"wp:term":[{"taxonomy":"category","embeddable":true,"href":"https:\/\/www.europesays.com\/fr\/wp-json\/wp\/v2\/categories?post=407156"},{"taxonomy":"post_tag","embeddable":true,"href":"https:\/\/www.europesays.com\/fr\/wp-json\/wp\/v2\/tags?post=407156"}],"curies":[{"name":"wp","href":"https:\/\/api.w.org\/{rel}","templated":true}]}}