{"id":407158,"date":"2025-09-21T12:29:15","date_gmt":"2025-09-21T12:29:15","guid":{"rendered":"https:\/\/www.europesays.com\/fr\/407158\/"},"modified":"2025-09-21T12:29:15","modified_gmt":"2025-09-21T12:29:15","slug":"les-femmes-heroines-de-la-peinture-de-la-tour-et-mediatrices-entre-les-hommes-et-dieu","status":"publish","type":"post","link":"https:\/\/www.europesays.com\/fr\/407158\/","title":{"rendered":"les femmes, h\u00e9ro\u00efnes de la peinture de La\u00a0Tour et m\u00e9diatrices entre les hommes et Dieu"},"content":{"rendered":"<p data-module=\"fig-standfirst\" data-context=\"@media (min-width:48em)\"><strong>GRAND R\u00c9CIT\u00a0&#8211;<\/strong> Saintes, paysannes, Gitanes, mendiantes, courtisanes&#8230; Ni d\u00e9esses, ni victimes, les personnages f\u00e9minins du Lorrain sont davantage sujets qu\u2019objets de l\u2019action.<\/p>\n<p class=\"fig-paragraph fig-paragraph--dropped\">Cet article est issu du Figaro hors-s\u00e9rie \u00ab Georges de La Tour, Ombres et lumi\u00e8res\u00a0\u00bb. Plongez dans le myst\u00e8re La Tour et\u00a0<a href=\"https:\/\/boutique.lefigaro.fr\/produit\/140822-georges-de-la-tour-l-enigmatique\" target=\"_blank\" rel=\"noopener\" data-gtm-custom-categorie=\"navigation\" data-gtm-custom-action=\"crossclick\" data-gtm-custom-label=\"Contextuel\" data-gtm-event=\"customEventSPE\">la compr\u00e9hension de son \u0153uvre en 160 pages<\/a> \u00a0, magnifiquement illustr\u00e9es.<\/p>\n<p>    \u00ab Georges de La Tour, Ombres et lumi\u00e8res\u00a0\u00bb.<br \/>\n                Le Figaro hors-s\u00e9rie<\/p>\n<p class=\"fig-paragraph fig-paragraph--dropped\">Ma\u00eetre de conf\u00e9rences en litt\u00e9rature fran\u00e7aise, Sophie Doudet enseigne \u00e0 Sciences Po Aix. Elle a publi\u00e9 \u00ab\u00c0 l\u2019ombre de la peste et de la guerre selon Georges de La\u00a0Tour\u00bb (Ateliers Henry Dougier, 2024).<\/p>\n<p class=\"fig-paragraph fig-paragraph--dropped\">L\u2019\u00e9ducation de la Vierge par sa m\u00e8re, la jeune femme qui \u00e9crase une puce sur son ventre, la Gitane qui subtilise la bourse d\u2019un ben\u00eat,\u00a0<a href=\"http:\/\/www.lefigaro.fr\/arts-expositions\/pauvre-comme-job-un-tableau-a-la-hauteur-de-son-sujet-loin-de-toute-lecon-de-morale-par-georges-de-la-tour-20250916\" data-fig-type=\"Article\" data-gtm-custom-categorie=\"navigation\" data-gtm-custom-action=\"crossclick\" data-gtm-custom-label=\"Contextuel\" data-gtm-event=\"customEventSPE\" data-fig-domain=\"LEFIGARO\" target=\"_blank\" rel=\"noopener\">l\u2019immense femme qui raille Job,<\/a>\u00a0les Madeleine p\u00e9nitentes au miroir, les femmes \u00e9merveill\u00e9es qui veillent le nouveau-n\u00e9 endormi, la belle joueuse de cartes au visage ovale\u2026 Si on rajoute \u00e0 cette liste non exhaustive les figures androgynes des anges et des enfants qui portent encore les cheveux longs et la robe-chemise propre \u00e0 leur jeune \u00e2ge, il faut bien reconna\u00eetre que l\u2019univers de<a href=\"http:\/\/www.lefigaro.fr\/arts-expositions\/qui-a-usurpe-l-identite-de-georges-de-la-tour-velasquez-murillo-guido-reni-honthorst-20250918\" data-fig-type=\"Article\" data-gtm-custom-categorie=\"navigation\" data-gtm-custom-action=\"crossclick\" data-gtm-custom-label=\"Contextuel\" data-gtm-event=\"customEventSPE\" data-fig-domain=\"LEFIGARO\" target=\"_blank\" rel=\"noopener\">\u00a0Georges de La\u00a0Tour<\/a>\u00a0peut \u00eatre qualifi\u00e9 de \u00ab\u00a0f\u00e9minin\u00a0\u00bb.<\/p>\n<p class=\"fig-paragraph fig-paragraph--dropped\">De nombreuses femmes (saintes\u2026<\/p>\n<p class=\"fig-premium-paywall__infos\">\n        Cet article est r\u00e9serv\u00e9 aux abonn\u00e9s.        Il vous reste 94% \u00e0 d\u00e9couvrir.\n    <\/p>\n<p>                <img  data- alt=\"Le Figaro\" class=\"fig-img--complete fig-img\"\/><\/p>\n<p class=\"fig-premium-paywall__title\">Vous avez envie de lire la suite ?<\/p>\n<p class=\"fig-premium-paywall__subtitle\">D\u00e9bloquez tous les articles imm\u00e9diatement.<\/p>\n<p class=\"fig-premium-paywall__connect\">\n                D\u00e9j\u00e0 abonn\u00e9\u00a0?                <a class=\"fig-premium-paywall__connect-link\" href=\"https:\/\/connect.lefigaro.fr\/login?client=horizon_web&amp;type=main&amp;redirect_uri=https%3A%2F%2Fwww.lefigaro.fr%2Farts-expositions%2Fsentinelles-de-l-invisible-les-femmes-heroines-de-la-peinture-de-la-tour-et-mediatrices-entre-les-hommes-et-dieu-20250920\" data-js-gtm=\"{&quot;customCategorie&quot;: &quot;conversion&quot;, &quot;customAction&quot;: &quot;before_Landing_Connexion_paywall_auto&quot;, &quot;customLabel&quot;: &quot;bGVmaWdhcm8uZnJfXzFmMDk1MzY0LWNmOTEtNjUzYy04NGYyLWJkNzE2OWEyZTNlZl9fQXJ0aWNsZQ==_Sentinelles de l\u2019invisible\u00a0: les femmes, h\u00e9ro\u00efnes de la peinture de La\u00a0Tour et m\u00e9diatrices entre les hommes et Dieu_23&quot;, &quot;customIDSPE&quot;: &quot;bGVmaWdhcm8uZnJfXzFmMDk1MzY0LWNmOTEtNjUzYy04NGYyLWJkNzE2OWEyZTNlZl9fQXJ0aWNsZQ==&quot;, &quot;event&quot;: &quot;customEventSPE&quot;}\" target=\"_blank\" rel=\"noopener\"><br \/>\n                    Connectez-vous<br \/>\n                <\/a>\n            <\/p>\n","protected":false},"excerpt":{"rendered":"GRAND R\u00c9CIT\u00a0&#8211; Saintes, paysannes, Gitanes, mendiantes, courtisanes&#8230; Ni d\u00e9esses, ni victimes, les personnages f\u00e9minins du Lorrain sont davantage&hellip;\n","protected":false},"author":2,"featured_media":407159,"comment_status":"","ping_status":"","sticky":false,"template":"","format":"standard","meta":{"footnotes":""},"categories":[1358],"tags":[1348,1384,1385,1386,58,59,1011,27,51539,1585],"class_list":{"0":"post-407158","1":"post","2":"type-post","3":"status-publish","4":"format-standard","5":"has-post-thumbnail","7":"category-arts-et-design","8":"tag-arts","9":"tag-arts-and-design","10":"tag-arts-et-design","11":"tag-design","12":"tag-divertissement","13":"tag-entertainment","14":"tag-fr","15":"tag-france","16":"tag-georges-de-la-tour","17":"tag-peinture"},"share_on_mastodon":{"url":"https:\/\/pubeurope.com\/@fr\/115242294580168914","error":""},"_links":{"self":[{"href":"https:\/\/www.europesays.com\/fr\/wp-json\/wp\/v2\/posts\/407158","targetHints":{"allow":["GET"]}}],"collection":[{"href":"https:\/\/www.europesays.com\/fr\/wp-json\/wp\/v2\/posts"}],"about":[{"href":"https:\/\/www.europesays.com\/fr\/wp-json\/wp\/v2\/types\/post"}],"author":[{"embeddable":true,"href":"https:\/\/www.europesays.com\/fr\/wp-json\/wp\/v2\/users\/2"}],"replies":[{"embeddable":true,"href":"https:\/\/www.europesays.com\/fr\/wp-json\/wp\/v2\/comments?post=407158"}],"version-history":[{"count":0,"href":"https:\/\/www.europesays.com\/fr\/wp-json\/wp\/v2\/posts\/407158\/revisions"}],"wp:featuredmedia":[{"embeddable":true,"href":"https:\/\/www.europesays.com\/fr\/wp-json\/wp\/v2\/media\/407159"}],"wp:attachment":[{"href":"https:\/\/www.europesays.com\/fr\/wp-json\/wp\/v2\/media?parent=407158"}],"wp:term":[{"taxonomy":"category","embeddable":true,"href":"https:\/\/www.europesays.com\/fr\/wp-json\/wp\/v2\/categories?post=407158"},{"taxonomy":"post_tag","embeddable":true,"href":"https:\/\/www.europesays.com\/fr\/wp-json\/wp\/v2\/tags?post=407158"}],"curies":[{"name":"wp","href":"https:\/\/api.w.org\/{rel}","templated":true}]}}