{"id":407164,"date":"2025-09-21T12:32:10","date_gmt":"2025-09-21T12:32:10","guid":{"rendered":"https:\/\/www.europesays.com\/fr\/407164\/"},"modified":"2025-09-21T12:32:10","modified_gmt":"2025-09-21T12:32:10","slug":"june-the-girl-lexorciste-pop-et-rock-de-la-chanson-francaise","status":"publish","type":"post","link":"https:\/\/www.europesays.com\/fr\/407164\/","title":{"rendered":"June The Girl, l\u2019exorciste pop et rock de la chanson fran\u00e7aise"},"content":{"rendered":"<p>Norman Bates de Psychose, Freddy Krueger des Griffes de la nuit, le Slender Man\u2026 Tels sont les h\u00f4tes, figures inqui\u00e9tantes du cin\u00e9ma de genre, qui peuplent les chansons de Sweet Th\u00e9rapie, le premier album, fourmillant de r\u00e9f\u00e9rence \u00e0 la pop culture, de <a href=\"https:\/\/www.20minutes.fr\/arts-stars\/culture\/4055293-20230930-american-horror-story-classe-onze-premieres-saisons-june-the-girl\" class=\"c-link c-link--is-underlined\" target=\"_blank\" rel=\"noopener\">June The Girl<\/a>, sorti d\u00e9but septembre.<\/p>\n<p class=\"mb-xxl@xs color-ultramarine font-weight-semi-bold@xs font-source-serif-pro heading-s@xs\">L\u2019acc\u00e8s \u00e0 ce contenu a \u00e9t\u00e9 bloqu\u00e9 afin de respecter votre choix de consentement<\/p>\n<p class=\"mb-m@xs text-l@xs\">En cliquant sur\u00ab J\u2019accepte \u00bb, vous acceptez le d\u00e9p\u00f4t de cookies par des services externes et aurez ainsi acc\u00e8s aux contenus de nos partenaires.<\/p>\n<p class=\"mb-xl@xs text-s@xs\">Plus d\u2019informations sur la page<a href=\"https:\/\/www.20minutes.fr\/gestion-cookies\" class=\"mx-xxs@xs color-ultramarine\" target=\"_blank\" rel=\"noopener\">Politique de gestion des cookies<\/a><\/p>\n<p>J\u2019accepte<\/p>\n<p>L\u2019artiste de 30 ans assume son go\u00fbt pour les films d\u2019horreur. \u00ab\u00a0C\u2019est un exutoire. Je suis hypersensible, avec un petit c\u00f4t\u00e9 impulsif. Parfois, j\u2019ai du mal \u00e0 contr\u00f4ler mes \u00e9motions quand elles surgissent. Quand je regarde un film de genre, j\u2019ai une sorte de contr\u00f4le sur ce que je ressens, il y a quelque chose de tr\u00e8s rassurant pour moi. La r\u00e9alit\u00e9 me fait beaucoup plus peur\u00a0\u00bb, raconte-t-elle \u00e0 20 Minutes.<\/p>\n<p>\u00ab\u00a0Je dis toujours que ma vie familiale est un cimeti\u00e8re\u00a0\u00bb<\/p>\n<p>June The Girl a toujours aim\u00e9 chanter mais, \u00e0 14 ans, alors qu\u2019elle vit en Guyane, elle d\u00e9couvre <a href=\"https:\/\/www.20minutes.fr\/arts-stars\/people\/taylor_swift\/\" class=\"c-link c-link--is-underlined\" target=\"_blank\" rel=\"noopener\">Taylor Swift<\/a>. Elle se met illico \u00e0 la guitare et s\u2019essaye \u00e0 l\u2019\u00e9criture de ses propres chansons. \u00ab\u00a0C\u2019\u00e9taient les textes d\u2019une fille qui n\u2019a rien connu de la vie, qui vit dans sa petite bulle, qui est couv\u00e9e par sa m\u00e8re\u00a0\u00bb, l\u00e2che-t-elle dans un sourire qui dispara\u00eet d\u00e8s la phrase suivante\u00a0: \u00ab\u00a0Le jour o\u00f9 j\u2019ai commenc\u00e9 \u00e0 \u00e9crire des choses un peu plus profondes, malheureusement, c\u2019est le jour o\u00f9 j\u2019ai perdu ma m\u00e8re.\u00a0\u00bb Cette derni\u00e8re est d\u00e9c\u00e9d\u00e9e \u00e0 l\u2019\u00e9t\u00e9\u00a02018, apr\u00e8s s\u2019\u00eatre battue contre un cancer du pancr\u00e9as pendant deux ans. Elle avait 54 ans.<\/p>\n<p>\u00ab\u00a0Je dis toujours que ma vie familiale est un cimeti\u00e8re. Une de mes grands-m\u00e8res est morte d\u2019un cancer du c\u00f4lon \u00e0 60 ans, un grand-p\u00e8re d\u2019une crise cardiaque \u00e0 50 ans, mon grand-oncle \u00e0 50 ans d\u2019un cancer du pancr\u00e9as, ma grande s\u0153ur, il y a un an, d\u2019un cancer du pancr\u00e9as \u00e0 50 ans\u00a0\u00bb, \u00e9num\u00e8re June The Girl, avec le fatalisme de celle qui a d\u00fb surmonter tous ces deuils et doit faire avec ce chapelet de douleurs.<\/p>\n<\/p>\n<p>La carri\u00e8re de cette autrice, compositrice et interpr\u00e8te s\u2019est nourrie de ces chagrins difficilement consolables, mais ceux-ci ne peuvent r\u00e9sumer son parcours. Rembobinons jusqu\u2019\u00e0 l\u2019ann\u00e9e\u00a02013. Celle qui se pr\u00e9nomme Marine \u00e0 l\u2019\u00e9tat civil passe les castings de la saison 9 de \u00ab\u00a0<a href=\"https:\/\/www.20minutes.fr\/dossier\/nouvelle_star\" class=\"c-link c-link--is-underlined\" target=\"_blank\" rel=\"noopener\">Nouvelle Star\u00a0<\/a>\u00bb \u00e0 Marseille, o\u00f9 elle vient de s\u2019installer. Elle franchit plusieurs \u00e9tapes, mais ne parvient pas \u00e0 atteindre celle des \u00e9missions en direct.<\/p>\n<p>Elle remise donc ses r\u00eaves musicaux quelques mois, jusqu\u2019\u00e0 sa rencontre, avec Antoine Essertier qui devient son producteur alors qu\u2019elle signe un contrat avec le label Believe. \u00ab\u00a0C\u2019est lui qui m\u2019a dit qu\u2019\u00eatre interpr\u00e8te, c\u2019est bien, mais qu\u2019\u00e9crire et composer, c\u2019est mieux. Il m\u2019a vraiment pouss\u00e9e et m\u2019a donn\u00e9 mes premi\u00e8res notions. Mais humainement, c\u2019\u00e9tait un peu difficile parce qu\u2019il ne m\u2019aidait pas vraiment \u00e0 avoir confiance en ce que je faisais\u00a0\u00bb, se rem\u00e9more-t-elle.<\/p>\n<p>C\u2019est aussi lui qui la convainc d\u2019adopter June The Girl comme nom de sc\u00e8ne. Au d\u00e9part, elle souhaite prendre le pseudonyme de Juno, pr\u00e9nom \u00e9pic\u00e8ne, en r\u00e9f\u00e9rence au film de Jason Reitman. Antoine Essertier le fait \u00e9voluer en June, en accolant The Girl \u00ab\u00a0parce que c\u2019\u00e9tait l\u2019\u00e9poque de Christine and the Queens\u00a0\u00bb.<\/p>\n<p>\u00ab\u00a0Le monde que je connaissais s\u2019est \u00e9croul\u00e9\u00a0\u00bb<\/p>\n<p>D\u00e9but\u00a02018, elle participe \u00e0 \u00ab\u00a0<a href=\"https:\/\/www.20minutes.fr\/culture\/2210111-20180128-eurovision-chanson-politique-affirme-duo-madame-monsieur-representera-france\" class=\"c-link c-link--is-underlined\" target=\"_blank\" rel=\"noopener\">Destination Eurovision<\/a>\u00a0\u00bb sur <a href=\"https:\/\/www.20minutes.fr\/television\/france_2\/\" class=\"c-link c-link--is-underlined\" target=\"_blank\" rel=\"noopener\">France 2<\/a>, avec sa chanson Same. \u00ab\u00a0Je sais que ma prestation n\u2019\u00e9tait pas dingue, mais ce morceau avait quelque chose. Cela a \u00e9t\u00e9 tr\u00e8s formateur, affirme-t-elle. C\u2019\u00e9tait ma premi\u00e8re \u00e9mission t\u00e9l\u00e9 en prime time sur une cha\u00eene nationale. Donc, c\u2019\u00e9tait incroyable pour moi. C\u2019est aussi la derni\u00e8re fois que ma m\u00e8re a eu l\u2019occasion de me voir sur sc\u00e8ne et le moment o\u00f9 elle s\u2019est enfin dit\u00a0: \u00ab\u00a0c\u2019est donc possible d\u2019en faire un m\u00e9tier\u00a0\u00bb, alors qu\u2019elle en doutait.\u00a0\u00bb<\/p>\n<p>Puis l\u2019\u00e9t\u00e9 arrive, endeuill\u00e9 par le d\u00e9c\u00e8s de sa maman. Le lendemain de la victoire des Bleus au Mondial. En plein moment d\u2019exultation collective, elle, la jeune femme vit une trag\u00e9die intime. \u00ab\u00a0Le monde que je connaissais s\u2019est \u00e9croul\u00e9. Avec mon beau-p\u00e8re, on a perdu notre appartement. On n\u2019avait plus de ressources financi\u00e8res. J\u2019ai d\u00fb tout g\u00e9rer, apprendre ce que c\u2019\u00e9tait que les assurances, m\u2019occuper de l\u2019administratif\u2026 Dans le m\u00eame temps, Believe m\u2019a l\u00e2ch\u00e9e. Et je suis tomb\u00e9e en d\u00e9pression aussi\u00a0\u00bb, confie la trentenaire.<\/p>\n<p>Sa flamme pour la musique vacille et ne parvient alors plus \u00e0 \u00e9clairer ses espoirs. Fran\u00e7ois Welgryn, qui l\u2019a rencontr\u00e9e dans les coulisses de \u00ab\u00a0Destination Eurovision\u00a0\u00bb, la recontacte quelque temps plus tard prendre des nouvelles. \u00ab\u00a0Je l\u2019ai sentie perdue sur la direction \u00e0 prendre. Je lui ai dit\u00a0: \u00ab\u00a0Viens, fais-moi \u00e9couter l\u00e0 o\u00f9 t\u2019en es, et on verra ce qui se passera\u00a0\u00bb\u00a0\u00bb, se souvient celui qui est depuis son manager.<\/p>\n<p>\u00ab\u00a0Je me cat\u00e9gorise comme une chasseuse de monstres\u00a0\u00bb<\/p>\n<p>Leurs \u00e9changes cr\u00e9ent un d\u00e9clic en Marine\/June The Girl &#8211; \u00ab\u00a0il y avait quelque chose de th\u00e9rapeutique\u00a0\u00bb, dit-elle &#8211; et la chanson I\u2019m The Girl voit le jour. Pour l\u2019artiste, elle symbolise \u00ab\u00a0la sortie de la d\u00e9pression\u00a0\u00bb. \u00ab\u00a0June est quand m\u00eame une guerri\u00e8re, elle a toujours une \u00e9nergie dans le d\u00e9sespoir\u00a0\u00bb, glisse Fran\u00e7ois Welgryn.<\/p>\n<p>Au fil du temps et de sa reconstruction personnelle, plusieurs morceaux voient le jour, deux EP, puis un album, paru tout r\u00e9cemment. \u00ab\u00a0Ce disque est une mosa\u00efque de mes dix derni\u00e8res ann\u00e9es\u00a0\u00bb, estime-t-elle. Elle y parle de ses drames, de ses angoisses, de sa vision de l\u2019amour, de la maternit\u00e9\u2026 \u00ab\u00a0J\u2019aimerais que les gens qui l\u2019\u00e9coutent se disent que je ne suis pas parfaite mais tr\u00e8s humaine. Que je raconte les histoires qu\u2019on a tous dans notre t\u00eate. Et que \u00e7a leur fasse du bien. En fait, je me cat\u00e9gorise comme une chasseuse de monstres.\u00a0\u00bb<\/p>\n<p><a href=\"https:\/\/www.20minutes.fr\/arts-stars\/culture\/musique\/\" class=\"c-link c-btn c-btn--primary\" target=\"_blank\" rel=\"noopener\">Tous nos articles Musique<\/a><\/p>\n<p>Jeudi, lors de sa release party aux Etoiles, \u00e0 Paris, June The Girl a parfaitement tenu son r\u00f4le d\u2019exorciste pop et rock. Voix en place, \u00e9nergie \u00e0 revendre, vuln\u00e9rabilit\u00e9 tamis\u00e9e, mouvements \u00e9chevel\u00e9s. \u00ab\u00a0Elle affirme sa force\u00a0\u00bb, note Fran\u00e7ois Welgryn. Elle a prouv\u00e9 qu\u2019elle occupait un cr\u00e9neau \u00e0 part dans le paysage musical fran\u00e7ais. Allusion aux slashers qu\u2019elle aime tant, on oserait presque la renommer June The Final Girl. Comme <a href=\"https:\/\/www.20minutes.fr\/arts-stars\/cinema\/2339659-20180921-festival-strasbourg-femme-figure-indispensable-cinema-fantastique\" class=\"c-link c-link--is-underlined\" target=\"_blank\" rel=\"noopener\">ces h\u00e9ro\u00efnes de films<\/a> qui, malmen\u00e9es, pourchass\u00e9es et menac\u00e9es, parviennent au g\u00e9n\u00e9rique de fin bien vivantes et la t\u00eate haute.<\/p>\n","protected":false},"excerpt":{"rendered":"Norman Bates de Psychose, Freddy Krueger des Griffes de la nuit, le Slender Man\u2026 Tels sont les h\u00f4tes,&hellip;\n","protected":false},"author":2,"featured_media":407165,"comment_status":"","ping_status":"","sticky":false,"template":"","format":"standard","meta":{"footnotes":""},"categories":[1355],"tags":[251,58,59,32645,1011,27,1361,873,10044,1970],"class_list":{"0":"post-407164","1":"post","2":"type-post","3":"status-publish","4":"format-standard","5":"has-post-thumbnail","7":"category-musique","8":"tag-culture","9":"tag-divertissement","10":"tag-entertainment","11":"tag-film-dhorreur","12":"tag-fr","13":"tag-france","14":"tag-music","15":"tag-musique","16":"tag-pop","17":"tag-pop-culture"},"share_on_mastodon":{"url":"https:\/\/pubeurope.com\/@fr\/115242306475898900","error":""},"_links":{"self":[{"href":"https:\/\/www.europesays.com\/fr\/wp-json\/wp\/v2\/posts\/407164","targetHints":{"allow":["GET"]}}],"collection":[{"href":"https:\/\/www.europesays.com\/fr\/wp-json\/wp\/v2\/posts"}],"about":[{"href":"https:\/\/www.europesays.com\/fr\/wp-json\/wp\/v2\/types\/post"}],"author":[{"embeddable":true,"href":"https:\/\/www.europesays.com\/fr\/wp-json\/wp\/v2\/users\/2"}],"replies":[{"embeddable":true,"href":"https:\/\/www.europesays.com\/fr\/wp-json\/wp\/v2\/comments?post=407164"}],"version-history":[{"count":0,"href":"https:\/\/www.europesays.com\/fr\/wp-json\/wp\/v2\/posts\/407164\/revisions"}],"wp:featuredmedia":[{"embeddable":true,"href":"https:\/\/www.europesays.com\/fr\/wp-json\/wp\/v2\/media\/407165"}],"wp:attachment":[{"href":"https:\/\/www.europesays.com\/fr\/wp-json\/wp\/v2\/media?parent=407164"}],"wp:term":[{"taxonomy":"category","embeddable":true,"href":"https:\/\/www.europesays.com\/fr\/wp-json\/wp\/v2\/categories?post=407164"},{"taxonomy":"post_tag","embeddable":true,"href":"https:\/\/www.europesays.com\/fr\/wp-json\/wp\/v2\/tags?post=407164"}],"curies":[{"name":"wp","href":"https:\/\/api.w.org\/{rel}","templated":true}]}}