{"id":407174,"date":"2025-09-21T12:37:10","date_gmt":"2025-09-21T12:37:10","guid":{"rendered":"https:\/\/www.europesays.com\/fr\/407174\/"},"modified":"2025-09-21T12:37:10","modified_gmt":"2025-09-21T12:37:10","slug":"illusion-ou-decouverte-revolutionnaire","status":"publish","type":"post","link":"https:\/\/www.europesays.com\/fr\/407174\/","title":{"rendered":"illusion ou d\u00e9couverte r\u00e9volutionnaire ?"},"content":{"rendered":"<p>Depuis plus de vingt ans, des images capt\u00e9es au fond de la mer des Cara\u00efbes, dans les profondeurs au large de Cuba, intriguent scientifiques et amateurs de myst\u00e8res. Civilisation engloutie ou ph\u00e9nom\u00e8ne g\u00e9ologique, l\u2019affaire reste enti\u00e8re.<\/p>\n<p>En 2001, l\u2019ing\u00e9nieure marine canadienne Paulina Zelitsky et son mari Paul Weinzweig cartographient les fonds marins au large de la p\u00e9ninsule de Guanahacabibes, dans l\u2019ouest de Cuba, \u00e0 la recherche d&rsquo;\u00e9paves de bateaux espagnols datant de l&rsquo;\u00e9poque coloniale, charg\u00e9s d&rsquo;or, explique Laurie Henry, r\u00e9dactrice scientifique \u00e0 <a href=\"https:\/\/www.science-et-vie.com\/science-et-culture\/au-large-de-cuba-cette-mysterieuse-cite-perdue-vieille-dau-moins-6000-ans-remet-en-question-la-chronologie-de-lhistoire-humaine-208071.html\" target=\"_blank\" data-tooltip-url=\"https:\/\/www.science-et-vie.com\/science-et-culture\/au-large-de-cuba-cette-mysterieuse-cite-perdue-vieille-dau-moins-6000-ans-remet-en-question-la-chronologie-de-lhistoire-humaine-208071.html\" rel=\"noopener nofollow\">\u00ab\u00a0Sciences et vie\u00a0\u00bb<\/a>.<\/p>\n<p>Mais leur sonar d\u00e9tecte autre chose : \u00e0 pr\u00e8s de 700 m\u00e8tres de profondeur, apparaissent des formes g\u00e9om\u00e9triques \u00e9tonnantes. Des alignements, des blocs massifs \u00e9voquant des rues, des b\u00e2timents, des sortes de pyramides\u2026 Autant d&rsquo;\u00e9l\u00e9ments qui interpellent et font penser \u00e0 une v\u00e9ritable cit\u00e9 engloutie.<\/p>\n<p>Les vid\u00e9os tourn\u00e9es \u00e0 l\u2019\u00e9poque renforcent cette impression : certaines pierres semblent taill\u00e9es, dispos\u00e9es comme des constructions humaines. Il n&rsquo;en faut pas plus pour faire penser \u00e0 l\u2019Atlantide, cette cit\u00e9 mythique disparue dans l\u2019oc\u00e9an.<\/p>\n<p>Si ces blocs sont vraiment les restes d\u2019une ville, ils seraient plus anciens que les pyramides d\u2019\u00c9gypte, donc \u00e2g\u00e9s de plus de 6 000 ans. Mais l\u00e0 o\u00f9 \u00e7a coince, c\u2019est la profondeur. Pour qu\u2019un site terrestre se retrouve \u00e0 700 m\u00e8tres sous l\u2019eau, il faudrait remonter \u00e0 pr\u00e8s de 50 000 ans, bien avant l\u2019arriv\u00e9e des premi\u00e8res civilisations capables de b\u00e2tir de telles structures.<\/p>\n<p>Cette contradiction fragilise l\u2019id\u00e9e d\u2019une construction humaine et donne du poids \u00e0 l\u2019explication g\u00e9ologique. Des chercheurs pensent donc \u00e0 un ph\u00e9nom\u00e8ne naturel : des roches qui, \u00e0 force de mouvements tectoniques ou d\u2019\u00e9rosion, ont pris des formes g\u00e9om\u00e9triques, \u00e9voquant des structures urbaines.<\/p>\n<p>Le g\u00e9ologue cubain Manuel Iturralde-Vinent parle d\u2019une formation \u00ab\u00a0\u00e9trange\u00a0\u00bb, mais sans preuve mat\u00e9rielle : outils, poteries, artefacts, il est impossible d\u2019affirmer une origine humaine.<\/p>\n<p>Malgr\u00e9 l\u2019int\u00e9r\u00eat m\u00e9diatique, aucune exp\u00e9dition scientifique d\u2019ampleur n\u2019a \u00e9t\u00e9 men\u00e9e depuis plus de vingt ans. Le co\u00fbt \u00e9norme d\u2019une exploration \u00e0 cette profondeur, la complexit\u00e9 technique des explorations, les tensions politiques mais aussi le scepticisme d\u2019une partie de la communaut\u00e9 scientifique, ont frein\u00e9 les recherches. L\u2019oc\u00e9anographe am\u00e9ricaine Sylvia Earle, figure reconnue de la recherche scientifique, avait envisag\u00e9 une mission. Elle l&rsquo;a finalement annul\u00e9e.<\/p>\n<p>Les seules images restent celles de 2001. Floues, elles continuent d&rsquo;entretenir le doute et les fantasmes.<\/p>\n<p>Pour les sceptiques, il n\u2019y a tout simplement pas assez d\u2019indices pour justifier de tels investissements. Pour les passionn\u00e9s, au contraire, cette inaction entretient le myst\u00e8re, certains allant jusqu\u2019\u00e0 \u00e9voquer une volont\u00e9 de ne pas remettre en cause l\u2019histoire officielle.<\/p>\n<p>Cette \u00ab\u00a0cit\u00e9 engloutie\u00a0\u00bb s\u2019inscrit dans une longue liste de d\u00e9couvertes controvers\u00e9es. C&rsquo;est le cas du monument de Yonaguni au Japon, longtemps pris pour une pyramide taill\u00e9e par l\u2019homme avant qu\u2019on y voie plut\u00f4t une curiosit\u00e9 g\u00e9ologique ou la \u00ab\u00a0route de Bimini\u00a0\u00bb aux Bahamas, \u00e9galement consid\u00e9r\u00e9e, dans un premier temps, comme un vestige antique.<\/p>\n<p>Alors, \u00e0 Cuba, s\u2019agit-il d\u2019une d\u00e9couverte qui bouleverserait notre vision de l\u2019Histoire ou d&rsquo;un ph\u00e9nom\u00e8ne min\u00e9ral naturel ? Pour l\u2019instant, le myst\u00e8re demeure intact.<\/p>\n","protected":false},"excerpt":{"rendered":"Depuis plus de vingt ans, des images capt\u00e9es au fond de la mer des Cara\u00efbes, dans les profondeurs&hellip;\n","protected":false},"author":2,"featured_media":407175,"comment_status":"","ping_status":"","sticky":false,"template":"","format":"standard","meta":{"footnotes":""},"categories":[7],"tags":[1011,27,43,40,41,39,42,44],"class_list":{"0":"post-407174","1":"post","2":"type-post","3":"status-publish","4":"format-standard","5":"has-post-thumbnail","7":"category-sciences-et-technologies","8":"tag-fr","9":"tag-france","10":"tag-science","11":"tag-science-and-technology","12":"tag-sciences","13":"tag-sciences-et-technologies","14":"tag-technologies","15":"tag-technology"},"share_on_mastodon":{"url":"https:\/\/pubeurope.com\/@fr\/115242326599404953","error":""},"_links":{"self":[{"href":"https:\/\/www.europesays.com\/fr\/wp-json\/wp\/v2\/posts\/407174","targetHints":{"allow":["GET"]}}],"collection":[{"href":"https:\/\/www.europesays.com\/fr\/wp-json\/wp\/v2\/posts"}],"about":[{"href":"https:\/\/www.europesays.com\/fr\/wp-json\/wp\/v2\/types\/post"}],"author":[{"embeddable":true,"href":"https:\/\/www.europesays.com\/fr\/wp-json\/wp\/v2\/users\/2"}],"replies":[{"embeddable":true,"href":"https:\/\/www.europesays.com\/fr\/wp-json\/wp\/v2\/comments?post=407174"}],"version-history":[{"count":0,"href":"https:\/\/www.europesays.com\/fr\/wp-json\/wp\/v2\/posts\/407174\/revisions"}],"wp:featuredmedia":[{"embeddable":true,"href":"https:\/\/www.europesays.com\/fr\/wp-json\/wp\/v2\/media\/407175"}],"wp:attachment":[{"href":"https:\/\/www.europesays.com\/fr\/wp-json\/wp\/v2\/media?parent=407174"}],"wp:term":[{"taxonomy":"category","embeddable":true,"href":"https:\/\/www.europesays.com\/fr\/wp-json\/wp\/v2\/categories?post=407174"},{"taxonomy":"post_tag","embeddable":true,"href":"https:\/\/www.europesays.com\/fr\/wp-json\/wp\/v2\/tags?post=407174"}],"curies":[{"name":"wp","href":"https:\/\/api.w.org\/{rel}","templated":true}]}}