{"id":407176,"date":"2025-09-21T12:38:10","date_gmt":"2025-09-21T12:38:10","guid":{"rendered":"https:\/\/www.europesays.com\/fr\/407176\/"},"modified":"2025-09-21T12:38:10","modified_gmt":"2025-09-21T12:38:10","slug":"etrille-par-la-gauche-bernard-arnault-soutenu-par-la-droite-et-lextreme-droite-liberation","status":"publish","type":"post","link":"https:\/\/www.europesays.com\/fr\/407176\/","title":{"rendered":"\u00e9trill\u00e9 par la gauche, Bernard Arnault soutenu par la droite et l\u2019extr\u00eame droite \u2013 Lib\u00e9ration"},"content":{"rendered":"<p class=\"sc-cPiKLX AiZTS text-element\">La charge au bazooka de l\u2019homme le plus riche de France provoque des d\u00e9tonations en cha\u00eene ce dimanche 21\u00a0septembre. La veille au soir, Bernard Arnault a qualifi\u00e9 l\u2019\u00e9conomiste <a href=\"https:\/\/www.liberation.fr\/idees-et-debats\/le-cout-politique-de-voter-contre-un-impot-minimum-sur-les-tres-grandes-fortunes-est-devenu-trop-eleve-par-leconomiste-gabriel-zucman-20250221_M5EHPRC7JZDRVPXXUUAGX5YG64\/\" target=\"_blank\" rel=\"noreferrer noopener\" title=\"https:\/\/www.liberation.fr\/idees-et-debats\/le-cout-politique-de-voter-contre-un-impot-minimum-sur-les-tres-grandes-fortunes-est-devenu-trop-eleve-par-leconomiste-gabriel-zucman-20250221_M5EHPRC7JZDRVPXXUUAGX5YG64\/\">Gabriel Zucman<\/a>, d\u00e9fenseur d\u2019une taxe sur les hauts revenus,<a href=\"https:\/\/www.liberation.fr\/economie\/bernard-arnault-qualifie-gabriel-zucman-de-militant-dextreme-gauche-visant-la-destruction-de-leconomie-liberale-20250920_DDZ46ZJ5CNEP5KHS7FP5JQYKWM\/\" target=\"_blank\" rel=\"noreferrer noopener\" title=\"https:\/\/www.liberation.fr\/economie\/bernard-arnault-qualifie-gabriel-zucman-de-militant-dextreme-gauche-visant-la-destruction-de-leconomie-liberale-20250920_DDZ46ZJ5CNEP5KHS7FP5JQYKWM\/\"> de \u00abmilitant d\u2019extr\u00eame gauche\u00bb<\/a> et de \u00abpseudo-universitaire\u00bb, dans une d\u00e9claration publi\u00e9e par le Sunday Times. <a href=\"https:\/\/www.liberation.fr\/economie\/le-patrimoine-des-500-plus-grandes-fortunes-francaises-atteint-1-170-milliards-deuros-20230705_TTJIBVZGKFFNPAYPHVH5XEFZ7E\/#:~:text=Les%20patrimoines%20professionnels%20cumul%C3%A9s%20des,apr%C3%A8s%20le%20classement%20du%20magazine.\" target=\"_blank\" rel=\"noreferrer noopener\" title=\"https:\/\/www.liberation.fr\/economie\/le-patrimoine-des-500-plus-grandes-fortunes-francaises-atteint-1-170-milliards-deuros-20230705_TTJIBVZGKFFNPAYPHVH5XEFZ7E\/#:~:text=Les%20patrimoines%20professionnels%20cumul%C3%A9s%20des,apr%C3%A8s%20le%20classement%20du%20magazine.\">Le multimilliardaire<\/a> a \u00e9galement jug\u00e9 que la proposition d\u2019une taxe sur les hauts revenus, au centre du d\u00e9bat politique ces derniers jours, relevait \u00abd\u2019une volont\u00e9 clairement formul\u00e9e de mettre \u00e0 terre l\u2019\u00e9conomie fran\u00e7aise\u00bb. <\/p>\n<p class=\"sc-cPiKLX AiZTS text-element\">\u00abLa f\u00e9brilit\u00e9 n\u2019autorise pas la calomnie\u00bb, a cingl\u00e9 l\u2019int\u00e9ress\u00e9 <a href=\"https:\/\/x.com\/gabriel_zucman\/status\/1969482777708925228\" target=\"_blank\" rel=\"\" title=\"https:\/\/x.com\/gabriel_zucman\/status\/1969482777708925228\">sur X<\/a>, dans un fil de messages publi\u00e9 en r\u00e9ponse samedi soir. \u00abSurpris\u00bb par <a href=\"https:\/\/www.liberation.fr\/economie\/le-betisier-anti-taxe-zucman-ils-veulent-priver-le-pays-de-20-milliards-de-recettes-a-lheure-de-la-dette-20250916_I57VS5FMPBG33L5L6JN5WL4734\/\" target=\"_blank\" rel=\"noreferrer noopener\" title=\"https:\/\/www.liberation.fr\/economie\/le-betisier-anti-taxe-zucman-ils-veulent-priver-le-pays-de-20-milliards-de-recettes-a-lheure-de-la-dette-20250916_I57VS5FMPBG33L5L6JN5WL4734\/\">\u00able caract\u00e8re caricatural des attaques\u00bb<\/a> du patron de LVMH, Gabriel Zucman a regrett\u00e9 des propos qui \u00absortent du domaine de la rationalit\u00e9 et sont sans fondement\u00bb, avant de s\u2019attacher \u00e0 d\u00e9montrer <a href=\"https:\/\/www.liberation.fr\/checknews\/lensemble-des-francais-payent-ils-vraiment-50-dimpots-contre-27-pour-les-milliardaires-comme-laffirme-leconomiste-gabriel-zucman-20250619_3H6SNKLSHND4BFQXRN4HG3PNJ4\/\" target=\"_blank\" rel=\"noreferrer noopener\" title=\"https:\/\/www.liberation.fr\/checknews\/lensemble-des-francais-payent-ils-vraiment-50-dimpots-contre-27-pour-les-milliardaires-comme-laffirme-leconomiste-gabriel-zucman-20250619_3H6SNKLSHND4BFQXRN4HG3PNJ4\/\">l\u2019iniquit\u00e9 devant l\u2019imp\u00f4t en France<\/a> ainsi que l\u2019int\u00e9r\u00eat d\u2019appliquer sa proposition de taxation qui constitue \u00abun instrument de justice, d\u2019apaisement social et de stabilit\u00e9 budg\u00e9taire\u00bb. <\/p>\n<p class=\"sc-cPiKLX AiZTS text-element\">Son ancien professeur, <a href=\"https:\/\/www.liberation.fr\/debats\/2019\/09\/11\/thomas-piketty-chaque-societe-invente-un-recit-ideologique-pour-justifier-ses-inegalites_1750740\/\" target=\"_blank\" rel=\"noreferrer noopener\" title=\"https:\/\/www.liberation.fr\/debats\/2019\/09\/11\/thomas-piketty-chaque-societe-invente-un-recit-ideologique-pour-justifier-ses-inegalites_1750740\/\">Thomas Piketty<\/a>, a aussi d\u00e9mont\u00e9 l\u2019argumentaire de Bernard Arnault, qui \u00abraconte n\u2019importe quoi\u00bb\u00a0: \u00abLes 500 plus grandes fortunes ont progress\u00e9 de 500\u00a0% de\u00a02010 \u00e0\u00a02025. Avec une taxe de 2\u00a0% par an, il faudrait un si\u00e8cle pour revenir au niveau de\u00a02010, \u00e0 supposer qu\u2019elles ne b\u00e9n\u00e9ficient d\u2019aucun revenu dans l\u2019intervalle\u00bb, a not\u00e9 l\u2019\u00e9conomiste ce dimanche <a href=\"https:\/\/x.com\/PikettyWIL\/status\/1969654556565950838?t=E6Q2bPVzRboDwY9YhX4tfQ&amp;s=09\" target=\"_blank\" rel=\"noreferrer\" title=\"https:\/\/x.com\/PikettyWIL\/status\/1969654556565950838?t=E6Q2bPVzRboDwY9YhX4tfQ&amp;s=09\">sur X<\/a>. Avant d\u2019ironiser\u00a0: \u00abC\u2019est cela mettre l\u2019\u00e9conomie fran\u00e7aise \u00e0 terre\u00a0?\u00bb <\/p>\n<p class=\"sc-cPiKLX AiZTS text-element\">Les responsables politiques de gauche, <a href=\"https:\/\/www.liberation.fr\/economie\/au-ps-lignes-rouges-et-premieres-inflexions-sur-la-taxe-zucman-20250920_WAHRTBOHKRDNXNJIH63BOR5GSI\/\" target=\"_blank\" rel=\"noreferrer noopener\" title=\"https:\/\/www.liberation.fr\/economie\/au-ps-lignes-rouges-et-premieres-inflexions-sur-la-taxe-zucman-20250920_WAHRTBOHKRDNXNJIH63BOR5GSI\/\">qui poussent S\u00e9bastien Lecornu \u00e0 reprendre cette mesure<\/a> dans son projet de budget 2026, ont rapidement pris position contre les propos de Bernard Arnault. \u00abCe qui d\u00e9truit notre \u00e9conomie et plus encore notre soci\u00e9t\u00e9, c\u2019est l\u2019absence de toute forme de patriotisme de la part des ultra-riches qui mendient l\u2019aide de l\u2019\u00c9tat mais ne se plient \u00e0 aucune forme de solidarit\u00e9\u00bb, a d\u00e9nonc\u00e9 <a href=\"https:\/\/x.com\/faureolivier\/status\/1969476055850229935\" target=\"_blank\" rel=\"noreferrer\" title=\"https:\/\/x.com\/faureolivier\/status\/1969476055850229935\">sur X<\/a> le premier secr\u00e9taire du parti socialiste Olivier Faure. <\/p>\n<p class=\"sc-cPiKLX AiZTS text-element\">\u00abCette agressivit\u00e9 illustre quelque chose [\u2026] un hold-up\u00a0: ces gens accumulent des richesses comparables aux privil\u00e8ges de l\u2019Ancien R\u00e9gime\u00bb, a vilipend\u00e9 Eric Coquerel, ce dimanche midi sur France 3. Le pr\u00e9sident LFI de la commission des Finances de l\u2019Assembl\u00e9e nationale a donc salu\u00e9 une taxe \u00abpertinente\u00bb qui \u00abpointe la mani\u00e8re dont se sont enrichis les ultra-riches depuis vingt ans\u00bb\u00a0: ils \u00abont transf\u00e9r\u00e9 une partie de leurs revenus personnels, qui ont augment\u00e9, vers du patrimoine sur des biens professionnels\u00bb moins tax\u00e9s. Ce pourquoi, \u00e0 ses yeux, une nouvelle taxation ne doit pas les exclure. <\/p>\n<p class=\"sc-cPiKLX AiZTS text-element\">\u00abBernard Arnault n\u2019a plus qu\u2019une carte \u00e0 jouer\u00a0: d\u00e9cr\u00e9dibiliser les travaux de Gabriel Zucman, pourtant laur\u00e9at du prix du meilleur jeune \u00e9conomiste exer\u00e7ant aux Etats-Unis, et <a href=\"https:\/\/www.lemonde.fr\/idees\/article\/2025\/07\/07\/avec-l-impot-sur-les-ultrariches-la-france-peut-montrer-la-voie-au-reste-du-monde-le-plaidoyer-de-sept-prix-nobel-d-economie-pour-la-taxe-zucman_6619619_3232.html\" target=\"_blank\" rel=\"noreferrer noopener\" title=\"https:\/\/www.lemonde.fr\/idees\/article\/2025\/07\/07\/avec-l-impot-sur-les-ultrariches-la-france-peut-montrer-la-voie-au-reste-du-monde-le-plaidoyer-de-sept-prix-nobel-d-economie-pour-la-taxe-zucman_6619619_3232.html\">soutenu par 7 prix Nobel<\/a>\u00bb, a de son c\u00f4t\u00e9 rappel\u00e9 l\u2019ex-insoumise Cl\u00e9mentine Autain, d\u00e9put\u00e9e de Seine-Saint-Denis. \u00abCes personnes ont un patrimoine de plus de 100\u00a0MILLIONS qui leur rapporte en moyenne 10\u00a0% par an, et il faudrait pleurer pour elles\u00a0? Qui a pleur\u00e9 <a href=\"https:\/\/www.liberation.fr\/societe\/logement\/reforme-du-calcul-des-apl-les-allocataires-perdants-20220904_W5OKPAAPZ5ATPJYEL2OBE3FJBI\/\" target=\"_blank\" rel=\"noopener\" title=\"https:\/\/www.liberation.fr\/societe\/logement\/reforme-du-calcul-des-apl-les-allocataires-perdants-20220904_W5OKPAAPZ5ATPJYEL2OBE3FJBI\/\">pour la baisse des APL<\/a>\u00a0?\u00bb, a <a href=\"https:\/\/x.com\/marinetondelier\/status\/1969450762158670241\" target=\"_blank\" rel=\"\" title=\"https:\/\/x.com\/marinetondelier\/status\/1969450762158670241\">interrog\u00e9 Marine Tondelier<\/a>, la cheffe des Ecolos. <\/p>\n<p class=\"sc-cPiKLX AiZTS text-element\">Marine Le Pen, dont le parti navigue <a href=\"https:\/\/www.liberation.fr\/politique\/entre-base-populaire-et-grands-patrons-les-petits-mots-doubles-du-rn-20250912_KRXHE7XY3NFOPNUAGWEWZVNF74\/\" target=\"_blank\" rel=\"noreferrer noopener\" title=\"https:\/\/www.liberation.fr\/politique\/entre-base-populaire-et-grands-patrons-les-petits-mots-doubles-du-rn-20250912_KRXHE7XY3NFOPNUAGWEWZVNF74\/\">entre promesses sociales \u00e0 son \u00e9lectorat populaire et drague des grands patrons<\/a>, a rejoint les critiques de Bernard Arnault contre la taxe Zucman. Dans le bollor\u00e9en <a href=\"https:\/\/www.lejdd.fr\/politique\/marine-le-pen-au-jdd-dissoudre-ou-durer-macron-doit-choisir-162105\" target=\"_blank\" rel=\"noreferrer noopener\" title=\"https:\/\/www.lejdd.fr\/politique\/marine-le-pen-au-jdd-dissoudre-ou-durer-macron-doit-choisir-162105\">JDD<\/a>, elle a \u00e9voqu\u00e9 samedi soir une \u00abmesure floue\u00bb, qui d\u00e9tourne \u00abde l\u2019essentiel\u00bb, c\u2019est-\u00e0-dire selon elle \u00abdes \u00e9conomies, qui passent par la r\u00e9duction de l\u2019immigration, de notre contribution \u00e0 l\u2019UE, des fraudes et du train de vie de l\u2019\u00c9tat\u00bb. La patronne du RN a dit pr\u00e9f\u00e9rer un imp\u00f4t sur la fortune financi\u00e8re, \u00abcalqu\u00e9 sur l\u2019ancien imp\u00f4t sur la fortune\u00bb mais excluant la r\u00e9sidence principale et les biens professionnels. <\/p>\n<p class=\"sc-cPiKLX AiZTS text-element\">Marine Le Pen s\u2019est en revanche bien gard\u00e9e de rappeler que chez les tr\u00e8s hauts patrimoines, les revenus de capitaux mobiliers (placements financiers, dividendes\u2026) repr\u00e9sentent pr\u00e8s de la moiti\u00e9 des revenus totaux en\u00a02022, selon la direction g\u00e9n\u00e9rale des finances publiques (DGFiP).<\/p>\n<p class=\"sc-cPiKLX AiZTS text-element\">Quant \u00e0 Eric Ciotti, il s\u2019est livr\u00e9 \u00e0 une analyse inspir\u00e9e\u00a0: \u00abBernard Arnault a raison\u00bb, a simplement pianot\u00e9 <a href=\"https:\/\/x.com\/eciotti\/status\/1969453025849712980\" target=\"_blank\" rel=\"noreferrer\" title=\"https:\/\/x.com\/eciotti\/status\/1969453025849712980\">sur X<\/a> le pr\u00e9sident de l\u2019Union des droites pour la R\u00e9publique. <\/p>\n<p class=\"sc-cPiKLX AiZTS text-element\">A droite, Fran\u00e7ois-Xavier Bellamy a aussi repris \u00e0 son compte les accusations du multimilliardaire\u00a0: \u00abGabriel Zucman est un militant d\u2019extr\u00eame gauche, il a soutenu publiquement le NFP. Le but est de d\u00e9truire le principe m\u00eame de l\u2019\u00e9conomie lib\u00e9rale\u00bb, a-t-il lanc\u00e9 sur le plateau de BFMTV ce dimanche midi. L\u2019eurod\u00e9put\u00e9 et vice-pr\u00e9sident d\u00e9l\u00e9gu\u00e9 du parti Les R\u00e9publicains mise plut\u00f4t sur la th\u00e9orie du ruissellement, en d\u00e9pit du fait <a href=\"https:\/\/www.liberation.fr\/france\/2017\/10\/04\/enrichir-les-riches-la-theorie-du-ruissellement-n-existe-pas-mais-inspire-des-politiques-inefficaces_1600833\/\" target=\"_blank\" rel=\"noreferrer noopener\" title=\"https:\/\/www.liberation.fr\/france\/2017\/10\/04\/enrichir-les-riches-la-theorie-du-ruissellement-n-existe-pas-mais-inspire-des-politiques-inefficaces_1600833\/\">qu\u2019elle ne soit adoss\u00e9e \u00e0 aucun argument scientifique<\/a>\u00a0: \u00abQuand LVMH r\u00e9investit de l\u2019argent pour faire tourner l\u2019\u00e9conomie, Gabriel Zucman voudrait que cet argent soit tax\u00e9\u00bb. <\/p>\n<p class=\"sc-cPiKLX AiZTS text-element\">Sans grande surprise, la taxe Zucman suscite aussi la vindicte <a href=\"https:\/\/www.liberation.fr\/economie\/contre-la-taxe-zucman-les-patrons-de-la-french-tech-a-tue-tete-20250919_BOCJ3VJTNZETFGY3UYICU4MJOI\/\" target=\"_blank\" rel=\"noreferrer noopener\" title=\"https:\/\/www.liberation.fr\/economie\/contre-la-taxe-zucman-les-patrons-de-la-french-tech-a-tue-tete-20250919_BOCJ3VJTNZETFGY3UYICU4MJOI\/\">des milieux d\u2019affaires fran\u00e7ais<\/a>. Le patron de la Banque publique d\u2019investissement (BPI) fran\u00e7aise, Nicolas Dufourcq, a \u00e9voqu\u00e9 ce dimanche dans <a href=\"https:\/\/www.latribune.fr\/la-tribune-dimanche\/dimanche-eco\/nicolas-dufourcq-president-de-la-bpi-les-entrepreneurs-sont-la-solution-aux-problemes-de-la-france-1032789.html\" target=\"_blank\" rel=\"noreferrer noopener\" title=\"https:\/\/www.latribune.fr\/la-tribune-dimanche\/dimanche-eco\/nicolas-dufourcq-president-de-la-bpi-les-entrepreneurs-sont-la-solution-aux-problemes-de-la-france-1032789.html\">la Tribune<\/a> un \u00abtruc absurde\u00bb, fleurant \u00abune histoire de jalousie \u00e0 la fran\u00e7aise\u00bb. <\/p>\n<p class=\"sc-cPiKLX AiZTS text-element\">C\u00f4t\u00e9 macroniste, la pr\u00e9sidente de l\u2019Assembl\u00e9e nationale, Ya\u00ebl Braun-Pivet, s\u2019est montr\u00e9e plus mesur\u00e9e. Elle a certes critiqu\u00e9 la taxe Zucman \u00abtelle qu\u2019elle est pr\u00e9sent\u00e9e aujourd\u2019hui\u00bb, mais s\u2019est dite favorable \u00e0 une \u00abtaxation [qui] donnerait un rendement int\u00e9ressant et permettrait \u00e0 chacun dans notre pays de se dire que l\u2019effort est partag\u00e9\u00bb. Il est n\u00e9cessaire \u00abque <a href=\"https:\/\/www.liberation.fr\/politique\/budget-2026-les-grandes-fortunes-doivent-etre-mises-a-contribution-plaide-yael-braun-pivet-20250920_4TGRTYNV6FDANPCVWLTN6DRIOE\/\" target=\"_blank\" rel=\"noreferrer noopener\" title=\"https:\/\/www.liberation.fr\/politique\/budget-2026-les-grandes-fortunes-doivent-etre-mises-a-contribution-plaide-yael-braun-pivet-20250920_4TGRTYNV6FDANPCVWLTN6DRIOE\/\">les grandes fortunes soient mises \u00e0 contribution<\/a>\u00bb dans le budget 2026, a-t-elle plaid\u00e9 dans Le Parisien samedi soir. <\/p>\n<p class=\"sc-cPiKLX AiZTS text-element\">La taxe Zucman consisterait \u00e0 taxer \u00e0 hauteur de 2\u00a0% par an les patrimoines sup\u00e9rieurs \u00e0 100\u00a0millions d\u2019euros, ce qui concerne 1\u00a0800 foyers fiscaux. Selon son promoteur, elle permettrait de r\u00e9cup\u00e9rer 20\u00a0milliards d\u2019euros par an. Mais d\u2019autres experts contestent ce rendement, estimant plut\u00f4t les gains \u00e0 5\u00a0milliards d\u2019euros. <\/p>\n<p class=\"sc-cPiKLX AiZTS text-element\">Gabriel Zucman souligne notamment l\u2019int\u00e9r\u00eat de cette mesure face \u00e0 la capacit\u00e9 des ultra-riches \u00e0 cr\u00e9er eux-m\u00eames leur illiquidit\u00e9, en transformant leurs revenus en patrimoine professionnel, notamment via des holdings familiales, afin de r\u00e9duire leur assiette fiscale et d\u2019\u00e9chapper \u00e0 l\u2019imp\u00f4t sur le revenu. <\/p>\n<p class=\"sc-cPiKLX AiZTS text-element\"><b>Mise \u00e0 jour\u00a0: <\/b>\u00e0 14\u00a0h\u00a027, avec l\u2019ajout de la d\u00e9claration de Thomas Piketty <\/p>\n","protected":false},"excerpt":{"rendered":"La charge au bazooka de l\u2019homme le plus riche de France provoque des d\u00e9tonations en cha\u00eene ce dimanche&hellip;\n","protected":false},"author":2,"featured_media":407177,"comment_status":"","ping_status":"","sticky":false,"template":"","format":"standard","meta":{"footnotes":""},"categories":[6],"tags":[3820,25548,35,33,34,1011,27,53468],"class_list":{"0":"post-407176","1":"post","2":"type-post","3":"status-publish","4":"format-standard","5":"has-post-thumbnail","7":"category-economie","8":"tag-bernard-arnault","9":"tag-budget-public","10":"tag-business","11":"tag-economie","12":"tag-economy","13":"tag-fr","14":"tag-france","15":"tag-taxation-des-ultra-riches"},"share_on_mastodon":{"url":"https:\/\/pubeurope.com\/@fr\/115242330290998415","error":""},"_links":{"self":[{"href":"https:\/\/www.europesays.com\/fr\/wp-json\/wp\/v2\/posts\/407176","targetHints":{"allow":["GET"]}}],"collection":[{"href":"https:\/\/www.europesays.com\/fr\/wp-json\/wp\/v2\/posts"}],"about":[{"href":"https:\/\/www.europesays.com\/fr\/wp-json\/wp\/v2\/types\/post"}],"author":[{"embeddable":true,"href":"https:\/\/www.europesays.com\/fr\/wp-json\/wp\/v2\/users\/2"}],"replies":[{"embeddable":true,"href":"https:\/\/www.europesays.com\/fr\/wp-json\/wp\/v2\/comments?post=407176"}],"version-history":[{"count":0,"href":"https:\/\/www.europesays.com\/fr\/wp-json\/wp\/v2\/posts\/407176\/revisions"}],"wp:featuredmedia":[{"embeddable":true,"href":"https:\/\/www.europesays.com\/fr\/wp-json\/wp\/v2\/media\/407177"}],"wp:attachment":[{"href":"https:\/\/www.europesays.com\/fr\/wp-json\/wp\/v2\/media?parent=407176"}],"wp:term":[{"taxonomy":"category","embeddable":true,"href":"https:\/\/www.europesays.com\/fr\/wp-json\/wp\/v2\/categories?post=407176"},{"taxonomy":"post_tag","embeddable":true,"href":"https:\/\/www.europesays.com\/fr\/wp-json\/wp\/v2\/tags?post=407176"}],"curies":[{"name":"wp","href":"https:\/\/api.w.org\/{rel}","templated":true}]}}