{"id":407196,"date":"2025-09-21T12:56:06","date_gmt":"2025-09-21T12:56:06","guid":{"rendered":"https:\/\/www.europesays.com\/fr\/407196\/"},"modified":"2025-09-21T12:56:06","modified_gmt":"2025-09-21T12:56:06","slug":"hockey-sur-glace-ligue-magnus-deux-nouveaux-etrangers-signent-aux-bruleurs-de-loups","status":"publish","type":"post","link":"https:\/\/www.europesays.com\/fr\/407196\/","title":{"rendered":"Hockey sur glace \u2013 Ligue Magnus. Deux nouveaux \u00e9trangers signent aux Br\u00fbleurs de loups"},"content":{"rendered":"<p>C\u2019\u00e9tait la surprise du chef ce vendredi soir, le pr\u00e9sident Jacques Reboh a annonc\u00e9 la prochaine arriv\u00e9e de plusieurs attaquants au sein de l\u2019\u00e9quipe de Grenoble\u00a0! Les Br\u00fbleurs de loups ont d\u00e9cid\u00e9 de faire appel \u00e0 deux nouveaux joueurs venus de l\u2019\u00e9tranger pour venir \u00e9toffer l&rsquo;effectif des Br\u00fbleurs de loups. Il s&rsquo;agit des attaquants\u00a0Martin Karlsson (Su\u00e8de, 34 ans) et de Mark Simpson (Canada, 30 ans).<\/p>\n<p>Avec plusieurs joueurs bless\u00e9s sur le front de l\u2019attaque, l\u2019effectif commen\u00e7ait \u00e0 devenir trop juste alors que le club is\u00e9rois va disputer dans quelques semaines deux rencontres d\u00e9cisives pour la suite de l\u2019aventure en Ligue des champions (CHL).<\/p>\n<p>Grenoble accueille les Suisses de Lausanne le 8 octobre et se d\u00e9placeront \u00e0 Prague le 14 octobre pour la derni\u00e8re journ\u00e9e de la phase de groupe. Avec une victoire lors de ces deux prochains matches, les joueurs de Per Hanberg et d\u2019Edo Terglav seront quasiment assur\u00e9s de se qualifier pour les phases \u00e9liminatoires.<\/p>\n<p><strong>&gt;&gt;\u00a0<\/strong><a href=\"https:\/\/www.ledauphine.com\/sport\/calendrier-resultats\/hockey-sur-glace\/national-ligue-magnus\" target=\"_blank\" rel=\"noopener\"><strong>Les r\u00e9sultats, le classement et le calendrier de Ligue Magnus<\/strong><\/a><\/p>\n<p>  Le Su\u00e9dois Martin Karlsson pr\u00e9sent\u00e9 \u00e0 Polesud, Mark Simpson arrive mardi<\/p>\n<p>Les Br\u00fbleurs de loups, qui ont perdu Adel Koudri (pied), Nicolas Deschamps (genou) et Alexandre Mallet (muscle pectoral), vont r\u00e9cup\u00e9rer prochainement leur gardien de but Matija Pintaric (commotion).<\/p>\n<p>Les Grenoblois vont disputer quatre matches de championnat avant le 8 octobre et les attaquants Martin Karlsson et Mark Simpson viennent renforcer l\u2019attaque des Grenoblois pour les prochaines \u00e9ch\u00e9ances du club.<\/p>\n<p>Le Su\u00e9dois, pr\u00e9sent\u00e9 ce vendredi soir sur la patinoire de Polesud sous les applaudissements de Polesud, a jou\u00e9 les neuf derni\u00e8res ann\u00e9es \u00e0 Leksands IF, dont les six derni\u00e8res en SHL, l&rsquo;\u00e9lite hockey sur glace en Su\u00e8de.\u00a0\u00c2g\u00e9 de 34 ans, il vient se relancer en France.<\/p>\n<p>Le Canadien Mark Simpson (30 ans) va rejoindre ses nouveaux co\u00e9quipiers \u00e0 partir de la semaine prochaine. Il rejoint notamment Christophe Boivin avec qui il a partag\u00e9 le vestiaire pendant deux saisons en ligue junior au Qu\u00e9bec avec l\u2019\u00e9quipe Acadie-Bathrust Titan entre 2014 et 2016.<\/p>\n<p>Apr\u00e8s ses ann\u00e9es universitaires, Simpson a jou\u00e9 deux ans en AHL (deuxi\u00e8me niveau am\u00e9ricain) avant de rejoindre la Finlande puis l\u2019Italie en 2022-2023. Ces deux derni\u00e8res saisons, il a jou\u00e9 en EIHL, la ligue britannique, avec Sheffield.<\/p>\n<p>Ces deux nouveaux joueurs seront rapidement qualifi\u00e9s et vont disputer leur premier match \u00e0 Polesud tr\u00e8s probablement vendredi contre Anglet (20h15).<\/p>\n","protected":false},"excerpt":{"rendered":"C\u2019\u00e9tait la surprise du chef ce vendredi soir, le pr\u00e9sident Jacques Reboh a annonc\u00e9 la prochaine arriv\u00e9e de&hellip;\n","protected":false},"author":2,"featured_media":407197,"comment_status":"","ping_status":"","sticky":false,"template":"","format":"standard","meta":{"footnotes":""},"categories":[9566],"tags":[1111,11,2430,112,1777,674,107,1011,27,329,2731,2732,4133,10145,108,10146,12,25,517],"class_list":{"0":"post-407196","1":"post","2":"type-post","3":"status-publish","4":"format-standard","5":"has-post-thumbnail","7":"category-grenoble","8":"tag-actu","9":"tag-actualites","10":"tag-auvergne-rhone-alpes","11":"tag-edition-grenoble-agglomeration","12":"tag-eu","13":"tag-europe","14":"tag-fil-info","15":"tag-fr","16":"tag-france","17":"tag-france-monde","18":"tag-grenoble","19":"tag-grenoble-bassin","20":"tag-hockey-sur-glace","21":"tag-hockey-sur-glace-grenoble","22":"tag-isere","23":"tag-ligue-magnus-hockey-sur-glace","24":"tag-news","25":"tag-republique-francaise","26":"tag-sport"},"share_on_mastodon":{"url":"https:\/\/pubeurope.com\/@fr\/115242400813357040","error":""},"_links":{"self":[{"href":"https:\/\/www.europesays.com\/fr\/wp-json\/wp\/v2\/posts\/407196","targetHints":{"allow":["GET"]}}],"collection":[{"href":"https:\/\/www.europesays.com\/fr\/wp-json\/wp\/v2\/posts"}],"about":[{"href":"https:\/\/www.europesays.com\/fr\/wp-json\/wp\/v2\/types\/post"}],"author":[{"embeddable":true,"href":"https:\/\/www.europesays.com\/fr\/wp-json\/wp\/v2\/users\/2"}],"replies":[{"embeddable":true,"href":"https:\/\/www.europesays.com\/fr\/wp-json\/wp\/v2\/comments?post=407196"}],"version-history":[{"count":0,"href":"https:\/\/www.europesays.com\/fr\/wp-json\/wp\/v2\/posts\/407196\/revisions"}],"wp:featuredmedia":[{"embeddable":true,"href":"https:\/\/www.europesays.com\/fr\/wp-json\/wp\/v2\/media\/407197"}],"wp:attachment":[{"href":"https:\/\/www.europesays.com\/fr\/wp-json\/wp\/v2\/media?parent=407196"}],"wp:term":[{"taxonomy":"category","embeddable":true,"href":"https:\/\/www.europesays.com\/fr\/wp-json\/wp\/v2\/categories?post=407196"},{"taxonomy":"post_tag","embeddable":true,"href":"https:\/\/www.europesays.com\/fr\/wp-json\/wp\/v2\/tags?post=407196"}],"curies":[{"name":"wp","href":"https:\/\/api.w.org\/{rel}","templated":true}]}}