{"id":407208,"date":"2025-09-21T13:05:06","date_gmt":"2025-09-21T13:05:06","guid":{"rendered":"https:\/\/www.europesays.com\/fr\/407208\/"},"modified":"2025-09-21T13:05:06","modified_gmt":"2025-09-21T13:05:06","slug":"la-grille-daeration-cede-sur-le-trottoir-une-femme-fait-une-chute-de-deux-metres-2","status":"publish","type":"post","link":"https:\/\/www.europesays.com\/fr\/407208\/","title":{"rendered":"La grille d\u2019a\u00e9ration c\u00e8de sur le trottoir, une femme fait une chute de deux m\u00e8tres"},"content":{"rendered":"<p class=\"mb-4 text-lg md:leading-8 break-words\"><strong>Frayeur &#8211; Pour une raison inexpliqu\u00e9e, une grille d\u2019a\u00e9ration s\u2019est effac\u00e9e sous les pieds d\u2019une femme, \u00e0 Nantes. Elle n\u2019a pas \u00e9t\u00e9 bless\u00e9e mais a chut\u00e9 de pr\u00e8s de deux m\u00e8tres<\/strong><\/p>\n<p class=\"mb-4 text-lg md:leading-8 break-words\">Certains se posent parfois la question devant une grille d\u2019a\u00e9ration. Que se passerait-il si elle c\u00e9dait ? L\u2019accident s\u2019est produit, mercredi \u00e0 <a href=\"https:\/\/www.20minutes.fr\/nantes\/?at_medium=RSS%20feed&amp;at_campaign=ynews&amp;utm_source=yahoo&amp;utm_medium=rss&amp;utm_campaign=news_feed&amp;utm_content=in_article_link\" rel=\"nofollow noopener\" target=\"_blank\" data-ylk=\"slk:Nantes;elm:context_link;itc:0;sec:content-canvas\" class=\"link \">Nantes<\/a>. Une femme marchait sur un trottoir de la ville de <a href=\"https:\/\/www.20minutes.fr\/societe\/loire-atlantique\/?at_medium=RSS%20feed&amp;at_campaign=ynews&amp;utm_source=yahoo&amp;utm_medium=rss&amp;utm_campaign=news_feed&amp;utm_content=in_article_link\" rel=\"nofollow noopener\" target=\"_blank\" data-ylk=\"slk:Loire-Atlantique;elm:context_link;itc:0;sec:content-canvas\" class=\"link \">Loire-Atlantique<\/a> quand, soudainement, l\u2019objet est tomb\u00e9 sous ses pieds, rapporte <a href=\"https:\/\/www.ouest-france.fr\/societe\/faits-divers\/la-grille-daeration-cede-une-femme-fait-une-chute-de-deux-metres-sous-le-trottoir-a-nantes-1243bf70-948a-11f0-8aaf-26b4770f0f96?at_medium=RSS%20feed&amp;at_campaign=ynews&amp;utm_source=yahoo&amp;utm_medium=rss&amp;utm_campaign=news_feed&amp;utm_content=in_article_link\" rel=\"nofollow noopener\" target=\"_blank\" data-ylk=\"slk:Ouest-France;elm:context_link;itc:0;sec:content-canvas\" class=\"link \">Ouest-France<\/a>.<\/p>\n<p class=\"mb-4 text-lg md:leading-8 break-words\">Cons\u00e9quence, la victime a fait une chute d\u2019environ deux m\u00e8tres. Une vingtaine de <a href=\"https:\/\/www.20minutes.fr\/dossier\/pompiers?at_medium=RSS%20feed&amp;at_campaign=ynews&amp;utm_source=yahoo&amp;utm_medium=rss&amp;utm_campaign=news_feed&amp;utm_content=in_article_link\" rel=\"nofollow noopener\" target=\"_blank\" data-ylk=\"slk:pompiers;elm:context_link;itc:0;sec:content-canvas\" class=\"link \">pompiers<\/a> sont rapidement intervenus, dont des experts du sauvetage en milieu p\u00e9rilleux. La victime a \u00e9t\u00e9 remont\u00e9e puis prise en charge. Elle ne pr\u00e9sentait pas de graves blessures selon le quotidien r\u00e9gional. Les raisons de la chute de cette grille sont inconnues pour le moment.<\/p>\n<p class=\"mb-4 text-lg md:leading-8 break-words\"><a href=\"https:\/\/www.20minutes.fr\/faits_divers\/4174263-20250920-nantes-grille-aeration-cede-trottoir-femme-fait-chute-deux-metres?at_medium=RSS%20feed&amp;at_campaign=ynews&amp;utm_source=yahoo&amp;utm_medium=rss&amp;utm_campaign=news_feed&amp;utm_content=read_more_link&quot;\" rel=\"nofollow noopener\" target=\"_blank\" data-ylk=\"slk:Lire la suite sur 20minutes;elm:context_link;itc:0;sec:content-canvas\" class=\"link \">Lire la suite sur 20minutes<\/a><\/p>\n<p>\u00c0 lire aussi :<br \/><a href=\"https:\/\/www.20minutes.fr\/nantes\/4174073-20250919-nantes-zeus-cheval-ceremonie-ouverture-jo-paris-arrive-cours-cambronne?at_medium=RSS%20feed&amp;at_campaign=ynews&amp;utm_source=yahoo&amp;utm_medium=rss&amp;utm_campaign=news_feed&amp;utm_content=related_content_link\" rel=\"nofollow noopener\" target=\"_blank\" data-ylk=\"slk:Nantes : Zeus, le cheval de la c\u00e9r\u00e9monie d\u2019ouverture des JO de Paris, est arriv\u00e9 cours Cambronne;elm:context_link;itc:0;sec:content-canvas\" class=\"link \">Nantes : Zeus, le cheval de la c\u00e9r\u00e9monie d\u2019ouverture des JO de Paris, est arriv\u00e9 cours Cambronne<\/a><br \/><a href=\"https:\/\/www.20minutes.fr\/faits_divers\/faits-divers-nantes\/4174105-20250919-loire-atlantique-homme-83-ans-grievement-blesse-explosion-maison-pres-pornic?at_medium=RSS%20feed&amp;at_campaign=ynews&amp;utm_source=yahoo&amp;utm_medium=rss&amp;utm_campaign=news_feed&amp;utm_content=related_content_link\" rel=\"nofollow noopener\" target=\"_blank\" data-ylk=\"slk:Loire-Atlantique : Un homme de 83 ans gri\u00e8vement bless\u00e9 dans l\u2019explosion d\u2019une maison pr\u00e8s de Pornic;elm:context_link;itc:0;sec:content-canvas\" class=\"link \">Loire-Atlantique : Un homme de 83 ans gri\u00e8vement bless\u00e9 dans l\u2019explosion d\u2019une maison pr\u00e8s de Pornic<\/a><\/p>\n","protected":false},"excerpt":{"rendered":"Frayeur &#8211; Pour une raison inexpliqu\u00e9e, une grille d\u2019a\u00e9ration s\u2019est effac\u00e9e sous les pieds d\u2019une femme, \u00e0 Nantes.&hellip;\n","protected":false},"author":2,"featured_media":407209,"comment_status":"","ping_status":"","sticky":false,"template":"","format":"standard","meta":{"footnotes":""},"categories":[2818],"tags":[1111,11,837,1777,674,1011,27,45513,53179,3047,766,12,2636,25],"class_list":{"0":"post-407208","1":"post","2":"type-post","3":"status-publish","4":"format-standard","5":"has-post-thumbnail","7":"category-nantes","8":"tag-actu","9":"tag-actualites","10":"tag-chute","11":"tag-eu","12":"tag-europe","13":"tag-fr","14":"tag-france","15":"tag-grille","16":"tag-grille-daeration","17":"tag-loire-atlantique","18":"tag-nantes","19":"tag-news","20":"tag-pays-de-la-loire","21":"tag-republique-francaise"},"share_on_mastodon":{"url":"https:\/\/pubeurope.com\/@fr\/115242436072125954","error":""},"_links":{"self":[{"href":"https:\/\/www.europesays.com\/fr\/wp-json\/wp\/v2\/posts\/407208","targetHints":{"allow":["GET"]}}],"collection":[{"href":"https:\/\/www.europesays.com\/fr\/wp-json\/wp\/v2\/posts"}],"about":[{"href":"https:\/\/www.europesays.com\/fr\/wp-json\/wp\/v2\/types\/post"}],"author":[{"embeddable":true,"href":"https:\/\/www.europesays.com\/fr\/wp-json\/wp\/v2\/users\/2"}],"replies":[{"embeddable":true,"href":"https:\/\/www.europesays.com\/fr\/wp-json\/wp\/v2\/comments?post=407208"}],"version-history":[{"count":0,"href":"https:\/\/www.europesays.com\/fr\/wp-json\/wp\/v2\/posts\/407208\/revisions"}],"wp:featuredmedia":[{"embeddable":true,"href":"https:\/\/www.europesays.com\/fr\/wp-json\/wp\/v2\/media\/407209"}],"wp:attachment":[{"href":"https:\/\/www.europesays.com\/fr\/wp-json\/wp\/v2\/media?parent=407208"}],"wp:term":[{"taxonomy":"category","embeddable":true,"href":"https:\/\/www.europesays.com\/fr\/wp-json\/wp\/v2\/categories?post=407208"},{"taxonomy":"post_tag","embeddable":true,"href":"https:\/\/www.europesays.com\/fr\/wp-json\/wp\/v2\/tags?post=407208"}],"curies":[{"name":"wp","href":"https:\/\/api.w.org\/{rel}","templated":true}]}}