{"id":40721,"date":"2025-04-21T05:31:07","date_gmt":"2025-04-21T05:31:07","guid":{"rendered":"https:\/\/www.europesays.com\/fr\/40721\/"},"modified":"2025-04-21T05:31:07","modified_gmt":"2025-04-21T05:31:07","slug":"aux-etats-unis-comment-la-livraison-de-pizzas-est-devenue-un-moyen-de-menacer-les-juges","status":"publish","type":"post","link":"https:\/\/www.europesays.com\/fr\/40721\/","title":{"rendered":"Aux \u00c9tats-Unis, comment la livraison de pizzas est devenue un moyen de menacer les juges"},"content":{"rendered":"<p>Devenus la cible des conservateurs, de plus en plus de magistrats re\u00e7oivent une commande qu\u2019ils n\u2019ont pas pass\u00e9e.<\/p>\n<p class=\"fig-paragraph\">C\u2019est la nouvelle tactique d\u2019intimidation. Aux \u00c9tats-Unis, ces derniers mois, des pizzas qu\u2019ils n\u2019ont pas command\u00e9es sont livr\u00e9es au domicile de juges, souvent tard le soir. Le but est de leur faire peur en leur montrant que leur adresse est connue. La plupart des magistrats qui ont re\u00e7u ces pizzas ont bloqu\u00e9 des d\u00e9crets et des mesures mis en place par l\u2019administration Trump. Ils sont devenus ainsi\u00a0<a href=\"http:\/\/www.lefigaro.fr\/flash-actu\/trump-demande-a-la-cour-supreme-d-agir-contre-les-juges-qui-s-opposent-a-lui-20250321\" data-fig-type=\"NewsFlash\" data-gtm-custom-categorie=\"navigation\" data-gtm-custom-action=\"crossclick\" data-gtm-custom-label=\"Contextuel\" data-gtm-event=\"customEventSPE\" data-fig-domain=\"LEFIGARO\" rel=\"nofollow noopener\" target=\"_blank\">la cible des conservateurs<\/a>, d\u00e9sireux de se venger. Michelle Childs a re\u00e7u une pizza de la cha\u00eene Domino\u2019s un samedi soir chez elle. Cette juge de cour d\u2019appel a rejet\u00e9 dans le pass\u00e9 les arguments des avocats de Donald Trump qui demandaient que leur client b\u00e9n\u00e9ficie d\u2019une immunit\u00e9 contre les poursuites au p\u00e9nal. \u00ab Il est tr\u00e8s alarmant de penser que l\u2019on fait juste notre boulot et qu\u2019il faut qu\u2019on ait peur\u00a0\u00bb, a-t-elle d\u00e9clar\u00e9 dans une conf\u00e9rence. \u00abOn ne veut pas que les juges s\u2019inqui\u00e8tent des d\u00e9cisions qu\u2019ils prendront dans un cas pr\u00e9cis.\u00bb<\/p>\n<p>\u00abUne hausse significative\u00bb des menaces<\/p>\n<p class=\"fig-paragraph\">La campagne d\u2019intimidation va loin. Les enfants de ces magistrats et des membres de leur famille ont vu arriver \u00e9galement \u00e0 leur domicile des livreurs de pizzas. Encore plus choquant, plusieurs d\u2019entre elles ont \u00e9t\u00e9 command\u00e9es sous le nom de\u00a0<a href=\"http:\/\/www.lefigaro.fr\/flash-actu\/le-fils-d-une-juge-aux-etats-unis-abattu-lors-d-une-attaque-a-son-domicile-20200720\" data-fig-type=\"NewsFlash\" data-gtm-custom-categorie=\"navigation\" data-gtm-custom-action=\"crossclick\" data-gtm-custom-label=\"Contextuel\" data-gtm-event=\"customEventSPE\" data-fig-domain=\"LEFIGARO\" rel=\"nofollow noopener\" target=\"_blank\">Daniel Anderl.<\/a>\u00a0Ce jeune homme de 20 ans \u00e9tait le fils d\u2019Esther Salas, une juge f\u00e9d\u00e9rale. En 2020, il \u00e9tait chez ses parents dans le New Jersey quand un type d\u00e9guis\u00e9 en livreur a sonn\u00e9. Il a ouvert la porte. Le faux livreur lui a tir\u00e9 dessus. Daniel est mort, son p\u00e8re a \u00e9t\u00e9 gri\u00e8vement bless\u00e9. Le tireur, Roy Den Hollander, un avocat de 72 ans, en bisbille apparemment avec Esther Salas, voulait la tuer. Il avait trouv\u00e9 son adresse sur internet. Le nom de Daniel est \u00abmaintenant utilis\u00e9 comme une arme contre ces magistrats\u00bb, se d\u00e9sole cette derni\u00e8re dans une interview sur la cha\u00eene MSNBC. Et le message est clair. \u00ab\u00c7a signifie Je sais o\u00f9 tu vis, je sais o\u00f9 tes m\u00f4mes vivent et est-ce que tu veux finir comme la juge Salas, comme son fils?\u00bb<\/p>\n<p class=\"fig-paragraph\">Selon un rapport de la Cour supr\u00eame, les menaces contre les repr\u00e9sentants de la Justice ont connu \u00abune hausse significative\u00bb et ont \u00abplus que tripl\u00e9 sur la d\u00e9cennie \u00e9coul\u00e9e\u00bb. Ce n\u2019est pas \u00e9tonnant. Les R\u00e9publicains, Donald Trump en t\u00eate, attaquent quasiment chaque jour les juges impliqu\u00e9s dans les poursuites contre le pr\u00e9sident ou qui s\u2019opposent \u00e0 ses mesures. R\u00e9cemment, Donald Trump s\u2019est d\u00e9cha\u00een\u00e9 contre James Boasberg, qui a suspendu un d\u00e9cret sur l\u2019expulsion de migrants. Il l\u2019a trait\u00e9 de \u00abfou gauchiste extr\u00e9miste, de fauteur de troubles et d\u2019agitateur\u00bb et a appel\u00e9 \u00e0 sa destitution. Cela a suscit\u00e9 une rare rebuffade de John Roberts, le pr\u00e9sident de la Cour supr\u00eame. \u00abLa destitution, a-t-il dit, n\u2019est pas une r\u00e9ponse appropri\u00e9e \u00e0 un d\u00e9saccord concernant une d\u00e9cision judiciaire\u00a0\u00bb.<\/p>\n<p class=\"fig-body-link\">\n            \u00c0 lire aussi<br \/>\n        <a class=\"fig-body-link__link fig-premium-mark\" href=\"http:\/\/www.lefigaro.fr\/culture\/trop-woke-le-kennedy-center-la-mainmise-de-trump-sur-l-institution-culturelle-stupefait-le-monde-de-la-culture-20250223\" data-fig-type=\"Article\" data-gtm-custom-categorie=\"navigation\" data-gtm-custom-action=\"crossclick\" data-gtm-custom-label=\"Contextuel\" data-gtm-event=\"customEventSPE\" data-fig-domain=\"LEFIGARO\" rel=\"nofollow noopener\" target=\"_blank\">Trop woke, le Kennedy Center\u00a0? La mainmise de Trump sur l\u2019institution culturelle stup\u00e9fie le monde de la culture<br \/>\n    <\/a>\n<\/p>\n<p class=\"fig-paragraph\">Ces attaques tr\u00e8s m\u00e9diatis\u00e9es sont reprises et amplifi\u00e9es par la n\u00e9buleuse trumpiste via les r\u00e9seaux sociaux. Laura Loomer, une influenceuse proche du pr\u00e9sident, s\u2019en est prise \u00e0 la fille de Boasberg et a r\u00e9v\u00e9l\u00e9 des informations sur sa vie. Elle travaille dans une ONG de d\u00e9fense \u00abde sans papiers criminels, de membres de gangs\u00bb, a-t-elle \u00e9crit. En fait, cette organisation fournit une aide judiciaire aux plus d\u00e9munis. Laura Loomer a accus\u00e9 son p\u00e8re de \u00abconflit d\u2019int\u00e9r\u00eats\u00bb et appel\u00e9 \u00e0 ce qu\u2019il se r\u00e9cuse car, selon elle, il a bloqu\u00e9 les expulsions de migrants pour maintenir l\u2019emploi de sa fille. \u00ab Sa famille est une menace \u00e0 la s\u00e9curit\u00e9 nationale\u00a0\u00bb, clame-t-elle.<\/p>\n<p>Fausses alertes \u00e0 la bombe et d\u00e9barquement des forces de l\u2019ordre<\/p>\n<p class=\"fig-paragraph\">Il n\u2019y a pas que les pizzas. La police de Charleston, en Caroline du Sud a \u00e9t\u00e9 appel\u00e9e au domicile d\u2019une des s\u0153urs de Amy Coney Barrett, la juge de la cour supr\u00eame, apr\u00e8s une fausse alerte \u00e0 la bombe. L\u2019engin explosif, disait le message, se trouvait dans la bo\u00eete aux lettres. Amy Coney Barrett a \u00e9t\u00e9 nomm\u00e9e par Donald Trump lors de son premier mandat. Depuis l\u2019investiture cependant, cette conservatrice n\u2019a pas toujours statu\u00e9 en sa faveur, ce qui lui a valu moult critiques de la part des d\u00e9fenseurs du pr\u00e9sident.<\/p>\n<p class=\"fig-paragraph\"><a href=\"http:\/\/www.lefigaro.fr\/international\/etats-unis-un-juge-s-oppose-a-l-annulation-du-droit-du-sol-voulue-par-donald-trump-20250123\" data-fig-type=\"NewsFlash\" data-gtm-custom-categorie=\"navigation\" data-gtm-custom-action=\"crossclick\" data-gtm-custom-label=\"Contextuel\" data-gtm-event=\"customEventSPE\" data-fig-domain=\"LEFIGARO\" rel=\"nofollow noopener\" target=\"_blank\">John Coughenour<\/a>, un magistrat f\u00e9d\u00e9ral qui a bloqu\u00e9 le d\u00e9cret visant \u00e0 abolir le droit du sol, a \u00e9t\u00e9 victime \u00e0 la fois d\u2019une alerte \u00e0 la bombe et d\u2019une attaque de \u00abswatting\u00bb. Cette m\u00e9thode de harc\u00e8lement particuli\u00e8rement brutale consiste \u00e0 appeler anonymement en pleine nuit la police pour signaler une prise d\u2019otage, une fusillade\u2026 Le SWAT, (d\u2019o\u00f9 le terme de \u00abswatting\u00bb) une \u00e9quipe d\u2019intervention dans le style du GIGN, d\u00e9barque alors en force \u00e0 l\u2019adresse indiqu\u00e9e en enfon\u00e7ant parfois la porte et terrorise les r\u00e9sidents qui dorment paisiblement. Le nombre d\u2019incidents de \u00abswatting\u00bb n\u2019a cess\u00e9 d\u2019augmenter ces derni\u00e8res ann\u00e9es gr\u00e2ce aux progr\u00e8s technologiques qui rendent les appels moins tra\u00e7ables. Des dizaines d\u2019\u00e9lus, de responsables d\u2019\u00e9lections, de c\u00e9l\u00e9brit\u00e9s mais aussi au moins une douzaine d\u2019influenceurs pro Trump en ont fait l\u2019objet. Malgr\u00e9 ces attaques, les juges vont continuer \u00e0 faire leur travail, conclut Esther Salas. \u00ab Nous avons besoin toutefois que nos dirigeants soient les champions de la Justice aujourd\u2019hui dans notre pays&#8230; qu\u2019ils montrent qu\u2019ils soutiennent la branche judiciaire, la loi et croient en notre d\u00e9mocratie par-dessus tout\u00bb.<\/p>\n","protected":false},"excerpt":{"rendered":"Devenus la cible des conservateurs, de plus en plus de magistrats re\u00e7oivent une commande qu\u2019ils n\u2019ont pas pass\u00e9e.&hellip;\n","protected":false},"author":2,"featured_media":40722,"comment_status":"","ping_status":"","sticky":false,"template":"","format":"standard","meta":{"footnotes":""},"categories":[1589],"tags":[259,11,260,73,1866,14,261,12,262,1864,1865,1863,308],"class_list":{"0":"post-40721","1":"post","2":"type-post","3":"status-publish","4":"format-standard","5":"has-post-thumbnail","7":"category-etats-unis","8":"tag-actualite-internationale","9":"tag-actualites","10":"tag-affaires-etrangeres","11":"tag-etats-unis","12":"tag-etats-unis-damerique","13":"tag-international","14":"tag-ministere-des-affaires-etrangeres","15":"tag-news","16":"tag-politique-etrangere","17":"tag-united-states","18":"tag-united-states-of-america","19":"tag-us","20":"tag-usa"},"share_on_mastodon":{"url":"https:\/\/pubeurope.com\/@fr\/114374317514059422","error":""},"_links":{"self":[{"href":"https:\/\/www.europesays.com\/fr\/wp-json\/wp\/v2\/posts\/40721","targetHints":{"allow":["GET"]}}],"collection":[{"href":"https:\/\/www.europesays.com\/fr\/wp-json\/wp\/v2\/posts"}],"about":[{"href":"https:\/\/www.europesays.com\/fr\/wp-json\/wp\/v2\/types\/post"}],"author":[{"embeddable":true,"href":"https:\/\/www.europesays.com\/fr\/wp-json\/wp\/v2\/users\/2"}],"replies":[{"embeddable":true,"href":"https:\/\/www.europesays.com\/fr\/wp-json\/wp\/v2\/comments?post=40721"}],"version-history":[{"count":0,"href":"https:\/\/www.europesays.com\/fr\/wp-json\/wp\/v2\/posts\/40721\/revisions"}],"wp:featuredmedia":[{"embeddable":true,"href":"https:\/\/www.europesays.com\/fr\/wp-json\/wp\/v2\/media\/40722"}],"wp:attachment":[{"href":"https:\/\/www.europesays.com\/fr\/wp-json\/wp\/v2\/media?parent=40721"}],"wp:term":[{"taxonomy":"category","embeddable":true,"href":"https:\/\/www.europesays.com\/fr\/wp-json\/wp\/v2\/categories?post=40721"},{"taxonomy":"post_tag","embeddable":true,"href":"https:\/\/www.europesays.com\/fr\/wp-json\/wp\/v2\/tags?post=40721"}],"curies":[{"name":"wp","href":"https:\/\/api.w.org\/{rel}","templated":true}]}}