{"id":407214,"date":"2025-09-21T13:09:14","date_gmt":"2025-09-21T13:09:14","guid":{"rendered":"https:\/\/www.europesays.com\/fr\/407214\/"},"modified":"2025-09-21T13:09:14","modified_gmt":"2025-09-21T13:09:14","slug":"culture-women-metronum-academy-festival-haute-garonne-toulouse","status":"publish","type":"post","link":"https:\/\/www.europesays.com\/fr\/407214\/","title":{"rendered":"Culture Women Metronum Academy Festival &#8211; Haute Garonne &#8211; Toulouse"},"content":{"rendered":"<p data-olk-copy-source=\"MessageBody\">Le Metronum enflamme la sc\u00e8ne musicale toulousaine avec une cr\u00e9ation artistique f\u00e9minine survitamin\u00e9e pour lancer sa saison 2025-2026. Le Women Metronum Academy festival, qui f\u00eate ses 5 ans du vendredi 26 au dimanche 28 septembre 2025, donne rendez-vous au public pour 4 jours de festivit\u00e9s avec des concerts, dj-sets, rencontres, cin\u00e9-club\u2026 sous le signe de la bienveillance, de l\u2019inclusion et de la sororit\u00e9 !<\/p>\n<p>&#13;<br \/>\nUne programmation vibrante et engag\u00e9e avec \u00e0 l&rsquo;affiche :\u00a0Barbara Butch pour une soir\u00e9e club all night long\u00a0sous le signe de l\u2019amour et de l\u2019inclusion aux c\u00f4t\u00e9s de\u00a0Belladonna &amp; Dune, mais aussi le groupe\u00a0Draga, qui r\u00e9unit Lucie Antunes, Anna Mouglalis, P.R2B, Th\u00e9odora Delilez et Narumi Herisson, et bien d&rsquo;autres talents encore !&#13;<\/p>\n<p aria-hidden=\"true\">Billetterie : https:\/\/billetterie.lemetronum.fr\/agenda\/151-women-metronum-academy-5-pass<\/p>\n<p>                Cet article est r\u00e9serv\u00e9 aux abonn\u00e9s.<\/p>\n<p class=\"signature\" itemscope=\"\" itemprop=\"Author\" itemtype=\"http:\/\/schema.org\/Person\">\n                VLoz\n            <\/p>\n","protected":false},"excerpt":{"rendered":"Le Metronum enflamme la sc\u00e8ne musicale toulousaine avec une cr\u00e9ation artistique f\u00e9minine survitamin\u00e9e pour lancer sa saison 2025-2026.&hellip;\n","protected":false},"author":2,"featured_media":395922,"comment_status":"","ping_status":"","sticky":false,"template":"","format":"standard","meta":{"footnotes":""},"categories":[2816],"tags":[1111,11,1777,674,1011,27,23720,12,2680,301,25,2312],"class_list":{"0":"post-407214","1":"post","2":"type-post","3":"status-publish","4":"format-standard","5":"has-post-thumbnail","7":"category-toulouse","8":"tag-actu","9":"tag-actualites","10":"tag-eu","11":"tag-europe","12":"tag-fr","13":"tag-france","14":"tag-internet-seulement","15":"tag-news","16":"tag-occitanie","17":"tag-premium","18":"tag-republique-francaise","19":"tag-toulouse"},"share_on_mastodon":{"url":"https:\/\/pubeurope.com\/@fr\/115242451842923775","error":""},"_links":{"self":[{"href":"https:\/\/www.europesays.com\/fr\/wp-json\/wp\/v2\/posts\/407214","targetHints":{"allow":["GET"]}}],"collection":[{"href":"https:\/\/www.europesays.com\/fr\/wp-json\/wp\/v2\/posts"}],"about":[{"href":"https:\/\/www.europesays.com\/fr\/wp-json\/wp\/v2\/types\/post"}],"author":[{"embeddable":true,"href":"https:\/\/www.europesays.com\/fr\/wp-json\/wp\/v2\/users\/2"}],"replies":[{"embeddable":true,"href":"https:\/\/www.europesays.com\/fr\/wp-json\/wp\/v2\/comments?post=407214"}],"version-history":[{"count":0,"href":"https:\/\/www.europesays.com\/fr\/wp-json\/wp\/v2\/posts\/407214\/revisions"}],"wp:featuredmedia":[{"embeddable":true,"href":"https:\/\/www.europesays.com\/fr\/wp-json\/wp\/v2\/media\/395922"}],"wp:attachment":[{"href":"https:\/\/www.europesays.com\/fr\/wp-json\/wp\/v2\/media?parent=407214"}],"wp:term":[{"taxonomy":"category","embeddable":true,"href":"https:\/\/www.europesays.com\/fr\/wp-json\/wp\/v2\/categories?post=407214"},{"taxonomy":"post_tag","embeddable":true,"href":"https:\/\/www.europesays.com\/fr\/wp-json\/wp\/v2\/tags?post=407214"}],"curies":[{"name":"wp","href":"https:\/\/api.w.org\/{rel}","templated":true}]}}