{"id":407221,"date":"2025-09-21T13:13:11","date_gmt":"2025-09-21T13:13:11","guid":{"rendered":"https:\/\/www.europesays.com\/fr\/407221\/"},"modified":"2025-09-21T13:13:11","modified_gmt":"2025-09-21T13:13:11","slug":"le-dessous-des-cartes-de-la-station-depuration-geolide-de-marseille","status":"publish","type":"post","link":"https:\/\/www.europesays.com\/fr\/407221\/","title":{"rendered":"\u00ab\u00a0Le dessous des cartes\u00a0\u00bb de la station d&rsquo;\u00e9puration G\u00e9olide de Marseille"},"content":{"rendered":"<p>Boule \u00e0 facettes resplendissante au soleil, la g\u00e9ode de la station d\u2019\u00e9puration de Marseille a ouvert ses portes \u00e0 un public restreint samedi 20\u00a0septembre. Install\u00e9e sur le parvis du stade V\u00e9lodrome (8e), elle est la seule partie apparente des plus de 2 000\u00a0km du r\u00e9seau souterrain du Seramm (Service d&rsquo;assainissement Marseille M\u00e9tropole), filiale de Suez qui assure le bon fonctionnement des ouvrages de collecte, de traitement des eaux us\u00e9es et la gestion des eaux pluviales du territoire.<\/p>\n<p>En descendant l\u2019escalier en colima\u00e7on, les visiteurs arrivent directement dans la Vitrine des savoir-faire, o\u00f9 ils sont attendus autour d\u2019une collation. Pour le Seramm qui n\u2019a pas accueilli de public depuis le <a href=\"https:\/\/www.laprovence.com\/article\/coronavirus\/1516192225740915\/lombre-du-covid-19-plane-toujours-mais-sans-toutefois-alarmer-les-professionnels-aixois\" target=\"_blank\" rel=\"noopener\">Covid-19<\/a>, c\u2019est l\u2019occasion\u00a0\u00ab\u00a0de pr\u00e9senter le dessous des cartes, de montrer l\u2019invisible. Et de parler des m\u00e9tiers de ce service qui embauche plus de 400\u00a0personnes sur le territoire\u00a0\u00bb, rappelle <a href=\"https:\/\/www.laprovence.com\/article\/ecoplanete\/51665565287052\/nicolas-cotiche-dans-le-grand-bain-du-service-public-dans-la-metropole-aix-marseille\" target=\"_blank\" rel=\"noopener\">Nicolas Cotiche<\/a>, directeur g\u00e9n\u00e9ral du Seramm.<\/p>\n<p>Une visite par les professionnels<\/p>\n<p>Et qui de mieux pour parler de leur m\u00e9tier que les concern\u00e9s ? Le groupe d\u00e9couvre petit \u00e0 petit les sept p\u00f4les de la Vitrine des savoir-faire avec No\u00e9lie Maschio, ing\u00e9nieure au sein de la station. La jeune femme guide les curieux e&#8230;<\/p>\n","protected":false},"excerpt":{"rendered":"Boule \u00e0 facettes resplendissante au soleil, la g\u00e9ode de la station d\u2019\u00e9puration de Marseille a ouvert ses portes&hellip;\n","protected":false},"author":2,"featured_media":407222,"comment_status":"","ping_status":"","sticky":false,"template":"","format":"standard","meta":{"footnotes":""},"categories":[2814],"tags":[930,17,1111,11,25102,53887,154,16007,436,1777,674,1011,27,53888,884,12,882,25,3758],"class_list":{"0":"post-407221","1":"post","2":"type-post","3":"status-publish","4":"format-standard","5":"has-post-thumbnail","7":"category-marseille","8":"tag-le","9":"tag-17","10":"tag-actu","11":"tag-actualites","12":"tag-cartes","13":"tag-depuration","14":"tag-des","15":"tag-dessous","16":"tag-environnement","17":"tag-eu","18":"tag-europe","19":"tag-fr","20":"tag-france","21":"tag-geolide","22":"tag-marseille","23":"tag-news","24":"tag-provence-alpes-cote-dazur","25":"tag-republique-francaise","26":"tag-station"},"share_on_mastodon":{"url":"https:\/\/pubeurope.com\/@fr\/115242467567285399","error":""},"_links":{"self":[{"href":"https:\/\/www.europesays.com\/fr\/wp-json\/wp\/v2\/posts\/407221","targetHints":{"allow":["GET"]}}],"collection":[{"href":"https:\/\/www.europesays.com\/fr\/wp-json\/wp\/v2\/posts"}],"about":[{"href":"https:\/\/www.europesays.com\/fr\/wp-json\/wp\/v2\/types\/post"}],"author":[{"embeddable":true,"href":"https:\/\/www.europesays.com\/fr\/wp-json\/wp\/v2\/users\/2"}],"replies":[{"embeddable":true,"href":"https:\/\/www.europesays.com\/fr\/wp-json\/wp\/v2\/comments?post=407221"}],"version-history":[{"count":0,"href":"https:\/\/www.europesays.com\/fr\/wp-json\/wp\/v2\/posts\/407221\/revisions"}],"wp:featuredmedia":[{"embeddable":true,"href":"https:\/\/www.europesays.com\/fr\/wp-json\/wp\/v2\/media\/407222"}],"wp:attachment":[{"href":"https:\/\/www.europesays.com\/fr\/wp-json\/wp\/v2\/media?parent=407221"}],"wp:term":[{"taxonomy":"category","embeddable":true,"href":"https:\/\/www.europesays.com\/fr\/wp-json\/wp\/v2\/categories?post=407221"},{"taxonomy":"post_tag","embeddable":true,"href":"https:\/\/www.europesays.com\/fr\/wp-json\/wp\/v2\/tags?post=407221"}],"curies":[{"name":"wp","href":"https:\/\/api.w.org\/{rel}","templated":true}]}}