{"id":407224,"date":"2025-09-21T13:15:10","date_gmt":"2025-09-21T13:15:10","guid":{"rendered":"https:\/\/www.europesays.com\/fr\/407224\/"},"modified":"2025-09-21T13:15:10","modified_gmt":"2025-09-21T13:15:10","slug":"il-met-le-feu-a-une-voiture-pres-de-lyon-un-adolescent-retrouve-par-la-police-grace-a-son-telephone-oublie-sur-place","status":"publish","type":"post","link":"https:\/\/www.europesays.com\/fr\/407224\/","title":{"rendered":"Il met le feu \u00e0 une voiture pr\u00e8s de Lyon, un adolescent retrouv\u00e9 par la police gr\u00e2ce \u00e0 son t\u00e9l\u00e9phone oubli\u00e9 sur place"},"content":{"rendered":"<p itemprop=\"description\"><strong>Dans la nuit du 14 au 15 septembre, une voiture a \u00e9t\u00e9 incendi\u00e9e rue Jean-Baptiste Martini \u00e0 Villefranche-sur-Sa\u00f4ne.<\/strong><\/p>\n<p>La police a vu son enqu\u00eate \u00eatre facilit\u00e9e par le fait que l&rsquo;incendiaire avait oubli\u00e9 son t\u00e9l\u00e9phone portable sur place.<\/p>\n<p>Probablement perdu dans sa fuite, l&rsquo;appareil a servi aux autorit\u00e9s pour l&rsquo;identifier. Et pour cause, un appel pass\u00e9 sur le t\u00e9l\u00e9phone a permis aux enqu\u00eateurs d&rsquo;interroger leur interlocuteur, et ainsi d\u00e9terminer le nom et le lieu de r\u00e9sidence de l&rsquo;individu qu&rsquo;ils recherchaient.<\/p>\n<p>Il s&rsquo;agissait d&rsquo;un jeune habitant de Gleiz\u00e9 \u00e2g\u00e9 de 16 ans.<\/p>\n<p>Interpell\u00e9 et plac\u00e9 en garde \u00e0 vue, il a reconnu les faits sans pour autant expliquer son geste. Il sera jug\u00e9 en d\u00e9cembre prochain.<\/p>\n","protected":false},"excerpt":{"rendered":"Dans la nuit du 14 au 15 septembre, une voiture a \u00e9t\u00e9 incendi\u00e9e rue Jean-Baptiste Martini \u00e0 Villefranche-sur-Sa\u00f4ne.&hellip;\n","protected":false},"author":2,"featured_media":407225,"comment_status":"","ping_status":"","sticky":false,"template":"","format":"standard","meta":{"footnotes":""},"categories":[1889],"tags":[1111,11,2813,2190,2430,1109,251,1112,2811,1777,674,118,1011,27,1922,1110,1114,2428,2810,12,241,316,25,2812,517,800],"class_list":{"0":"post-407224","1":"post","2":"type-post","3":"status-publish","4":"format-standard","5":"has-post-thumbnail","7":"category-lyon","8":"tag-actu","9":"tag-actualites","10":"tag-article","11":"tag-asvel","12":"tag-auvergne-rhone-alpes","13":"tag-breves","14":"tag-culture","15":"tag-depeches","16":"tag-economique","17":"tag-eu","18":"tag-europe","19":"tag-faits-divers","20":"tag-fr","21":"tag-france","22":"tag-info","23":"tag-informations","24":"tag-infos","25":"tag-lyon","26":"tag-lyonmag","27":"tag-news","28":"tag-ol","29":"tag-politique","30":"tag-republique-francaise","31":"tag-sociale","32":"tag-sport","33":"tag-transports"},"share_on_mastodon":{"url":"https:\/\/pubeurope.com\/@fr\/115242475492814291","error":""},"_links":{"self":[{"href":"https:\/\/www.europesays.com\/fr\/wp-json\/wp\/v2\/posts\/407224","targetHints":{"allow":["GET"]}}],"collection":[{"href":"https:\/\/www.europesays.com\/fr\/wp-json\/wp\/v2\/posts"}],"about":[{"href":"https:\/\/www.europesays.com\/fr\/wp-json\/wp\/v2\/types\/post"}],"author":[{"embeddable":true,"href":"https:\/\/www.europesays.com\/fr\/wp-json\/wp\/v2\/users\/2"}],"replies":[{"embeddable":true,"href":"https:\/\/www.europesays.com\/fr\/wp-json\/wp\/v2\/comments?post=407224"}],"version-history":[{"count":0,"href":"https:\/\/www.europesays.com\/fr\/wp-json\/wp\/v2\/posts\/407224\/revisions"}],"wp:featuredmedia":[{"embeddable":true,"href":"https:\/\/www.europesays.com\/fr\/wp-json\/wp\/v2\/media\/407225"}],"wp:attachment":[{"href":"https:\/\/www.europesays.com\/fr\/wp-json\/wp\/v2\/media?parent=407224"}],"wp:term":[{"taxonomy":"category","embeddable":true,"href":"https:\/\/www.europesays.com\/fr\/wp-json\/wp\/v2\/categories?post=407224"},{"taxonomy":"post_tag","embeddable":true,"href":"https:\/\/www.europesays.com\/fr\/wp-json\/wp\/v2\/tags?post=407224"}],"curies":[{"name":"wp","href":"https:\/\/api.w.org\/{rel}","templated":true}]}}