{"id":407226,"date":"2025-09-21T13:16:12","date_gmt":"2025-09-21T13:16:12","guid":{"rendered":"https:\/\/www.europesays.com\/fr\/407226\/"},"modified":"2025-09-21T13:16:12","modified_gmt":"2025-09-21T13:16:12","slug":"metropole-de-lyon-un-homme-recherche-pour-evasion-transportait-de-la-drogue","status":"publish","type":"post","link":"https:\/\/www.europesays.com\/fr\/407226\/","title":{"rendered":"M\u00e9tropole de Lyon. Un homme recherch\u00e9 pour \u00e9vasion transportait de la drogue"},"content":{"rendered":"<p>Un contr\u00f4le de police a permis de saisir de la r\u00e9sine et de l\u2019herbe de cannabis, et d\u2019interpeller un homme qui faisait l\u2019objet d\u2019un mandat de recherche, samedi en fin de journ\u00e9e dans le quartier des Minguettes \u00e0 V\u00e9nissieux.<\/p>\n<p>Ce contenu est bloqu\u00e9 car vous n&rsquo;avez pas accept\u00e9 les cookies et autres traceurs.<\/p>\n<p>En cliquant sur \u00ab J\u2019accepte \u00bb, les cookies et autres traceurs seront d\u00e9pos\u00e9s et vous pourrez visualiser les contenus  (<a href=\"\" class=\"consentModule_policy\" target=\"_blank\" title=\"Consulter la politique de protection des donn\u00e9es du fournisseur\">plus d&rsquo;informations<\/a>).<\/p>\n<p>En cliquant sur \u00ab J\u2019accepte tous les cookies \u00bb, vous autorisez des d\u00e9p\u00f4ts de cookies et autres traceurs pour le stockage de vos donn\u00e9es sur nos sites et applications \u00e0 des fins de personnalisation et de ciblage publicitaire.<\/p>\n<p class=\"consentModule_secondaryText\">Vous gardez la possibilit\u00e9 de retirer votre consentement \u00e0 tout moment en consultant notre <a href=\"https:\/\/www.leprogres.fr\/protection-des-donnees\" target=\"_blank\" title=\"Consulter notre politique de protection des donn\u00e9es\" rel=\"noopener\">politique de protection des donn\u00e9es<\/a>. <br \/>&#13;<br \/>\n            <a href=\"https:\/\/www.leprogres.fr\/faits-divers-justice\/2025\/09\/21\/javascript:Didomi.notice.show()\" class=\"consentModule_cmp\" target=\"_blank\" rel=\"noopener\">G\u00e9rer mes choix<\/a>&#13;\n        <\/p>\n<p>&#13;<br \/>\n                        J&rsquo;accepte&#13;<br \/>\n            J&rsquo;accepte tous les cookies&#13;\n        <\/p>\n<p>  Le suspect plac\u00e9 en garde \u00e0 vue<\/p>\n<p>Vers 18\u00a0h\u00a030, un \u00e9quipage de police a rep\u00e9r\u00e9 boulevard L\u00e9nine un homme qui transportait un sac et qui, \u00e0 la vue des policiers, s\u2019en est d\u00e9barrass\u00e9 avant de partir en courant. Il a \u00e9t\u00e9 rapidement interpell\u00e9 et dans le sac qu\u2019ils ont r\u00e9cup\u00e9r\u00e9, les policiers ont d\u00e9couvert <a href=\"https:\/\/www.leprogres.fr\/faits-divers-justice\/2023\/05\/16\/trafic-de-drogue-le-nerf-de-la-guerre-c-est-que-ca-rapporte\" target=\"_blank\" rel=\"noopener\">900 grammes de cannabis.<\/a><\/p>\n<p>Le suspect a \u00e9t\u00e9 plac\u00e9 en garde \u00e0 vue, et les investigations ont r\u00e9v\u00e9l\u00e9 qu\u2019un mandat de recherche pour \u00e9vasion avait \u00e9t\u00e9 d\u00e9livr\u00e9 \u00e0 son encontre par le tribunal de Melun (Seine-et-Marne).<\/p>\n<p>Une enqu\u00eate est en cours.<\/p>\n","protected":false},"excerpt":{"rendered":"Un contr\u00f4le de police a permis de saisir de la r\u00e9sine et de l\u2019herbe de cannabis, et d\u2019interpeller&hellip;\n","protected":false},"author":2,"featured_media":407227,"comment_status":"","ping_status":"","sticky":false,"template":"","format":"standard","meta":{"footnotes":""},"categories":[1889],"tags":[1111,11,2430,271,272,3152,1777,674,274,1011,27,2428,12,25,2429,4375,4407],"class_list":{"0":"post-407226","1":"post","2":"type-post","3":"status-publish","4":"format-standard","5":"has-post-thumbnail","7":"category-lyon","8":"tag-actu","9":"tag-actualites","10":"tag-auvergne-rhone-alpes","11":"tag-crime","12":"tag-delit-et-contravention","13":"tag-edition-est-lyonnais","14":"tag-eu","15":"tag-europe","16":"tag-faits-divers-justice","17":"tag-fr","18":"tag-france","19":"tag-lyon","20":"tag-news","21":"tag-republique-francaise","22":"tag-rhone","23":"tag-venissieux","24":"tag-venissieux-bassin"},"share_on_mastodon":{"url":"https:\/\/pubeurope.com\/@fr\/115242479369323754","error":""},"_links":{"self":[{"href":"https:\/\/www.europesays.com\/fr\/wp-json\/wp\/v2\/posts\/407226","targetHints":{"allow":["GET"]}}],"collection":[{"href":"https:\/\/www.europesays.com\/fr\/wp-json\/wp\/v2\/posts"}],"about":[{"href":"https:\/\/www.europesays.com\/fr\/wp-json\/wp\/v2\/types\/post"}],"author":[{"embeddable":true,"href":"https:\/\/www.europesays.com\/fr\/wp-json\/wp\/v2\/users\/2"}],"replies":[{"embeddable":true,"href":"https:\/\/www.europesays.com\/fr\/wp-json\/wp\/v2\/comments?post=407226"}],"version-history":[{"count":0,"href":"https:\/\/www.europesays.com\/fr\/wp-json\/wp\/v2\/posts\/407226\/revisions"}],"wp:featuredmedia":[{"embeddable":true,"href":"https:\/\/www.europesays.com\/fr\/wp-json\/wp\/v2\/media\/407227"}],"wp:attachment":[{"href":"https:\/\/www.europesays.com\/fr\/wp-json\/wp\/v2\/media?parent=407226"}],"wp:term":[{"taxonomy":"category","embeddable":true,"href":"https:\/\/www.europesays.com\/fr\/wp-json\/wp\/v2\/categories?post=407226"},{"taxonomy":"post_tag","embeddable":true,"href":"https:\/\/www.europesays.com\/fr\/wp-json\/wp\/v2\/tags?post=407226"}],"curies":[{"name":"wp","href":"https:\/\/api.w.org\/{rel}","templated":true}]}}