{"id":407228,"date":"2025-09-21T13:17:15","date_gmt":"2025-09-21T13:17:15","guid":{"rendered":"https:\/\/www.europesays.com\/fr\/407228\/"},"modified":"2025-09-21T13:17:15","modified_gmt":"2025-09-21T13:17:15","slug":"la-seine-et-marne-abrite-le-point-culminant-naturel-de-lile-de-france","status":"publish","type":"post","link":"https:\/\/www.europesays.com\/fr\/407228\/","title":{"rendered":"La Seine-et-Marne abrite le point culminant naturel de l\u2019\u00cele-de-France"},"content":{"rendered":"<p><img decoding=\"async\" class=\"\" style=\"width:100%\" src=\"https:\/\/www.europesays.com\/fr\/wp-content\/uploads\/2025\/09\/butte_saint_georges1758119120597.jpg\" alt=\"Butte Saint-Georges\"\/><\/p>\n<p>Butte Saint-Georges<\/p>\n<p>Cr\u00e9dit : Google Street View<\/p>\n<p style=\"margin-bottom: 0cm;\">Il s\u2019agit de la butte Saint-Georges, \u00e0 Verdelot, pr\u00e8s de Coulommiers. Le relief y atteint les 216 m\u00e8tres d\u2019altitude. Ce qui en fait le point naturel le plus \u00e9lev\u00e9 de toute la r\u00e9gion parisienne. Une hauteur qu\u2019il faut toutefois r\u00e9guli\u00e8rement v\u00e9rifier.<\/p>\n<p style=\"margin-bottom: 0cm;\">\u00a0<\/p>\n<p style=\"margin-bottom: 0cm;\">C\u2019\u00e9tait la mission d\u2019un groupe de g\u00e9om\u00e8tres-experts ce mercredi 17 septembre 2025. Ces sp\u00e9cialistes ont sorti les gros moyens pour mesurer la butte\u00a0: ils ont utilis\u00e9 des technologies modernes comme un drone et un GPS. Une fa\u00e7on de prouver que \u00ab\u00a0la pr\u00e9servation et la valorisation de nos campagnes sont l\u2019affaire de tous\u00a0\u00bb, indique l\u2019Union nationale des g\u00e9om\u00e8tres-experts.<\/p>\n<p style=\"margin-bottom: 0cm;\">\u00a0<\/p>\n<p style=\"margin-bottom: 0cm;\">La colline d&rsquo;\u00c9lancourt (231 m\u00e8tres) qui est souvent cit\u00e9 comme le point culminant de l&rsquo;\u00cele-de-France, n&rsquo;est pas un endroit d&rsquo;origine naturelle : cette ancienne d\u00e9chetterie est \u00ab\u00a0compos\u00e9e de remblais, aujourd&rsquo;hui r\u00e9habilit\u00e9e\u00a0\u00bb pr\u00e9cise l&rsquo;union nationale des g\u00e9om\u00e8tres-experts. C&rsquo;est la diff\u00e9rence majeure entre ces deux lieux.<\/p>\n<p lang=\"fr-FR\" style=\"margin-bottom: 0cm;\">\u00a0<\/p>\n<p lang=\"fr-FR\" style=\"margin-bottom: 0cm;\">\u00a0<\/p>\n<p style=\"margin-bottom: 0cm;\">Nicolas Chacun &#8211; Olivier Doyen<\/p>\n<p>!function(f,b,e,v,n,t,s){if(f.fbq)return;n=f.fbq=function(){n.callMethod?<br \/>\nn.callMethod.apply(n,arguments):n.queue.push(arguments)};if(!f._fbq)f._fbq=n;<br \/>\nn.push=n;n.loaded=!0;n.version=&rsquo;2.0&prime;;n.queue=[];t=b.createElement(e);t.async=!0;<br \/>\nt.src=v;s=b.getElementsByTagName(e)[0];s.parentNode.insertBefore(t,s)}(window,<br \/>\ndocument,&rsquo;script&rsquo;,&rsquo;https:\/\/connect.facebook.net\/en_US\/fbevents.js&rsquo;);<br \/>\nfbq(&lsquo;init&rsquo;, &lsquo;278974969201861&rsquo;); \/\/ Insert your pixel ID here.<br \/>\nfbq(&lsquo;track&rsquo;, &lsquo;PageView&rsquo;);<\/p>\n","protected":false},"excerpt":{"rendered":"Butte Saint-Georges Cr\u00e9dit : Google Street View Il s\u2019agit de la butte Saint-Georges, \u00e0 Verdelot, pr\u00e8s de Coulommiers.&hellip;\n","protected":false},"author":2,"featured_media":407229,"comment_status":"","ping_status":"","sticky":false,"template":"","format":"standard","meta":{"footnotes":""},"categories":[1592],"tags":[1111,11,1933,1936,1777,1939,674,1011,27,662,1934,12,1940,626,1935,25,1937,1941,1938],"class_list":{"0":"post-407228","1":"post","2":"type-post","3":"status-publish","4":"format-standard","5":"has-post-thumbnail","7":"category-ile-de-france","8":"tag-actu","9":"tag-actualites","10":"tag-actualites-locales","11":"tag-essonne","12":"tag-eu","13":"tag-eure-et-loir","14":"tag-europe","15":"tag-fr","16":"tag-france","17":"tag-ile-de-france","18":"tag-infos-locales","19":"tag-news","20":"tag-oise","21":"tag-paris","22":"tag-pres-de-chez-vous","23":"tag-republique-francaise","24":"tag-seine-et-marne","25":"tag-somme","26":"tag-yvelines"},"share_on_mastodon":{"url":"https:\/\/pubeurope.com\/@fr\/115242483824434515","error":""},"_links":{"self":[{"href":"https:\/\/www.europesays.com\/fr\/wp-json\/wp\/v2\/posts\/407228","targetHints":{"allow":["GET"]}}],"collection":[{"href":"https:\/\/www.europesays.com\/fr\/wp-json\/wp\/v2\/posts"}],"about":[{"href":"https:\/\/www.europesays.com\/fr\/wp-json\/wp\/v2\/types\/post"}],"author":[{"embeddable":true,"href":"https:\/\/www.europesays.com\/fr\/wp-json\/wp\/v2\/users\/2"}],"replies":[{"embeddable":true,"href":"https:\/\/www.europesays.com\/fr\/wp-json\/wp\/v2\/comments?post=407228"}],"version-history":[{"count":0,"href":"https:\/\/www.europesays.com\/fr\/wp-json\/wp\/v2\/posts\/407228\/revisions"}],"wp:featuredmedia":[{"embeddable":true,"href":"https:\/\/www.europesays.com\/fr\/wp-json\/wp\/v2\/media\/407229"}],"wp:attachment":[{"href":"https:\/\/www.europesays.com\/fr\/wp-json\/wp\/v2\/media?parent=407228"}],"wp:term":[{"taxonomy":"category","embeddable":true,"href":"https:\/\/www.europesays.com\/fr\/wp-json\/wp\/v2\/categories?post=407228"},{"taxonomy":"post_tag","embeddable":true,"href":"https:\/\/www.europesays.com\/fr\/wp-json\/wp\/v2\/tags?post=407228"}],"curies":[{"name":"wp","href":"https:\/\/api.w.org\/{rel}","templated":true}]}}