{"id":407244,"date":"2025-09-21T13:25:12","date_gmt":"2025-09-21T13:25:12","guid":{"rendered":"https:\/\/www.europesays.com\/fr\/407244\/"},"modified":"2025-09-21T13:25:12","modified_gmt":"2025-09-21T13:25:12","slug":"aux-etats-unis-la-police-de-limmigration-jette-une-candidate-democrate-au-sol-et-est-felicitee-sur-fox-news","status":"publish","type":"post","link":"https:\/\/www.europesays.com\/fr\/407244\/","title":{"rendered":"Aux \u00c9tats-Unis, la police de l\u2019immigration jette une candidate d\u00e9mocrate au sol&#8230; et est f\u00e9licit\u00e9e sur Fox News"},"content":{"rendered":"<p>        <img decoding=\"async\" loading=\"lazy\" src=\"https:\/\/www.europesays.com\/fr\/wp-content\/uploads\/2025\/09\/310a449_upload-1-zbn4d0ixn5m5-nouveau-projet-26.jpg\"  width=\"728\" height=\"410\" alt=\"Une vid\u00e9o partag\u00e9e par la candidate d\u00e9mocrate Kat Abughazaleh la montre en train de se faire jeter au sol par la police de l\u2019immigration am\u00e9ricaine (ICE).\"\/>  <\/p>\n<p>Capture d\u2019\u00e9cran X (@KatAbughazaleh)<\/p>\n<p class=\"asset asset-text\">\u00c9TATS-UNIS &#8211; La vid\u00e9o d\u2019origine \u00e9tait d\u00e9j\u00e0 virale, mais la sortie de route sur <a href=\"https:\/\/www.huffingtonpost.fr\/international\/article\/donald-trump-nomme-une-nouvelle-vedette-de-fox-news-a-un-poste-cle-de-la-justice-americaine_253231.html\" target=\"_blank\" rel=\"noopener\">Fox News<\/a> l\u2019a \u00e9t\u00e9 encore davantage. La pr\u00e9sentatrice <a href=\"https:\/\/www.huffingtonpost.fr\/international\/article\/laura-ingraham-de-fox-news-sirote-un-steak-aux-ampoules-a-l-antenne_151183.html\" target=\"_blank\" rel=\"noopener\">Laura Ingraham<\/a>, l\u2019une des t\u00eates d\u2019affiche de la cha\u00eene conservatrice, a vu un extrait de son \u00e9mission du vendredi 19\u00a0septembre tourner en boucle sur les r\u00e9seaux sociaux, cumulant \u00e0 ce jour 6,2\u00a0millions de vues sur X.<\/p>\n<p class=\"asset asset-text\">Dans cette s\u00e9quence tr\u00e8s partag\u00e9e, la journaliste commente les manifestations houleuses qui se sont tenues vendredi \u00e0 Chicago, en opposition aux op\u00e9rations de <a href=\"https:\/\/www.huffingtonpost.fr\/international\/video\/la-police-de-l-immigration-de-trump-arrete-des-centaines-de-personnes-lors-d-un-raid-dans-une-usine-hyundai-lg_254485.html\" target=\"_blank\" rel=\"noopener\" title=\"Nouvelle fen\u00eatre\">la police am\u00e9ricaine de l\u2019immigration<\/a> (ICE). Comme le rapporte <a href=\"https:\/\/www.theguardian.com\/us-news\/2025\/sep\/19\/ice-protest-chicago-police\" target=\"_blank\" rel=\"noopener\" title=\"Nouvelle fen\u00eatre\">The Guardian<\/a>, une centaine de manifestants ont affront\u00e9 les forces de l\u2019ordre qui ont r\u00e9pliqu\u00e9 \u00e0 coups de gaz lacrymog\u00e8ne et ont arr\u00eat\u00e9 plusieurs personnes.<\/p>\n<p class=\"asset asset-text\">Le traitement r\u00e9serv\u00e9 \u00e0 une candidate d\u00e9mocrate au Congr\u00e8s, Kat Abughazaleh, a particuli\u00e8rement fait parler\u00a0: un agent l\u2019a attrap\u00e9e, pouss\u00e9e sur quelques m\u00e8tres avant de la jeter au sol. \u00ab\u00a0C\u2019est \u00e0 \u00e7a que ressemble une violation du Premier amendement [sur la libert\u00e9 d\u2019expression et de manifestation] par l\u2019<a href=\"https:\/\/www.huffingtonpost.fr\/international\/article\/trump-rassure-les-investisseurs-etrangers-apres-ce-coup-de-filet-inedit-de-l-ice_254824.html\" target=\"_blank\" rel=\"noopener\">ICE<\/a>\u00a0\u00bb, a \u00e9crit la candidate progressiste dans un message sur X vu au moins 1,7\u00a0million de fois, <strong>que vous pouvez regarder ci-dessous<\/strong> et qui partage la vid\u00e9o de l\u2019incident.<\/p>\n<p> La lecture de ce contenu est susceptible d\u2019entra\u00eener un d\u00e9p\u00f4t de cookies de la part de l\u2019op\u00e9rateur tiers qui l\u2019h\u00e9berge. Compte-tenu des choix que vous avez exprim\u00e9s en mati\u00e8re de d\u00e9p\u00f4t de cookies, nous avons bloqu\u00e9 l\u2019affichage de ce contenu. Si vous souhaitez y acc\u00e9der, vous devez accepter la cat\u00e9gorie de cookies \u201cContenus tiers\u201d en cliquant sur le bouton ci-dessous. <\/p>\n<p> Lire la Vid\u00e9o        Du \u00ab\u00a0bon travail\u00a0\u00bb face aux \u00ab\u00a0agitateurs d\u00e9rang\u00e9s\u00a0\u00bb    <\/p>\n<p class=\"asset asset-text\">Kat Abughazaleh a d\u00e9clar\u00e9 \u00e0 <a href=\"https:\/\/www.msnbc.com\/top-stories\/latest\/chicago-ice-protest-democrat-kat-abughazaleh-thrown-tear-gas-rcna232512\" target=\"_blank\" rel=\"noopener\" title=\"Nouvelle fen\u00eatre\">MSNBC<\/a> que les agents de l\u2019ICE pr\u00e9sents sur place ont cri\u00e9 \u00ab\u00a0Vos droits garantis par le Premier amendement sont sur le trottoir\u00a0\u00bb. La violence de la sc\u00e8ne a choqu\u00e9 beaucoup d\u2019Am\u00e9ricains&#8230; mais pas tous. Dans son \u00e9mission sur Fox News, <strong>dont vous pouvez visionner l\u2019extrait viral ci-dessous<\/strong>, Laura Ingraham est revenue sur les faits en f\u00e9licitant les forces de l\u2019ordre pour leur geste, ont relev\u00e9 plusieurs m\u00e9dias outre-Atlantique dont <a href=\"https:\/\/www.huffpost.com\/entry\/laura-ingraham-ice-dem-candidate_n_68ceb82ae4b09420f3fc0608?origin=home-latest-news-unit\" target=\"_blank\" rel=\"noopener\" title=\"Nouvelle fen\u00eatre\">le HuffPost am\u00e9ricain<\/a> et le <a href=\"https:\/\/www.thedailybeast.com\/fox-host-cheers-ice-assault-on-dem-congressional-candidate\/?utm_medium=socialflow&amp;utm_source=twitter_owned_tdb&amp;via=twitter_page&amp;utm_campaign=owned_social\" target=\"_blank\" rel=\"noopener\" title=\"Nouvelle fen\u00eatre\">Daily Beast<\/a>.<\/p>\n<p> La lecture de ce contenu est susceptible d\u2019entra\u00eener un d\u00e9p\u00f4t de cookies de la part de l\u2019op\u00e9rateur tiers qui l\u2019h\u00e9berge. Compte-tenu des choix que vous avez exprim\u00e9s en mati\u00e8re de d\u00e9p\u00f4t de cookies, nous avons bloqu\u00e9 l\u2019affichage de ce contenu. Si vous souhaitez y acc\u00e9der, vous devez accepter la cat\u00e9gorie de cookies \u201cContenus tiers\u201d en cliquant sur le bouton ci-dessous. <\/p>\n<p> Lire la Vid\u00e9o        <\/p>\n<p class=\"asset asset-text\">Elle a \u00e9voqu\u00e9 la situation \u00e0 Chicago \u00ab\u00a0o\u00f9 des agitateurs compl\u00e8tement d\u00e9rang\u00e9s ont tent\u00e9 de former un barrage \u2013 ils n\u2019ont pas d\u2019emploi \u00e0 proprement parler, mais c\u2019est \u00e7a leur travail \u2013 devant un b\u00e2timent de l\u2019ICE\u00a0\u00bb. Elle a ensuite \u00e9voqu\u00e9 le cas de la \u00ab\u00a0<a href=\"https:\/\/www.huffingtonpost.fr\/international\/article\/apres-zohran-mamdani-cet-autre-jeune-democrate-qui-veut-bouleverser-son-parti-et-la-politique-americaine_251799.html\" target=\"_blank\" rel=\"noopener\">candidate d\u00e9mocrate au Congr\u00e8s<\/a> qui a \u00e9t\u00e9 jet\u00e9e \u00e0 terre par un agent\u00a0\u00bb avant d\u2019ajouter\u00a0: \u00ab\u00a0Beau travail.\u00a0\u00bb Laura Ingraham n\u2019est pas revenue pour le moment sur la controverse suscit\u00e9e par ses propos.<\/p>\n<p class=\"asset asset-text\">La s\u00e9quence pol\u00e9mique a d\u00e9j\u00e0 fait r\u00e9agir Kat Abughazaleh. \u00ab\u00a0C\u2019est moi sur la vid\u00e9o\u00a0\u00bb, a-t-elle r\u00e9pondu \u00e0 quelqu\u2019un qui repartageait les d\u00e9clarations de Laura Ingraham, \u00ab\u00a0une pr\u00e9sentatrice de Fox News vient juste de c\u00e9l\u00e9brer mon agression par l\u2019ICE.\u00a0\u00bb La d\u00e9mocrate a profit\u00e9 de cette visibilit\u00e9 pour renouveler ses critiques \u00e0 l\u2019encontre de la police de l\u2019immigration\u00a0: \u00ab\u00a0S\u2019ils se comportent comme \u00e7a avec une candidate au Congr\u00e8s [&#8230;], imaginez juste ce qu\u2019ils font aux personnes qu\u2019ils kidnappent.\u00a0\u00bb<\/p>\n","protected":false},"excerpt":{"rendered":"Capture d\u2019\u00e9cran X (@KatAbughazaleh) \u00c9TATS-UNIS &#8211; La vid\u00e9o d\u2019origine \u00e9tait d\u00e9j\u00e0 virale, mais la sortie de route sur&hellip;\n","protected":false},"author":2,"featured_media":407245,"comment_status":"","ping_status":"","sticky":false,"template":"","format":"standard","meta":{"footnotes":""},"categories":[1589],"tags":[11,73,1866,12445,14,12,1203,53889,1864,1865,1863,308],"class_list":{"0":"post-407244","1":"post","2":"type-post","3":"status-publish","4":"format-standard","5":"has-post-thumbnail","7":"category-etats-unis","8":"tag-actualites","9":"tag-etats-unis","10":"tag-etats-unis-damerique","11":"tag-fox-news","12":"tag-international","13":"tag-news","14":"tag-parti-democrate","15":"tag-police-etats-unis","16":"tag-united-states","17":"tag-united-states-of-america","18":"tag-us","19":"tag-usa"},"share_on_mastodon":{"url":"https:\/\/pubeurope.com\/@fr\/115242515158914103","error":""},"_links":{"self":[{"href":"https:\/\/www.europesays.com\/fr\/wp-json\/wp\/v2\/posts\/407244","targetHints":{"allow":["GET"]}}],"collection":[{"href":"https:\/\/www.europesays.com\/fr\/wp-json\/wp\/v2\/posts"}],"about":[{"href":"https:\/\/www.europesays.com\/fr\/wp-json\/wp\/v2\/types\/post"}],"author":[{"embeddable":true,"href":"https:\/\/www.europesays.com\/fr\/wp-json\/wp\/v2\/users\/2"}],"replies":[{"embeddable":true,"href":"https:\/\/www.europesays.com\/fr\/wp-json\/wp\/v2\/comments?post=407244"}],"version-history":[{"count":0,"href":"https:\/\/www.europesays.com\/fr\/wp-json\/wp\/v2\/posts\/407244\/revisions"}],"wp:featuredmedia":[{"embeddable":true,"href":"https:\/\/www.europesays.com\/fr\/wp-json\/wp\/v2\/media\/407245"}],"wp:attachment":[{"href":"https:\/\/www.europesays.com\/fr\/wp-json\/wp\/v2\/media?parent=407244"}],"wp:term":[{"taxonomy":"category","embeddable":true,"href":"https:\/\/www.europesays.com\/fr\/wp-json\/wp\/v2\/categories?post=407244"},{"taxonomy":"post_tag","embeddable":true,"href":"https:\/\/www.europesays.com\/fr\/wp-json\/wp\/v2\/tags?post=407244"}],"curies":[{"name":"wp","href":"https:\/\/api.w.org\/{rel}","templated":true}]}}