{"id":407251,"date":"2025-09-21T13:29:11","date_gmt":"2025-09-21T13:29:11","guid":{"rendered":"https:\/\/www.europesays.com\/fr\/407251\/"},"modified":"2025-09-21T13:29:11","modified_gmt":"2025-09-21T13:29:11","slug":"la-hongrie-dorban-veut-que-bruxelles-saligne-sur-trump-contre-le-mouvement-antifa","status":"publish","type":"post","link":"https:\/\/www.europesays.com\/fr\/407251\/","title":{"rendered":"La Hongrie d\u2019Orban veut que Bruxelles s\u2019aligne sur Trump contre le mouvement \u00ab Antifa \u00bb"},"content":{"rendered":"<p class=\"mb-4 text-lg md:leading-8 break-words\"><strong>croisade controvers\u00e9e &#8211; A la suite de l\u2019assassinat de Charlie Kirk, Donald Trump a pris comme bouc \u00e9missaire, de fa\u00e7on virulente, l\u2019extr\u00eame gauche<\/strong><\/p>\n<p class=\"mb-4 text-lg md:leading-8 break-words\">La Hongrie de <a href=\"https:\/\/www.20minutes.fr\/dossier\/viktor_orban?at_medium=RSS%20feed&amp;at_campaign=ynews&amp;utm_source=yahoo&amp;utm_medium=rss&amp;utm_campaign=news_feed&amp;utm_content=in_article_link\" rel=\"nofollow noopener\" target=\"_blank\" data-ylk=\"slk:Viktor Orb\u00e1n;elm:context_link;itc:0;sec:content-canvas\" class=\"link \">Viktor Orb\u00e1n<\/a> est une nouvelle fois en phase avec une croisade tr\u00e8s controvers\u00e9e de <a href=\"https:\/\/www.20minutes.fr\/dossier\/donald_trump?at_medium=RSS%20feed&amp;at_campaign=ynews&amp;utm_source=yahoo&amp;utm_medium=rss&amp;utm_campaign=news_feed&amp;utm_content=in_article_link\" rel=\"nofollow noopener\" target=\"_blank\" data-ylk=\"slk:Donald Trump;elm:context_link;itc:0;sec:content-canvas\" class=\"link \">Donald Trump<\/a>. Le chef de la diplomatie hongroise a ainsi exhort\u00e9 samedi l\u2019Union europ\u00e9enne \u00e0 suivre l\u2019exemple du pr\u00e9sident am\u00e9ricain et classer comme organisation \u00ab\u00a0terroriste\u00a0\u00bb le mouvement \u00ab\u00a0Antifa\u00a0\u00bb, qui rassemble des groupes d\u2019extr\u00eame gauche se r\u00e9clamant de l\u2019antifascisme.<\/p>\n<p class=\"mb-4 text-lg md:leading-8 break-words\">\u00ab\u00a0La <a href=\"https:\/\/www.20minutes.fr\/dossier\/hongrie?at_medium=RSS%20feed&amp;at_campaign=ynews&amp;utm_source=yahoo&amp;utm_medium=rss&amp;utm_campaign=news_feed&amp;utm_content=in_article_link\" rel=\"nofollow noopener\" target=\"_blank\" data-ylk=\"slk:Hongrie;elm:context_link;itc:0;sec:content-canvas\" class=\"link \">Hongrie<\/a> est convaincue que, sur une question aussi cruciale, l\u2019Europe doit aligner ses actions sur celles des <a href=\"https:\/\/www.20minutes.fr\/monde\/etats-unis\/?at_medium=RSS%20feed&amp;at_campaign=ynews&amp;utm_source=yahoo&amp;utm_medium=rss&amp;utm_campaign=news_feed&amp;utm_content=in_article_link\" rel=\"nofollow noopener\" target=\"_blank\" data-ylk=\"slk:\u00c9tats-Unis;elm:context_link;itc:0;sec:content-canvas\" class=\"link \">\u00c9tats-Unis<\/a>\u00a0\u00bb, a affirm\u00e9 sur X le ministre hongrois des Affaires \u00e9trang\u00e8res, Peter Szijjarto, publiant sa lettre \u00e0 la cheffe de la diplomatie europ\u00e9enne Kaja Kallas.<\/p>\n<p>Un bras de fer entre Budapest et l\u2019UE<\/p>\n<p class=\"mb-4 text-lg md:leading-8 break-words\">Le mouvement Antifa, \u00ab\u00a0ce r\u00e9seau violent d\u2019extr\u00eame gauche a men\u00e9 des attaques brutales \u00e0 travers l\u2019Europe, y compris \u00e0 Budapest\u00a0\u00bb, a affirm\u00e9 le ministre. \u00ab\u00a0\u00c0 notre grand regret, les suspects ont ensuite \u00e9chapp\u00e9 \u00e0 la justice en trouvant refuge dans des \u00c9tats membres de l\u2019<a href=\"https:\/\/www.20minutes.fr\/dossier\/ue?at_medium=RSS%20feed&amp;at_campaign=ynews&amp;utm_source=yahoo&amp;utm_medium=rss&amp;utm_campaign=news_feed&amp;utm_content=in_article_link\" rel=\"nofollow noopener\" target=\"_blank\" data-ylk=\"slk:UE;elm:context_link;itc:0;sec:content-canvas\" class=\"link \">UE<\/a>, qui ont refus\u00e9 de les extrader vers la Hongrie\u00a0\u00bb, \u00e9crit-il dans sa lettre.<\/p>\n<p class=\"mb-4 text-lg md:leading-8 break-words\">Sur X, Peter Szijjarto mentionne le cas de la militante antifasciste italienne Ilaria Salis qui \u00ab\u00a0a obtenu l\u2019immunit\u00e9 apr\u00e8s \u00eatre devenue d\u00e9put\u00e9e europ\u00e9enne\u00a0\u00bb. Ilaria Salis avait \u00e9t\u00e9 arr\u00eat\u00e9e en f\u00e9vrier\u00a02023 avec d\u2019autres militants, comme l\u2019activiste allemand Maja T., \u00e0 Budapest, qui protestaient contre le \u00ab\u00a0Jour de l\u2019Honneur\u00a0\u00bb, comm\u00e9moration annuelle organis\u00e9e par les milieux n\u00e9onazis. Son \u00e9lection au parlement europ\u00e9en en juin\u00a02024 avait entra\u00een\u00e9 la l(&#8230;)<\/p>\n<p class=\"mb-4 text-lg md:leading-8 break-words\"><a href=\"https:\/\/www.20minutes.fr\/monde\/etats-unis\/4174327-20250921-union-europeenne-hongrie-orban-veut-bruxelles-aligne-trump-contre-mouvement-antifa?at_medium=RSS%20feed&amp;at_campaign=ynews&amp;utm_source=yahoo&amp;utm_medium=rss&amp;utm_campaign=news_feed&amp;utm_content=read_more_link&quot;\" rel=\"nofollow noopener\" target=\"_blank\" data-ylk=\"slk:Lire la suite sur 20minutes;elm:context_link;itc:0;sec:content-canvas\" class=\"link \">Lire la suite sur 20minutes<\/a><\/p>\n<p>\u00c0 lire aussi :<br \/><a href=\"https:\/\/www.20minutes.fr\/monde\/etats-unis\/4173787-20250918-etats-unis-mouvement-antifa-designe-organisation-terroriste-donald-trump?at_medium=RSS%20feed&amp;at_campaign=ynews&amp;utm_source=yahoo&amp;utm_medium=rss&amp;utm_campaign=news_feed&amp;utm_content=related_content_link\" rel=\"nofollow noopener\" target=\"_blank\" data-ylk=\"slk:Etats-Unis\u00a0: Le mouvement \u00ab\u00a0Antifa\u00a0\u00bb d\u00e9sign\u00e9 \u00ab\u00a0organisation terroriste\u00a0\u00bb par Donald Trump;elm:context_link;itc:0;sec:content-canvas\" class=\"link \">Etats-Unis\u00a0: Le mouvement \u00ab\u00a0Antifa\u00a0\u00bb d\u00e9sign\u00e9 \u00ab\u00a0organisation terroriste\u00a0\u00bb par Donald Trump<\/a><br \/><a href=\"https:\/\/www.20minutes.fr\/politique\/4174184-20250921-mort-charlie-kirk-extreme-droite-tient-martin-luther-king?at_medium=RSS%20feed&amp;at_campaign=ynews&amp;utm_source=yahoo&amp;utm_medium=rss&amp;utm_campaign=news_feed&amp;utm_content=related_content_link\" rel=\"nofollow noopener\" target=\"_blank\" data-ylk=\"slk:Mort de Charlie Kirk\u00a0: L\u2019extr\u00eame droite tient-elle \u00ab\u00a0son Martin Luther King\u00a0\u00bb\u00a0?;elm:context_link;itc:0;sec:content-canvas\" class=\"link \">Mort de Charlie Kirk\u00a0: L\u2019extr\u00eame droite tient-elle \u00ab\u00a0son Martin Luther King\u00a0\u00bb\u00a0?<\/a><\/p>\n","protected":false},"excerpt":{"rendered":"croisade controvers\u00e9e &#8211; A la suite de l\u2019assassinat de Charlie Kirk, Donald Trump a pris comme bouc \u00e9missaire,&hellip;\n","protected":false},"author":2,"featured_media":407252,"comment_status":"","ping_status":"","sticky":false,"template":"","format":"standard","meta":{"footnotes":""},"categories":[1586],"tags":[11,53891,51856,75,1777,674,1779,1011,27,804,12,53890,25,1778,364],"class_list":{"0":"post-407251","1":"post","2":"type-post","3":"status-publish","4":"format-standard","5":"has-post-thumbnail","7":"category-europe","8":"tag-actualites","9":"tag-bouc-emissaire","10":"tag-charlie-kirk","11":"tag-donald-trump","12":"tag-eu","13":"tag-europe","14":"tag-european-union","15":"tag-fr","16":"tag-france","17":"tag-hongrie","18":"tag-news","19":"tag-peter-szijjarto","20":"tag-republique-francaise","21":"tag-ue","22":"tag-union-europeenne"},"share_on_mastodon":{"url":"https:\/\/pubeurope.com\/@fr\/115242530495680015","error":""},"_links":{"self":[{"href":"https:\/\/www.europesays.com\/fr\/wp-json\/wp\/v2\/posts\/407251","targetHints":{"allow":["GET"]}}],"collection":[{"href":"https:\/\/www.europesays.com\/fr\/wp-json\/wp\/v2\/posts"}],"about":[{"href":"https:\/\/www.europesays.com\/fr\/wp-json\/wp\/v2\/types\/post"}],"author":[{"embeddable":true,"href":"https:\/\/www.europesays.com\/fr\/wp-json\/wp\/v2\/users\/2"}],"replies":[{"embeddable":true,"href":"https:\/\/www.europesays.com\/fr\/wp-json\/wp\/v2\/comments?post=407251"}],"version-history":[{"count":0,"href":"https:\/\/www.europesays.com\/fr\/wp-json\/wp\/v2\/posts\/407251\/revisions"}],"wp:featuredmedia":[{"embeddable":true,"href":"https:\/\/www.europesays.com\/fr\/wp-json\/wp\/v2\/media\/407252"}],"wp:attachment":[{"href":"https:\/\/www.europesays.com\/fr\/wp-json\/wp\/v2\/media?parent=407251"}],"wp:term":[{"taxonomy":"category","embeddable":true,"href":"https:\/\/www.europesays.com\/fr\/wp-json\/wp\/v2\/categories?post=407251"},{"taxonomy":"post_tag","embeddable":true,"href":"https:\/\/www.europesays.com\/fr\/wp-json\/wp\/v2\/tags?post=407251"}],"curies":[{"name":"wp","href":"https:\/\/api.w.org\/{rel}","templated":true}]}}