{"id":407257,"date":"2025-09-21T13:32:13","date_gmt":"2025-09-21T13:32:13","guid":{"rendered":"https:\/\/www.europesays.com\/fr\/407257\/"},"modified":"2025-09-21T13:32:13","modified_gmt":"2025-09-21T13:32:13","slug":"championnats-de-france-collombon-et-godallier-soffrent-en-patronnes-un-5e-titre-consecutif","status":"publish","type":"post","link":"https:\/\/www.europesays.com\/fr\/407257\/","title":{"rendered":"Championnats de France \u2013 Collombon et Godallier s\u2019offrent en patronnes un 5e titre cons\u00e9cutif"},"content":{"rendered":"<p>La finale dames des <strong>Championnats de France 2025<\/strong> a livr\u00e9 le duel attendu : <strong>Alix Collombon \/ L\u00e9a Godallier (TS1)<\/strong> face \u00e0 <strong>Jessica Ginier \/ Carla Touly (TS2)<\/strong>. Et comme souvent, ce sont les patronnes du padel fran\u00e7ais qui ont eu le dernier mot. Victoire <strong>6\/3 7\/5<\/strong>, synonyme de <strong>5e titre cons\u00e9cutif ensemble<\/strong>, le <strong>8e pour Collombon<\/strong> en dix \u00e9ditions FFT.<\/p>\n<p>Un d\u00e9but de match parfaitement ma\u00eetris\u00e9<\/p>\n<p>Contrairement \u00e0 sa demi-finale, <strong>L\u00e9a Godallier est entr\u00e9e tout de suite dans son match<\/strong>. Tr\u00e8s solide dans les \u00e9changes, elle fait mal sur chaque frappe, avec Collombon elles sont impassables en d\u00e9fense. Les deux favorites ont choisi de cibler davantage <strong>Carla Touly<\/strong>, pour ne pas donner de rythme \u00e0 Jessica Ginier.<br \/>R\u00e9sultat : un break d\u2019avance et une ma\u00eetrise totale sur leurs jeux de service. Malgr\u00e9 une bonne r\u00e9action en fin de manche de <strong>Touly \/ Ginier <\/strong>qui commencent petit \u00e0 petit r\u00e9\u00e9quilibrer les d\u00e9bats<strong>, elles s\u2019inclinent 6\/3<\/strong> dans ce premier set.<\/p>\n<p>Le second set, entre ma\u00eetrise et frayeur<\/p>\n<p>Alors qu\u2019on s\u2019attendait \u00e0 un bras de fer, Collombon et Godallier d\u00e9marrent fort avec un <strong>double break d\u2019entr\u00e9e<\/strong>. \u00c0 3\/0. Alors qu\u2019on pensait le match pli\u00e9, <strong>les favorites connaissent une vraie baisse physique<\/strong>. Moins lucides, multipliant les fautes directes, en face Ginier et Touly r\u00e9agissent : plus agressives, elles reviennent dans la partie. Ginier, redoutable en smash parall\u00e8le, relance compl\u00e8tement le set. La t\u00eate de s\u00e9rie 2 revient \u00e0 hauteur puis passe devant, menant <strong>4\/3<\/strong>.<br \/>Mais c\u2019est l\u00e0 que Collombon et Godallier prouvent encore une fois leur statut. Elles ralentissent le jeu, varient davantage et parviennent \u00e0 reprendre le contr\u00f4le. Apr\u00e8s quelques rebondissements, elles s\u2019imposent finalement <strong>7\/5<\/strong>, non sans s\u2019\u00eatre fait peur.<\/p>\n<p>L\u2019\u00e9motion d\u2019une victoire\u2026 et d\u2019un adieu<\/p>\n<p>Ce sacre a \u00e9t\u00e9 c\u00e9l\u00e9br\u00e9 avec beaucoup d\u2019\u00e9motion. Pour cause : <strong>Alix Collombon a confirm\u00e9 que ce seraient ses derniers Championnats de France<\/strong>.<br \/>\u00ab Je peux dire quasiment \u00e0 100% que ce sont mes derniers Championnats de France \u00bb, a-t-elle confi\u00e9 apr\u00e8s la rencontre, visiblement \u00e9mue.<\/p>\n<p>D\u00e9j\u00e0 avant le tournoi, la Lyonnaise de 32 ans, <strong>24e mondiale<\/strong>, avait laiss\u00e9 planer le doute sur son avenir dans cette comp\u00e9tition, soulignant le poids d\u2019un calendrier international surcharg\u00e9 et le risque de blessures. L\u2019an dernier, elle avait jou\u00e9 infiltr\u00e9e au poignet, tandis que Godallier avait fini avec une entorse. Cette ann\u00e9e encore, l\u2019intensit\u00e9 du calendrier rendait la participation difficile \u00e0 g\u00e9rer.<\/p>\n<p><img title=\"image | Padel Magazine\" loading=\"lazy\" decoding=\"async\" width=\"726\" height=\"898\" src=\"https:\/\/www.europesays.com\/fr\/wp-content\/uploads\/2025\/09\/1758461532_125_image-51.png\" alt=\"\" class=\"wp-image-268786\"  \/>Une domination historique<\/p>\n<p>Avec ce 5e titre cons\u00e9cutif, <strong>Collombon et Godallier \u00e9crivent une nouvelle page de leur r\u00e8gne sur le padel fran\u00e7ais<\/strong>. Pour Collombon, il s\u2019agit du <strong>8e titre cons\u00e9cutif<\/strong>, une statistique impressionnante qui assoit un peu plus son statut de r\u00e9f\u00e9rence nationale.<\/p>\n<p><img loading=\"lazy\" decoding=\"async\" data-del=\"avatar\" alt=\"Benjamin Dupouy\" src=\"https:\/\/www.europesays.com\/fr\/wp-content\/uploads\/2025\/04\/IMG_5219-150x150.jpg\" class=\"avatar pp-user-avatar avatar-100 photo \" height=\"100\" width=\"100\"\/><\/p>\n<p>J\u2019ai d\u00e9couvert le padel directement lors d\u2019un tournoi, et franchement, je n\u2019ai pas trop accroch\u00e9 au d\u00e9but. Mais la deuxi\u00e8me fois, \u00e7a a \u00e9t\u00e9 le coup de foudre, et depuis, je ne rate plus un seul match. Je suis m\u00eame pr\u00eat \u00e0 rester \u00e9veill\u00e9 jusqu\u2019\u00e0 3h du matin pour regarder une finale de Premier Padel !<\/p>\n<p class=\"related-title\">Sur le m\u00eame sujet<\/p>\n","protected":false},"excerpt":{"rendered":"La finale dames des Championnats de France 2025 a livr\u00e9 le duel attendu : Alix Collombon \/ L\u00e9a&hellip;\n","protected":false},"author":2,"featured_media":407258,"comment_status":"","ping_status":"","sticky":false,"template":"","format":"standard","meta":{"footnotes":""},"categories":[4],"tags":[11,32391,31305,1011,27,32392,12,25],"class_list":{"0":"post-407257","1":"post","2":"type-post","3":"status-publish","4":"format-standard","5":"has-post-thumbnail","7":"category-france","8":"tag-actualites","9":"tag-alix-collombon","10":"tag-championnats-de-france-de-padel-2025","11":"tag-fr","12":"tag-france","13":"tag-lea-godallier","14":"tag-news","15":"tag-republique-francaise"},"share_on_mastodon":{"url":"https:\/\/pubeurope.com\/@fr\/115242542777517513","error":""},"_links":{"self":[{"href":"https:\/\/www.europesays.com\/fr\/wp-json\/wp\/v2\/posts\/407257","targetHints":{"allow":["GET"]}}],"collection":[{"href":"https:\/\/www.europesays.com\/fr\/wp-json\/wp\/v2\/posts"}],"about":[{"href":"https:\/\/www.europesays.com\/fr\/wp-json\/wp\/v2\/types\/post"}],"author":[{"embeddable":true,"href":"https:\/\/www.europesays.com\/fr\/wp-json\/wp\/v2\/users\/2"}],"replies":[{"embeddable":true,"href":"https:\/\/www.europesays.com\/fr\/wp-json\/wp\/v2\/comments?post=407257"}],"version-history":[{"count":0,"href":"https:\/\/www.europesays.com\/fr\/wp-json\/wp\/v2\/posts\/407257\/revisions"}],"wp:featuredmedia":[{"embeddable":true,"href":"https:\/\/www.europesays.com\/fr\/wp-json\/wp\/v2\/media\/407258"}],"wp:attachment":[{"href":"https:\/\/www.europesays.com\/fr\/wp-json\/wp\/v2\/media?parent=407257"}],"wp:term":[{"taxonomy":"category","embeddable":true,"href":"https:\/\/www.europesays.com\/fr\/wp-json\/wp\/v2\/categories?post=407257"},{"taxonomy":"post_tag","embeddable":true,"href":"https:\/\/www.europesays.com\/fr\/wp-json\/wp\/v2\/tags?post=407257"}],"curies":[{"name":"wp","href":"https:\/\/api.w.org\/{rel}","templated":true}]}}