{"id":407269,"date":"2025-09-21T13:41:10","date_gmt":"2025-09-21T13:41:10","guid":{"rendered":"https:\/\/www.europesays.com\/fr\/407269\/"},"modified":"2025-09-21T13:41:10","modified_gmt":"2025-09-21T13:41:10","slug":"en-direct-om-psg-le-match-reprogramme-a-demain-20-heures-pendant-le-ballon-dor-suivez-la-situation-avec-nous","status":"publish","type":"post","link":"https:\/\/www.europesays.com\/fr\/407269\/","title":{"rendered":"EN DIRECT OM &#8211; PSG\u00a0: Le match reprogramm\u00e9 \u00e0 demain, 20 heures, pendant le Ballon d&rsquo;Or\u2026 Suivez la situation avec nous"},"content":{"rendered":"<p>L&rsquo;Olympique de Marseille r\u00e9agit dans un communiqu\u00e9<\/p>\n<p>Sur son site et ses reseaux, le club marseillais a r\u00e9agi \u00e0 l&rsquo;annulation de la rencontre et \u00e0 l&rsquo;annonce de son report \u00e0 ce lundi, 20 heures. <\/p>\n<p>\u00ab L\u2019Olympique de Marseille prend acte de la d\u00e9cision de la Pr\u00e9fecture des Bouches-du-Rh\u00f4ne de reporter le match OM \u2013 PSG, initialement pr\u00e9vu ce soir, pour des raisons de s\u00e9curit\u00e9 li\u00e9es aux conditions m\u00e9t\u00e9orologiques dans la r\u00e9gion.<\/p>\n<p>Comme communiqu\u00e9 par la Ligue de Football Professionnel, et conform\u00e9ment \u00e0 ses r\u00e8glements, la rencontre est reprogramm\u00e9e ce lundi 22 septembre \u00e0 20h, \u00e0 l\u2019Orange V\u00e9lodrome.<\/p>\n<p>Le club informe ses supporters que les billets achet\u00e9s pour la rencontre pr\u00e9vue ce soir resteront valables pour le match reprogramm\u00e9 demain.<\/p>\n<p>L\u2019Olympique de Marseille regrette que les conditions ne soient pas r\u00e9unies pour disputer la rencontre ce soir, tant pour ses joueurs, pour ses supporters mobilis\u00e9s et d\u00e9j\u00e0 pr\u00e9sents, que pour la pleine visibilit\u00e9 de l\u2019\u00e9v\u00e9nement. \u00bb<\/p>\n<p>Le match reprogramm\u00e9 \u00e0 lundi, 20 heures<\/p>\n<p>Ce sera donc pendant le Ballon d\u2019Or. Les Parisiens peuvent vivre une nouvelle soir\u00e9e incroyable, avec un doubl\u00e9 Classico &#8211; Ballon d\u2019Or, ou bien une double d\u00e9sillusion, ou encore une soir\u00e9e en demi-teinte.<\/p>\n<p>L\u2019OM pousserait pour un report \u00e0 demain<\/p>\n<p>Selon RMC, les discussions en coulisse pour d\u00e9cider de la date du report sont anim\u00e9es. L\u2019OM pousserait pour un report \u00e0 demain, ce qui n\u2019arrangerait pas le PSG, priv\u00e9 de nombreux joueurs bless\u00e9s et dont plusieurs sont attendus \u00e0 la c\u00e9r\u00e9monie du Ballon d\u2019Or.<\/p>\n<p>Aussi, l&rsquo;UEFA s&rsquo;est trouv\u00e9 cette ann\u00e9e un nouveau sponsor pour la pr\u00e9sentation la c\u00e9r\u00e9monie du Ballon d&rsquo;or du lundi 22 septembre avec la compagnie Qatar Airways, qui est \u00e9galement le sponsor maillot du PSG&#8230; <\/p>\n<p>Va-t-on un assister \u00e0 un match pour d\u00e9cider de la date du report du match ?<\/p>\n<p>Comme vu, selon le r\u00e8glement, le match devrait a priori se jouer demain lundi. Un jour qui serait sportivement possible pour les deux \u00e9quipes, n&rsquo;ayant pas de match de coupe d&rsquo;Europe \u00e0 jour en milieu de semaine.<\/p>\n<p>Oui mais, demain il y&rsquo;a Ballon d&rsquo;or, avec le possible sacre du joueur de PSG Ousmane Dembel\u00e9<\/p>\n<p>Le casse-t\u00eate, quoi.<\/p>\n<p>Un report \u00e0 demain ?<\/p>\n<p>Selon l&rsquo;article 548 de la LFP, cit\u00e9 par RMC, \u00ab Lorsqu&rsquo;en raison d&rsquo;intemp\u00e9ries, le match n&rsquo;a pas pu d\u00e9buter, il est remis, ou lorsqu&rsquo;il a \u00e9t\u00e9 d\u00e9finitivement interrompu, il reprend \u00e0 compter de la minute \u00e0 laquelle il a \u00e9t\u00e9 interrompu, le lendemain (hors conditions extr\u00eames), \u00e0 un horaire fix\u00e9 par les services de la LFP. \u00bb<\/p>\n<p>Les pr\u00e9visions sont vraiment mauvaises<\/p>\n<p>Voici l&rsquo;animation des pr\u00e9visions m\u00e9t\u00e9o qui ont conduit \u00e0 cette prise de d\u00e9cision.<\/p>\n<blockquote class=\"twitter-tweet\" align=\"center\" data-lang=\"fr_FR\">\n<p lang=\"fr\" dir=\"ltr\">&gt;&gt; LIVE 11H : Les premi\u00e8res averses orageuses arrivent par le mer en direction de la Camargue, Fos, Arles et les Alpilles actuellement.<\/p>\n<p>L&rsquo;\u00e9pisode M\u00e9diterran\u00e9en d\u00e9bute donc d\u00e8s maintenant!<\/p>\n<p>Image : MC <a href=\"https:\/\/t.co\/EpKs3t97Pk\">pic.twitter.com\/EpKs3t97Pk<\/a><\/p>\n<p>\u2014 Paul Marquis (Expert Meteo) (@La_Meteo_du_13) <a href=\"https:\/\/twitter.com\/La_Meteo_du_13\/status\/1969689049779569035?ref_src=twsrc%5Etfw\" target=\"_blank\" rel=\"noopener\">September 21, 2025<\/a><\/p><\/blockquote>\n<p class=\"mb-xxl@xs color-ultramarine font-weight-semi-bold@xs font-source-serif-pro heading-s@xs\">L\u2019acc\u00e8s \u00e0 ce contenu a \u00e9t\u00e9 bloqu\u00e9 afin de respecter votre choix de consentement<\/p>\n<p class=\"mb-m@xs text-l@xs\">En cliquant sur\u00ab J\u2019accepte \u00bb, vous acceptez le d\u00e9p\u00f4t de cookies par des services externes et aurez ainsi acc\u00e8s aux contenus de nos partenaires.<\/p>\n<p class=\"mb-xl@xs text-s@xs\">Plus d\u2019informations sur la page<a href=\"https:\/\/www.20minutes.fr\/gestion-cookies\" class=\"mx-xxs@xs color-ultramarine\" target=\"_blank\" rel=\"noopener\">Politique de gestion des cookies<\/a><\/p>\n<p>J\u2019accepteLes d\u00e9tails du communiqu\u00e9 de presse<\/p>\n<p>C&rsquo;\u00e9taot le sujet de converation depuis ce matin \u00e0 Marseille, et le pr\u00e9fet a tranch\u00e9 \u00e0 14h, en s&rsquo;appuyant sur les donn\u00e9es m\u00e9t\u00e9orologique : <\/p>\n<p>\u00ab Ces pr\u00e9visions m\u00e9t\u00e9orologiques laissent craindre la survenue de pr\u00e9cipitations de forte intensit\u00e9 sur l\u2019ensemble du territoire entre 19h et 22h, soit au d\u00e9but et \u00e0 la fin du match qui devait rassembler pr\u00e8s de 70.000 supporters au stade Orange-V\u00e9lodrome.<\/p>\n<p>Cet \u00e9pisode m\u00e9diterran\u00e9en conduit le pr\u00e9fet des Bouches-du-Rh\u00f4ne \u00e0 enjoindre chacun \u00e0 \u00e9viter les d\u00e9placements et \u00e0 ne pas s\u2019engager sur les routes et, en ville, \u00e0 conserver une grande vigilance en raison des ph\u00e9nom\u00e8nes de ruissellement urbain.<\/p>\n<p>Par cons\u00e9quent, et dans un souci de coh\u00e9rence et de s\u00e9curit\u00e9 pour tous, le pr\u00e9fet a pris la d\u00e9cision d\u2019annuler la rencontre de football entre l\u2019OM et le PSG ce soir. La ligue de football professionnel et les clubs en ont \u00e9t\u00e9 pr\u00e9alablement inform\u00e9s \u00bb, \u00e9crit-il dans son communiqu\u00e9.<\/p>\n<p>Le live de plus court de toute l&rsquo;histoire ?<\/p>\n<p>Allez, merci au revoir et bon dimanche. <\/p>\n<p>Et non, on va bien liver quelques r\u00e9actions.<\/p>\n<p>Le match est annul\u00e9 !<\/p>\n<p>La pr\u00e9fecture a pris la d\u00e9cision d&rsquo;annuler le match pr\u00e9vu ce soir en raison des violents orages attendus.<\/p>\n<p class=\"mb-xxl@xs color-ultramarine font-weight-semi-bold@xs font-source-serif-pro heading-s@xs\">L\u2019acc\u00e8s \u00e0 ce contenu a \u00e9t\u00e9 bloqu\u00e9 afin de respecter votre choix de consentement<\/p>\n<p class=\"mb-m@xs text-l@xs\">En cliquant sur\u00ab J\u2019accepte \u00bb, vous acceptez le d\u00e9p\u00f4t de cookies par des services externes et aurez ainsi acc\u00e8s aux contenus de nos partenaires.<\/p>\n<p class=\"mb-xl@xs text-s@xs\">Plus d\u2019informations sur la page<a href=\"https:\/\/www.20minutes.fr\/gestion-cookies\" class=\"mx-xxs@xs color-ultramarine\" target=\"_blank\" rel=\"noopener\">Politique de gestion des cookies<\/a><\/p>\n<p>J\u2019accepte<script async src=\"https:\/\/platform.twitter.com\/widgets.js\" charset=\"utf-8\"><\/script><\/p>\n","protected":false},"excerpt":{"rendered":"L&rsquo;Olympique de Marseille r\u00e9agit dans un communiqu\u00e9 Sur son site et ses reseaux, le club marseillais a r\u00e9agi&hellip;\n","protected":false},"author":2,"featured_media":407270,"comment_status":"","ping_status":"","sticky":false,"template":"","format":"standard","meta":{"footnotes":""},"categories":[1410],"tags":[885,19981,63,1011,27,66,884,2333,883,2332,882,968,517,60,1280],"class_list":{"0":"post-407269","1":"post","2":"type-post","3":"status-publish","4":"format-standard","5":"has-post-thumbnail","7":"category-football","8":"tag-bouches-du-rhone","9":"tag-clasico","10":"tag-football","11":"tag-fr","12":"tag-france","13":"tag-ligue-1","14":"tag-marseille","15":"tag-olympique-de-marseille-om","16":"tag-paca","17":"tag-paris-saint-germain-psg","18":"tag-provence-alpes-cote-dazur","19":"tag-roberto-de-zerbi","20":"tag-sport","21":"tag-sports","22":"tag-stade-velodrome"},"share_on_mastodon":{"url":"https:\/\/pubeurope.com\/@fr\/115242577691498737","error":""},"_links":{"self":[{"href":"https:\/\/www.europesays.com\/fr\/wp-json\/wp\/v2\/posts\/407269","targetHints":{"allow":["GET"]}}],"collection":[{"href":"https:\/\/www.europesays.com\/fr\/wp-json\/wp\/v2\/posts"}],"about":[{"href":"https:\/\/www.europesays.com\/fr\/wp-json\/wp\/v2\/types\/post"}],"author":[{"embeddable":true,"href":"https:\/\/www.europesays.com\/fr\/wp-json\/wp\/v2\/users\/2"}],"replies":[{"embeddable":true,"href":"https:\/\/www.europesays.com\/fr\/wp-json\/wp\/v2\/comments?post=407269"}],"version-history":[{"count":0,"href":"https:\/\/www.europesays.com\/fr\/wp-json\/wp\/v2\/posts\/407269\/revisions"}],"wp:featuredmedia":[{"embeddable":true,"href":"https:\/\/www.europesays.com\/fr\/wp-json\/wp\/v2\/media\/407270"}],"wp:attachment":[{"href":"https:\/\/www.europesays.com\/fr\/wp-json\/wp\/v2\/media?parent=407269"}],"wp:term":[{"taxonomy":"category","embeddable":true,"href":"https:\/\/www.europesays.com\/fr\/wp-json\/wp\/v2\/categories?post=407269"},{"taxonomy":"post_tag","embeddable":true,"href":"https:\/\/www.europesays.com\/fr\/wp-json\/wp\/v2\/tags?post=407269"}],"curies":[{"name":"wp","href":"https:\/\/api.w.org\/{rel}","templated":true}]}}