{"id":407274,"date":"2025-09-21T13:44:09","date_gmt":"2025-09-21T13:44:09","guid":{"rendered":"https:\/\/www.europesays.com\/fr\/407274\/"},"modified":"2025-09-21T13:44:09","modified_gmt":"2025-09-21T13:44:09","slug":"le-romancier-gerard-chevalier-dedicacera-accords-mortels-son-dernier-roman-ce-samedi-27-septembre","status":"publish","type":"post","link":"https:\/\/www.europesays.com\/fr\/407274\/","title":{"rendered":"Le romancier G\u00e9rard Chevalier d\u00e9dicacera \u00ab\u00a0Accords Mortels\u00a0\u00bb, son dernier roman, ce samedi 27\u00a0septembre"},"content":{"rendered":"<p>La librairie Livres in Room accueillera G\u00e9rard Chevalier, auteur de nombreux polars, pour la d\u00e9dicace de son dernier livre \u00ab\u00a0Accords Mortel\u00a0\u00bb. Christelle Courtiel, libraire, situe le r\u00e9cit \u00ab\u00a0Entre Ville-d\u2019Avray, Paris, Strasbourg et la Bretagne, la vie d\u2019Hugo bascule lorsqu\u2019il se met \u00e0 jouer du piano comme un virtuose\u2026 sans jamais avoir appris. Visions, dons linguistiques et souvenirs qui ne sont pas les siens le lient \u00e0 un pianiste assassin\u00e9 des d\u00e9cennies plus t\u00f4t. Enqu\u00eate, musique et secrets enfouis s\u2019entrelacent dans ce thriller haletant o\u00f9 chaque note peut \u00eatre fatale\u00a0\u00bb, le lecteur s\u2019engage dans une v\u00e9ritable enqu\u00eate polici\u00e8re.<\/p>\n<p><b>Pratique<\/b><\/p>\n<p class=\"note\">Samedi 27 septembre, \u00e0 partir de 10\u00a0h\u00a030.<\/p>\n","protected":false},"excerpt":{"rendered":"La librairie Livres in Room accueillera G\u00e9rard Chevalier, auteur de nombreux polars, pour la d\u00e9dicace de son dernier&hellip;\n","protected":false},"author":2,"featured_media":407275,"comment_status":"","ping_status":"","sticky":false,"template":"","format":"standard","meta":{"footnotes":""},"categories":[1357],"tags":[1379,58,59,1011,27,1380,4607],"class_list":{"0":"post-407274","1":"post","2":"type-post","3":"status-publish","4":"format-standard","5":"has-post-thumbnail","7":"category-livres","8":"tag-books","9":"tag-divertissement","10":"tag-entertainment","11":"tag-fr","12":"tag-france","13":"tag-livres","14":"tag-saint-pol-de-leon"},"share_on_mastodon":{"url":"https:\/\/pubeurope.com\/@fr\/115242589493358910","error":""},"_links":{"self":[{"href":"https:\/\/www.europesays.com\/fr\/wp-json\/wp\/v2\/posts\/407274","targetHints":{"allow":["GET"]}}],"collection":[{"href":"https:\/\/www.europesays.com\/fr\/wp-json\/wp\/v2\/posts"}],"about":[{"href":"https:\/\/www.europesays.com\/fr\/wp-json\/wp\/v2\/types\/post"}],"author":[{"embeddable":true,"href":"https:\/\/www.europesays.com\/fr\/wp-json\/wp\/v2\/users\/2"}],"replies":[{"embeddable":true,"href":"https:\/\/www.europesays.com\/fr\/wp-json\/wp\/v2\/comments?post=407274"}],"version-history":[{"count":0,"href":"https:\/\/www.europesays.com\/fr\/wp-json\/wp\/v2\/posts\/407274\/revisions"}],"wp:featuredmedia":[{"embeddable":true,"href":"https:\/\/www.europesays.com\/fr\/wp-json\/wp\/v2\/media\/407275"}],"wp:attachment":[{"href":"https:\/\/www.europesays.com\/fr\/wp-json\/wp\/v2\/media?parent=407274"}],"wp:term":[{"taxonomy":"category","embeddable":true,"href":"https:\/\/www.europesays.com\/fr\/wp-json\/wp\/v2\/categories?post=407274"},{"taxonomy":"post_tag","embeddable":true,"href":"https:\/\/www.europesays.com\/fr\/wp-json\/wp\/v2\/tags?post=407274"}],"curies":[{"name":"wp","href":"https:\/\/api.w.org\/{rel}","templated":true}]}}