{"id":40729,"date":"2025-04-21T05:35:29","date_gmt":"2025-04-21T05:35:29","guid":{"rendered":"https:\/\/www.europesays.com\/fr\/40729\/"},"modified":"2025-04-21T05:35:29","modified_gmt":"2025-04-21T05:35:29","slug":"bernard-arnault-accuse-lue-detre-dirigee-par-un-pouvoir-bureaucratique","status":"publish","type":"post","link":"https:\/\/www.europesays.com\/fr\/40729\/","title":{"rendered":"Bernard Arnault accuse l\u2019UE d\u2019\u00eatre dirig\u00e9e par \u00ab un pouvoir bureaucratique \u00bb"},"content":{"rendered":"\n<p>La guerre commerciale en cours d\u00e9plait aux grands patrons. Ces derniers voient, avec la hausse des droits de douane, leur mod\u00e8le de libre-\u00e9change \u00eatre remis en cause. Passablement \u00e9nerv\u00e9s apr\u00e8s les d\u00e9clarations d\u2019Emmanuel Macron appelant \u00e0 arr\u00eater les investissements outre-Atlantique, les voil\u00e0 qui se rebiffent maintenant contre Bruxelles.<\/p>\n<p>Le PDG de LVMH, Bernard Arnault, a&#8230;<\/p>\n","protected":false},"excerpt":{"rendered":"La guerre commerciale en cours d\u00e9plait aux grands patrons. Ces derniers voient, avec la hausse des droits de&hellip;\n","protected":false},"author":2,"featured_media":40730,"comment_status":"","ping_status":"","sticky":false,"template":"","format":"standard","meta":{"footnotes":""},"categories":[1586],"tags":[11,12509,2196,2388,1777,674,1779,1011,27,1074,14,12,25,1778,364],"class_list":{"0":"post-40729","1":"post","2":"type-post","3":"status-publish","4":"format-standard","5":"has-post-thumbnail","7":"category-europe","8":"tag-actualites","9":"tag-bureaucratie-europeenne","10":"tag-commission-europeenne","11":"tag-droits-de-douane","12":"tag-eu","13":"tag-europe","14":"tag-european-union","15":"tag-fr","16":"tag-france","17":"tag-guerre-commerciale","18":"tag-international","19":"tag-news","20":"tag-republique-francaise","21":"tag-ue","22":"tag-union-europeenne"},"share_on_mastodon":{"url":"https:\/\/pubeurope.com\/@fr\/114374333148294405","error":""},"_links":{"self":[{"href":"https:\/\/www.europesays.com\/fr\/wp-json\/wp\/v2\/posts\/40729","targetHints":{"allow":["GET"]}}],"collection":[{"href":"https:\/\/www.europesays.com\/fr\/wp-json\/wp\/v2\/posts"}],"about":[{"href":"https:\/\/www.europesays.com\/fr\/wp-json\/wp\/v2\/types\/post"}],"author":[{"embeddable":true,"href":"https:\/\/www.europesays.com\/fr\/wp-json\/wp\/v2\/users\/2"}],"replies":[{"embeddable":true,"href":"https:\/\/www.europesays.com\/fr\/wp-json\/wp\/v2\/comments?post=40729"}],"version-history":[{"count":0,"href":"https:\/\/www.europesays.com\/fr\/wp-json\/wp\/v2\/posts\/40729\/revisions"}],"wp:featuredmedia":[{"embeddable":true,"href":"https:\/\/www.europesays.com\/fr\/wp-json\/wp\/v2\/media\/40730"}],"wp:attachment":[{"href":"https:\/\/www.europesays.com\/fr\/wp-json\/wp\/v2\/media?parent=40729"}],"wp:term":[{"taxonomy":"category","embeddable":true,"href":"https:\/\/www.europesays.com\/fr\/wp-json\/wp\/v2\/categories?post=40729"},{"taxonomy":"post_tag","embeddable":true,"href":"https:\/\/www.europesays.com\/fr\/wp-json\/wp\/v2\/tags?post=40729"}],"curies":[{"name":"wp","href":"https:\/\/api.w.org\/{rel}","templated":true}]}}