{"id":407297,"date":"2025-09-21T13:56:11","date_gmt":"2025-09-21T13:56:11","guid":{"rendered":"https:\/\/www.europesays.com\/fr\/407297\/"},"modified":"2025-09-21T13:56:11","modified_gmt":"2025-09-21T13:56:11","slug":"regis-juanico-sera-le-chef-de-file-de-la-gauche","status":"publish","type":"post","link":"https:\/\/www.europesays.com\/fr\/407297\/","title":{"rendered":"R\u00e9gis Juanico sera le chef de file de la gauche"},"content":{"rendered":"<p>\u00ab\u00a0Ce samedi 20\u00a0septembre, \u00e0 C\u00f4te Chaude, les adh\u00e9rents de Saint-\u00c9tienne Demain ont travaill\u00e9 sur des\u00a0propositions ambitieuses pour redresser notre Ville. Lors de cette journ\u00e9e, ils ont d\u00e9sign\u00e9 R\u00e9gis Juanico\u00a0comme chef de file pour les \u00e9lections municipales des 15 et 22\u00a0mars prochains,\u00a0\u00bb indique un communiqu\u00e9 de \u00ab\u00a0Saint-Etienne Demain\u00a0\u00bb.<\/p>\n<p>\u00ab\u00a0Dans la continuit\u00e9 du projet port\u00e9 par Saint-\u00c9tienne Demain lors des pr\u00e9c\u00e9dentes \u00e9lections municipales, R\u00e9gis Juanico aura \u00e0 c\u0153ur de porter un programme pour une ville apais\u00e9e, \u00e0 nouveau respect\u00e9e et\u00a0davantage anim\u00e9e. Le pouvoir d\u2019achat des St\u00e9phanois et St\u00e9phanoises constituera l\u2019une des grandes\u00a0priorit\u00e9s,\u00a0\u00bb indique le communiqu\u00e9 qui pr\u00e9cise que \u00ab\u00a0160 adh\u00e9rents ont planch\u00e9 samedi sur le futur projet municipal. Les ateliers ont permis de faire \u00e9merger de premi\u00e8res\u00a0id\u00e9es fortes sur la place de la nature en ville, le r\u00f4le des politiques municipales dans l\u2019\u00e9galit\u00e9 femmes-hommes, l\u2019association des citoyens au processus de d\u00e9cision, la s\u00e9curit\u00e9 publique, le logement, les\u00a0mobilit\u00e9s.\u00a0\u00bb<\/p>\n<p>Il est soutenu par Place publique, G\u00e9n\u00e9ration S ou encore les Radicaux de gauche. \u00ab\u00a0Dans les prochaines semaines, Saint-\u00c9tienne Demain et ses partenaires continueront d\u2019\u0153uvrer au<\/p>\n<p>rassemblement le plus large, notamment en direction du PCF et des \u00c9cologistes, avec lesquels les\u00a0discussions se poursuivent.\u00a0\u00bb<\/p>\n","protected":false},"excerpt":{"rendered":"\u00ab\u00a0Ce samedi 20\u00a0septembre, \u00e0 C\u00f4te Chaude, les adh\u00e9rents de Saint-\u00c9tienne Demain ont travaill\u00e9 sur des\u00a0propositions ambitieuses pour redresser&hellip;\n","protected":false},"author":2,"featured_media":407298,"comment_status":"","ping_status":"","sticky":false,"template":"","format":"standard","meta":{"footnotes":""},"categories":[9653],"tags":[1111,11,2430,7539,4188,1777,674,1011,27,12,316,25,4001,7538],"class_list":{"0":"post-407297","1":"post","2":"type-post","3":"status-publish","4":"format-standard","5":"has-post-thumbnail","7":"category-saint-etienne","8":"tag-actu","9":"tag-actualites","10":"tag-auvergne-rhone-alpes","11":"tag-edition-loire-sud","12":"tag-elections-municipales","13":"tag-eu","14":"tag-europe","15":"tag-fr","16":"tag-france","17":"tag-news","18":"tag-politique","19":"tag-republique-francaise","20":"tag-saint-etienne","21":"tag-saint-etienne-ville"},"share_on_mastodon":{"url":"https:\/\/pubeurope.com\/@fr\/115242636629792738","error":""},"_links":{"self":[{"href":"https:\/\/www.europesays.com\/fr\/wp-json\/wp\/v2\/posts\/407297","targetHints":{"allow":["GET"]}}],"collection":[{"href":"https:\/\/www.europesays.com\/fr\/wp-json\/wp\/v2\/posts"}],"about":[{"href":"https:\/\/www.europesays.com\/fr\/wp-json\/wp\/v2\/types\/post"}],"author":[{"embeddable":true,"href":"https:\/\/www.europesays.com\/fr\/wp-json\/wp\/v2\/users\/2"}],"replies":[{"embeddable":true,"href":"https:\/\/www.europesays.com\/fr\/wp-json\/wp\/v2\/comments?post=407297"}],"version-history":[{"count":0,"href":"https:\/\/www.europesays.com\/fr\/wp-json\/wp\/v2\/posts\/407297\/revisions"}],"wp:featuredmedia":[{"embeddable":true,"href":"https:\/\/www.europesays.com\/fr\/wp-json\/wp\/v2\/media\/407298"}],"wp:attachment":[{"href":"https:\/\/www.europesays.com\/fr\/wp-json\/wp\/v2\/media?parent=407297"}],"wp:term":[{"taxonomy":"category","embeddable":true,"href":"https:\/\/www.europesays.com\/fr\/wp-json\/wp\/v2\/categories?post=407297"},{"taxonomy":"post_tag","embeddable":true,"href":"https:\/\/www.europesays.com\/fr\/wp-json\/wp\/v2\/tags?post=407297"}],"curies":[{"name":"wp","href":"https:\/\/api.w.org\/{rel}","templated":true}]}}