{"id":407299,"date":"2025-09-21T13:57:12","date_gmt":"2025-09-21T13:57:12","guid":{"rendered":"https:\/\/www.europesays.com\/fr\/407299\/"},"modified":"2025-09-21T13:57:12","modified_gmt":"2025-09-21T13:57:12","slug":"saint-etienne-en-bresse-une-femme-enceinte-se-blesse-dans-un-accident-de-la-route","status":"publish","type":"post","link":"https:\/\/www.europesays.com\/fr\/407299\/","title":{"rendered":"Saint-\u00c9tienne-en-Bresse. Une femme enceinte se blesse dans un accident de la route"},"content":{"rendered":"<p>Les pompiers de Louhans et Saint-\u00c9tienne-en-Bresse ont \u00e9t\u00e9 appel\u00e9s ce dimanche vers 13 h 30 pour un accident de la circulation route de Louhans \u00e0 Saint-\u00c9tienne-en-Bresse avec un seul v\u00e9hicule impliqu\u00e9. Apr\u00e8s une perte de contr\u00f4le de la part de la conductrice, le v\u00e9hicule a termin\u00e9 sa route sur le toit dans un foss\u00e9. \u00c0 son bord, une m\u00e8re de famille enceinte de 8 mois et sa petite fille \u00e2g\u00e9e de 4 ans. La m\u00e8re de famille, l\u00e9g\u00e8rement bless\u00e9e a \u00e9t\u00e9 transport\u00e9e \u00e0 l\u2019h\u00f4pital de Chalon-sur-Sa\u00f4ne pour examen. La petite fille, elle, n\u2019a pas \u00e9t\u00e9 bless\u00e9e. Gendarmerie et agent de la DRI \u00e9taient sur place.<\/p>\n","protected":false},"excerpt":{"rendered":"Les pompiers de Louhans et Saint-\u00c9tienne-en-Bresse ont \u00e9t\u00e9 appel\u00e9s ce dimanche vers 13 h 30 pour un accident&hellip;\n","protected":false},"author":2,"featured_media":407300,"comment_status":"","ping_status":"","sticky":false,"template":"","format":"standard","meta":{"footnotes":""},"categories":[9653],"tags":[119,1111,11,2430,6238,1777,674,274,107,1011,27,17760,12,25,4001,17759,6003],"class_list":{"0":"post-407299","1":"post","2":"type-post","3":"status-publish","4":"format-standard","5":"has-post-thumbnail","7":"category-saint-etienne","8":"tag-accident","9":"tag-actu","10":"tag-actualites","11":"tag-auvergne-rhone-alpes","12":"tag-edition-bresse","13":"tag-eu","14":"tag-europe","15":"tag-faits-divers-justice","16":"tag-fil-info","17":"tag-fr","18":"tag-france","19":"tag-louhans-bassin","20":"tag-news","21":"tag-republique-francaise","22":"tag-saint-etienne","23":"tag-saint-etienne-en-bresse","24":"tag-saone-et-loire"},"share_on_mastodon":{"url":"https:\/\/pubeurope.com\/@fr\/115242640566843034","error":""},"_links":{"self":[{"href":"https:\/\/www.europesays.com\/fr\/wp-json\/wp\/v2\/posts\/407299","targetHints":{"allow":["GET"]}}],"collection":[{"href":"https:\/\/www.europesays.com\/fr\/wp-json\/wp\/v2\/posts"}],"about":[{"href":"https:\/\/www.europesays.com\/fr\/wp-json\/wp\/v2\/types\/post"}],"author":[{"embeddable":true,"href":"https:\/\/www.europesays.com\/fr\/wp-json\/wp\/v2\/users\/2"}],"replies":[{"embeddable":true,"href":"https:\/\/www.europesays.com\/fr\/wp-json\/wp\/v2\/comments?post=407299"}],"version-history":[{"count":0,"href":"https:\/\/www.europesays.com\/fr\/wp-json\/wp\/v2\/posts\/407299\/revisions"}],"wp:featuredmedia":[{"embeddable":true,"href":"https:\/\/www.europesays.com\/fr\/wp-json\/wp\/v2\/media\/407300"}],"wp:attachment":[{"href":"https:\/\/www.europesays.com\/fr\/wp-json\/wp\/v2\/media?parent=407299"}],"wp:term":[{"taxonomy":"category","embeddable":true,"href":"https:\/\/www.europesays.com\/fr\/wp-json\/wp\/v2\/categories?post=407299"},{"taxonomy":"post_tag","embeddable":true,"href":"https:\/\/www.europesays.com\/fr\/wp-json\/wp\/v2\/tags?post=407299"}],"curies":[{"name":"wp","href":"https:\/\/api.w.org\/{rel}","templated":true}]}}