{"id":407301,"date":"2025-09-21T13:58:15","date_gmt":"2025-09-21T13:58:15","guid":{"rendered":"https:\/\/www.europesays.com\/fr\/407301\/"},"modified":"2025-09-21T13:58:15","modified_gmt":"2025-09-21T13:58:15","slug":"meurthe-et-moselle-le-radar-de-chantier-de-la-voie-de-contournement-a-malzeville-recouvert-dimmondices","status":"publish","type":"post","link":"https:\/\/www.europesays.com\/fr\/407301\/","title":{"rendered":"Meurthe-et-Moselle. Le radar de chantier de la voie de contournement \u00e0 Malz\u00e9ville recouvert d\u2019immondices"},"content":{"rendered":"<p>D\u00e9cid\u00e9ment, le radar de chantier de la voie de contournement de Malz\u00e9ville n\u2019a gu\u00e8re la cote. D\u00e9j\u00e0 tagu\u00e9 \u00e0 plusieurs reprises, le radar autonome install\u00e9 sur la partie limit\u00e9e \u00e0 50\u00a0km\/h, entre le rond-point de la rue Chanoine-Boulanger et la rue Louis-Pasteur, a \u00e9t\u00e9, cette fois, recouvert d\u2019immondices.<\/p>\n<p>Une palette en bois, une plaque de ferraille, un matelas et d\u2019autres d\u00e9chets m\u00e9nagers sont pos\u00e9s sur et autour du radar, \u00e9galement recouvert de tags.<\/p>\n<p>Le c\u00f4t\u00e9 positif, c\u2019est que, du coup, les automobilistes, stup\u00e9faits, se sont tous mis \u00e0 ralentir, ce dimanche 21\u00a0septembre, pour observer les d\u00e9g\u00e2ts.<\/p>\n","protected":false},"excerpt":{"rendered":"D\u00e9cid\u00e9ment, le radar de chantier de la voie de contournement de Malz\u00e9ville n\u2019a gu\u00e8re la cote. D\u00e9j\u00e0 tagu\u00e9&hellip;\n","protected":false},"author":2,"featured_media":407302,"comment_status":"","ping_status":"","sticky":false,"template":"","format":"standard","meta":{"footnotes":""},"categories":[9635],"tags":[1111,11,271,272,1704,1777,674,274,1011,27,775,11259,11260,3457,1702,12,25],"class_list":{"0":"post-407301","1":"post","2":"type-post","3":"status-publish","4":"format-standard","5":"has-post-thumbnail","7":"category-nancy","8":"tag-actu","9":"tag-actualites","10":"tag-crime","11":"tag-delit-et-contravention","12":"tag-edition-nancy-et-agglomeration","13":"tag-eu","14":"tag-europe","15":"tag-faits-divers-justice","16":"tag-fr","17":"tag-france","18":"tag-grand-est","19":"tag-malzeville","20":"tag-metropole-du-grand-nancy-54b4","21":"tag-meurthe-et-moselle","22":"tag-nancy","23":"tag-news","24":"tag-republique-francaise"},"share_on_mastodon":{"url":"https:\/\/pubeurope.com\/@fr\/115242644569735246","error":""},"_links":{"self":[{"href":"https:\/\/www.europesays.com\/fr\/wp-json\/wp\/v2\/posts\/407301","targetHints":{"allow":["GET"]}}],"collection":[{"href":"https:\/\/www.europesays.com\/fr\/wp-json\/wp\/v2\/posts"}],"about":[{"href":"https:\/\/www.europesays.com\/fr\/wp-json\/wp\/v2\/types\/post"}],"author":[{"embeddable":true,"href":"https:\/\/www.europesays.com\/fr\/wp-json\/wp\/v2\/users\/2"}],"replies":[{"embeddable":true,"href":"https:\/\/www.europesays.com\/fr\/wp-json\/wp\/v2\/comments?post=407301"}],"version-history":[{"count":0,"href":"https:\/\/www.europesays.com\/fr\/wp-json\/wp\/v2\/posts\/407301\/revisions"}],"wp:featuredmedia":[{"embeddable":true,"href":"https:\/\/www.europesays.com\/fr\/wp-json\/wp\/v2\/media\/407302"}],"wp:attachment":[{"href":"https:\/\/www.europesays.com\/fr\/wp-json\/wp\/v2\/media?parent=407301"}],"wp:term":[{"taxonomy":"category","embeddable":true,"href":"https:\/\/www.europesays.com\/fr\/wp-json\/wp\/v2\/categories?post=407301"},{"taxonomy":"post_tag","embeddable":true,"href":"https:\/\/www.europesays.com\/fr\/wp-json\/wp\/v2\/tags?post=407301"}],"curies":[{"name":"wp","href":"https:\/\/api.w.org\/{rel}","templated":true}]}}