{"id":407303,"date":"2025-09-21T13:59:12","date_gmt":"2025-09-21T13:59:12","guid":{"rendered":"https:\/\/www.europesays.com\/fr\/407303\/"},"modified":"2025-09-21T13:59:12","modified_gmt":"2025-09-21T13:59:12","slug":"a-nancy-des-cafes-ouvrent-leurs-toilettes-a-tous-meme-sans-consommer","status":"publish","type":"post","link":"https:\/\/www.europesays.com\/fr\/407303\/","title":{"rendered":"\u00c0 Nancy, des caf\u00e9s ouvrent leurs toilettes \u00e0 tous, m\u00eame sans consommer"},"content":{"rendered":"<p class=\"paragraph text_align_left lp-f-body-02\">\u00c0 qui cela n\u2019est-il pas arriv\u00e9 un jour ? Fl\u00e2ner en ville, ressentir soudainement une envie pressante et ne pas trouver de toilettes libres ou \u00e0 proximit\u00e9. Probl\u00e8me f\u00e2cheux, particuli\u00e8rement pour les personnes \u00e2g\u00e9es ou en situation de handicap que la ville de Nancy (Meurthe-et-Moselle) tente de r\u00e9soudre, en sollicitant les caf\u00e9s et restaurants. Depuis d\u00e9but septembre, dans une douzaine d\u2019entre eux, il est possible d\u2019utiliser leurs toilettes, sans consommer. Ils s\u2019ajoutent aux trente-sept WC publics de Nancy.<\/p>\n<p class=\"paragraph text_align_left lp-f-body-02\">C\u2019est une question de bon sens et de sant\u00e9 publique pour Marc Tenenbaum, m\u00e9decin g\u00e9n\u00e9raliste et adjoint au maire. \u00ab En termes de sant\u00e9 et de dignit\u00e9 humaine, c\u2019est indispensable. Pour certaines personnes \u00e2g\u00e9es, c\u2019est une raison de plus de ne plus sortir de chez elles. C\u2019est donc important de mettre tout le monde sur un pied d\u2019\u00e9galit\u00e9. Cela concerne globalement toutes les personnes qui ont des imp\u00e9riosit\u00e9s. C\u2019est un engagement rassurant pour les commer\u00e7ants afin qu\u2019il n\u2019y ait pas d\u2019abus. \u00bb<\/p>\n<p class=\"paragraph text_align_left lp-f-body-02\">Pour \u00e9tayer son propos, le m\u00e9decin \u00e9voque le vieillissement de la population. \u00ab Il faut anticiper cette probl\u00e9matique et lever ces diff\u00e9rents obstacles qui peuvent se pr\u00e9senter dans le quotidien de nos a\u00een\u00e9s \u00bb, soutient-il.<\/p>\n<p>\u00ab Un r\u00e9el besoin \u00bb<\/p>\n<p class=\"paragraph text_align_left lp-f-body-02\">\u00ab Les sanisettes (toilettes automatiques), beaucoup d\u2019a\u00een\u00e9s n\u2019osent pas y entrer, de peur d\u2019y rester enferm\u00e9s. Et au sein du plus grand centre commercial de la ville, les WC sont payants \u00bb, ajoute Monique Boutet, pr\u00e9sidente du conseil nanc\u00e9ien des a\u00een\u00e9s, instance municipale participative d\u00e9di\u00e9e au quotidien des seniors. \u00ab C\u2019est un sujet qui peut para\u00eetre d\u00e9risoire mais cela r\u00e9pond \u00e0 un r\u00e9el besoin. Cela nous avait interpell\u00e9s et nous sommes ravis que cela prenne forme. Tous nos membres ont trouv\u00e9 que c\u2019\u00e9tait une belle avanc\u00e9e. \u00bb<\/p>\n<p class=\"paragraph text_align_left lp-f-body-02\">En vieille ville, le caf\u00e9 Jeanne s\u2019est engag\u00e9 dans la d\u00e9marche et va m\u00eame plus loin. \u00ab Moi, j\u2019autorise les dames, qu\u2019elles soient jeunes ou moins jeunes, car j\u2019estime que c\u2019est plus difficile pour une femme de faire ses besoins. \u00c9videmment, je dis oui aussi aux femmes enceintes et aux enfants \u00bb, explique Micka\u00ebl Letang, le g\u00e9rant, qui reconna\u00eet aussi que c\u2019est \u00e9galement une mani\u00e8re de se faire bien voir, et de pouvoir faire revenir, plus tard, ces personnes qui ne consomment pas au premier abord.<\/p>\n<p class=\"paragraph text_align_left lp-f-body-02\">L\u2019initiative est aussi salu\u00e9e par les riverains du secteur, \u00e0 l\u2019image de Jean, 82 ans. \u00ab Moi j\u2019habite un peu plus loin. Il suffit que j\u2019aie un impr\u00e9vu et que je doive sortir un peu plus longtemps de chez moi pour que cela me stresse. Maintenant, je sais o\u00f9 aller, mais \u00e9videmment sans en abuser, ou alors je prendrai le temps de boire un verre par la suite \u00bb, t\u00e9moigne l\u2019octog\u00e9naire.<\/p>\n<p class=\"paragraph text_align_left lp-f-body-02\">\u00ab Cela peut sauver certaines situations d\u00e9sagr\u00e9ables \u00bb, sourit \u00c9lise, une trentenaire enceinte. \u00ab En pleine grossesse, les besoins ne pr\u00e9viennent pas, et je n\u2019aime pas aller dans les grandes toilettes publiques de la ville, qui ne sont pas toujours propres. C\u2019est une vraie bonne initiative \u00bb, salue-t-elle.<\/p>\n<p class=\"paragraph text_align_left lp-f-body-02\">Afin de pouvoir identifier les \u00e9tablissements volontaires, une signal\u00e9tique, en cours d\u2019\u00e9laboration, sera appos\u00e9e prochainement sur les vitrines concern\u00e9es.<\/p>\n","protected":false},"excerpt":{"rendered":"\u00c0 qui cela n\u2019est-il pas arriv\u00e9 un jour ? Fl\u00e2ner en ville, ressentir soudainement une envie pressante et&hellip;\n","protected":false},"author":2,"featured_media":407304,"comment_status":"","ping_status":"","sticky":false,"template":"","format":"standard","meta":{"footnotes":""},"categories":[9635],"tags":[1111,11,459,1777,674,1011,27,775,53895,1702,12,25,104],"class_list":{"0":"post-407303","1":"post","2":"type-post","3":"status-publish","4":"format-standard","5":"has-post-thumbnail","7":"category-nancy","8":"tag-actu","9":"tag-actualites","10":"tag-departements-horsidfo","11":"tag-eu","12":"tag-europe","13":"tag-fr","14":"tag-france","15":"tag-grand-est","16":"tag-meurthe-et-moselle-54","17":"tag-nancy","18":"tag-news","19":"tag-republique-francaise","20":"tag-societe"},"share_on_mastodon":{"url":"https:\/\/pubeurope.com\/@fr\/115242648436128107","error":""},"_links":{"self":[{"href":"https:\/\/www.europesays.com\/fr\/wp-json\/wp\/v2\/posts\/407303","targetHints":{"allow":["GET"]}}],"collection":[{"href":"https:\/\/www.europesays.com\/fr\/wp-json\/wp\/v2\/posts"}],"about":[{"href":"https:\/\/www.europesays.com\/fr\/wp-json\/wp\/v2\/types\/post"}],"author":[{"embeddable":true,"href":"https:\/\/www.europesays.com\/fr\/wp-json\/wp\/v2\/users\/2"}],"replies":[{"embeddable":true,"href":"https:\/\/www.europesays.com\/fr\/wp-json\/wp\/v2\/comments?post=407303"}],"version-history":[{"count":0,"href":"https:\/\/www.europesays.com\/fr\/wp-json\/wp\/v2\/posts\/407303\/revisions"}],"wp:featuredmedia":[{"embeddable":true,"href":"https:\/\/www.europesays.com\/fr\/wp-json\/wp\/v2\/media\/407304"}],"wp:attachment":[{"href":"https:\/\/www.europesays.com\/fr\/wp-json\/wp\/v2\/media?parent=407303"}],"wp:term":[{"taxonomy":"category","embeddable":true,"href":"https:\/\/www.europesays.com\/fr\/wp-json\/wp\/v2\/categories?post=407303"},{"taxonomy":"post_tag","embeddable":true,"href":"https:\/\/www.europesays.com\/fr\/wp-json\/wp\/v2\/tags?post=407303"}],"curies":[{"name":"wp","href":"https:\/\/api.w.org\/{rel}","templated":true}]}}