{"id":407310,"date":"2025-09-21T14:04:09","date_gmt":"2025-09-21T14:04:09","guid":{"rendered":"https:\/\/www.europesays.com\/fr\/407310\/"},"modified":"2025-09-21T14:04:09","modified_gmt":"2025-09-21T14:04:09","slug":"incendie-du-moulin-rose-greve-du-18-septembre-ambitions-du-fcr-voici-ce-qui-a-fait-lactu-a-rouen","status":"publish","type":"post","link":"https:\/\/www.europesays.com\/fr\/407310\/","title":{"rendered":"Incendie du Moulin Rose, gr\u00e8ve du 18 septembre, ambitions du FCR&#8230; Voici ce qui a fait l&rsquo;actu \u00e0 Rouen"},"content":{"rendered":"<p>            Par<br \/>\n        <strong><br \/>\n            <a href=\"https:\/\/actu.fr\/auteur\/fmass\" title=\"Consulter tous les articles de Fabien Massin\" target=\"_blank\" rel=\"noopener\">Fabien Massin<\/a><br \/>\n        <\/strong><\/p>\n<p>        Publi\u00e9 le<\/p>\n<p>            21 sept. 2025 \u00e0 15h37        <\/p>\n<p>En plein de mois de septembre l\u2019actualit\u00e9 est bien vivace \u00e0 <a href=\"https:\/\/actu.fr\/normandie\/seine-maritime_76\" target=\"_blank\" rel=\"noopener\">Rouen (Seine-Maritime)<\/a>. Pour rappel, voici le r\u00e9cap\u2019 de l\u2019actu de la semaine du 15 au 21 septembre 2025 dans la capitale normande.\u00a0<\/p>\n<p>Les infos de la semaine \u00e0 Rouen\u00a0<\/p>\n<p class=\"expresso-item wall-content\"><a title=\"Lire l&#039;article\" href=\"https:\/\/actu.fr\/normandie\/belbeuf_76069\/la-mythique-discotheque-le-moulin-rose-pres-de-rouen-en-proie-aux-flammes_63166265.html\" target=\"_blank\" rel=\"noopener\"><strong>La mythique discoth\u00e8que Le Moulin Rose, pr\u00e8s de Rouen, en proie aux flammes<\/strong><\/a><br \/>La mythique discoth\u00e8que Le Moulin Rose \u00e0 Belbeuf, pr\u00e8s de Rouen (Seine-Maritime), est en proie aux flammes, mardi 16 septembre 2025. 61 sapeurs-pompiers sont sur place.<\/p>\n<p class=\"expresso-item wall-content\"><a title=\"Lire l&#039;article\" href=\"https:\/\/actu.fr\/normandie\/rouen_76540\/blocage-circulation-actions-suivez-la-greve-du-18-septembre-au-havre-et-a-rouen_63174864.html\" target=\"_blank\" rel=\"noopener\"><strong>Blocage de lyc\u00e9e, milliers de personnes dans la rue\u2026 Revivez cette gr\u00e8ve du 18 septembre au Havre et \u00e0 Rouen<\/strong><\/a><br \/>Ce jeudi 18 septembre 2025, c\u2019est journ\u00e9e de gr\u00e8ve dans toute la France et en Seine-Maritime. Des actions sont pr\u00e9vues au Havre et \u00e0 Rouen. 76actu suit la journ\u00e9e d\u2019action.<\/p>\n<p class=\"expresso-item wall-content\"><a title=\"Lire l&#039;article\" href=\"https:\/\/actu.fr\/normandie\/rouen_76540\/ambitions-et-sponsor-tarkan-ser-le-president-du-fc-rouen-prend-la-parole-mon-reve-c-est-la-ligue-2_63188770.html\" target=\"_blank\" rel=\"noopener\"><strong>Ambitions et sponsor, Tarkan Ser le pr\u00e9sident du FC Rouen prend la parole : \u00ab\u2009mon r\u00eave, c\u2019est la Ligue\u00a02 \u00bb<\/strong><\/a><br \/>Sa parole est rare. Ce vendredi 19 septembre 2025, \u00e0 Rouen, le pr\u00e9sident du FC Rouen, Tarkan Ser a pris la parole pour parler du club et de ses ambitions \u00e0 court terme.<\/p>\n<p class=\"expresso-item wall-content\"><a title=\"Lire l&#039;article\" href=\"https:\/\/actu.fr\/normandie\/rouen_76540\/avec-ou-sans-le-ps-l-ecologiste-jean-michel-beregovoy-se-prepare-aux-municipales-2026-a-rouen_63188757.html\" target=\"_blank\" rel=\"noopener\"><strong>Avec ou sans le PS, l\u2019\u00e9cologiste Jean-Michel B\u00e9r\u00e9govoy se pr\u00e9pare aux municipales 2026 \u00e0 Rouen<\/strong><\/a><br \/>Sur fond de d\u00e9saccords avec le PS, les \u00e9cologistes de Rouen, avec Jean-Michel B\u00e9r\u00e9govoy en t\u00eate, pr\u00e9parent une liste pour les \u00e9lections municipales 2026. Pr\u00e9cisions.<\/p>\n<p class=\"expresso-item wall-content\"><a title=\"Lire l&#039;article\" href=\"https:\/\/actu.fr\/normandie\/rouen_76540\/a-rouen-ils-utilisent-une-methode-innovante-a-base-d-eau-pour-soigner-les-problemes-de-prostate_63168194.html\" target=\"_blank\" rel=\"noopener\"><strong>\u00c0 Rouen, ils utilisent une m\u00e9thode innovante \u00e0 base d\u2019eau pour soigner les probl\u00e8mes de prostate<\/strong><\/a><br \/>Les h\u00f4pitaux priv\u00e9s de Rouen ont mis en place depuis le mois de mars 2025 une nouvelle m\u00e9thode innovante pour soigner les troubles de la prostate \u00e0 base de vapeur d\u2019eau.<\/p>\n<p>Bon \u00e0 savoir \u00e0 Rouen\u00a0<\/p>\n<p class=\"expresso-item wall-content\"><a title=\"Lire l&#039;article\" href=\"https:\/\/actu.fr\/normandie\/rouen_76540\/exclu-la-petite-bouffe-laisse-place-au-restaurant-d-une-enseigne-bien-connue-a-rouen_63167059.html\" target=\"_blank\" rel=\"noopener\"><strong>EXCLU. La Petite Bouffe laisse place au restaurant d\u2019une enseigne bien connue \u00e0 Rouen<\/strong><\/a><br \/>Apr\u00e8s plus de 15 ans, le restaurant La Petite Bouffe va laisser sa place \u00e0 Rouen. Une enseigne bien connue dans la r\u00e9gion va reprendre le flambeau. Pr\u00e9sentation.<\/p>\n<p class=\"expresso-item wall-content\"><a title=\"Lire l&#039;article\" href=\"https:\/\/actu.fr\/normandie\/rouen_76540\/il-y-a-beaucoup-d-emotion-a-rouen-le-restaurant-gastronomique-des-nympheas-dit-au-revoir-a-ses-clients_63169763.html\" target=\"_blank\" rel=\"noopener\"><strong>\u00ab\u2009Il y a beaucoup d\u2019\u00e9motion\u2009\u00bb : \u00c0 Rouen, le restaurant gastronomique des Nymph\u00e9as dit au revoir \u00e0 ses clients<\/strong><\/a><br \/>Trente-deux ans apr\u00e8s son ouverture, l\u2019embl\u00e9matique restaurant gastronomique de Rouen, les Nymph\u00e9as, tire sa r\u00e9v\u00e9rence. Un vrai pincement au c\u0153ur pour Sabrina et Christophe.<\/p>\n<p class=\"expresso-item wall-content\"><a title=\"Lire l&#039;article\" href=\"https:\/\/actu.fr\/normandie\/rouen_76540\/mugs-t-shirts-personnalises-ecussons-les-pompiers-de-rouen-proposent-des-goodies-en-ligne_63163200.html\" target=\"_blank\" rel=\"noopener\"><strong>Mugs, t-shirts personnalis\u00e9s, \u00e9cussons\u2026 Les pompiers de Rouen proposent des goodies en ligne<\/strong><\/a><br \/>Les sapeurs-pompiers de Rouen (Seine-Maritime) ont ouvert une boutique en ligne qui propose des produits d\u00e9riv\u00e9s (t-shirts, mugs, \u00e9cussons\u2026) \u00e0 leurs couleurs. Pr\u00e9sentation.<\/p>\n<p class=\"expresso-item wall-content\"><a title=\"Lire l&#039;article\" href=\"https:\/\/actu.fr\/normandie\/rouen_76540\/des-teor-et-des-tramways-plus-frequents-des-janvier-2026-a-rouen-transdev-presente-ses-ambitions_63173936.html\" target=\"_blank\" rel=\"noopener\"><strong>Des TEOR et des tramways plus fr\u00e9quents d\u00e8s janvier 2026 \u00e0 Rouen : Transdev pr\u00e9sente ses ambitions<\/strong><\/a><br \/>Ce mercredi 17 septembre 2025, le d\u00e9l\u00e9gataire des transports en commun de Rouen, Transdev, a pr\u00e9sent\u00e9 ses projets \u00e0 court terme pour le r\u00e9seau Astuce.<\/p>\n<p>Suivez l\u2019actualit\u00e9 de Rouen sur notre c<a href=\"https:\/\/www.whatsapp.com\/channel\/0029VaKfnf99hXF2ddApFB1D\" target=\"_blank\" rel=\"noopener\">ha\u00eene WhatsApp<\/a> et sur notre <a href=\"https:\/\/www.tiktok.com\/@76actu.fr?lang=fr\" target=\"_blank\" rel=\"noopener\">compte TikTok<\/a><\/p>\n<p class=\" wall-content\">Personnalisez votre actualit\u00e9 en ajoutant vos villes et m\u00e9dias en favori avec <a href=\"https:\/\/moncompte.actu.fr\" title=\"D\u00e9couvez Mon Actu\" rel=\"nofollow noopener\" data-trk=\"{&quot;cta&quot;:{&quot;action&quot;:&quot;https:\\\/\\\/moncompte.actu.fr&quot;,&quot;category&quot;:&quot;mon compte&quot;,&quot;from&quot;:&quot;article footer&quot;,&quot;name&quot;:&quot;Mon actu&quot;,&quot;type&quot;:&quot;cta&quot;}}\" target=\"_blank\">Mon Actu<\/a>.<\/p>\n<p>                    <script async src=\"\/\/www.tiktok.com\/embed.js\"><\/script><\/p>\n","protected":false},"excerpt":{"rendered":"Par Fabien Massin Publi\u00e9 le 21 sept. 2025 \u00e0 15h37 En plein de mois de septembre l\u2019actualit\u00e9 est&hellip;\n","protected":false},"author":2,"featured_media":407311,"comment_status":"","ping_status":"","sticky":false,"template":"","format":"standard","meta":{"footnotes":""},"categories":[9587],"tags":[1111,11,1777,674,12003,1011,27,52713,12,5161,25,9726,9590,104],"class_list":{"0":"post-407310","1":"post","2":"type-post","3":"status-publish","4":"format-standard","5":"has-post-thumbnail","7":"category-rouen","8":"tag-actu","9":"tag-actualites","10":"tag-eu","11":"tag-europe","12":"tag-fc-rouen","13":"tag-fr","14":"tag-france","15":"tag-greve-du-18-septembre","16":"tag-news","17":"tag-normandie","18":"tag-republique-francaise","19":"tag-reseau-astuce-tcar","20":"tag-rouen","21":"tag-societe"},"share_on_mastodon":{"url":"https:\/\/pubeurope.com\/@fr\/115242668114946278","error":""},"_links":{"self":[{"href":"https:\/\/www.europesays.com\/fr\/wp-json\/wp\/v2\/posts\/407310","targetHints":{"allow":["GET"]}}],"collection":[{"href":"https:\/\/www.europesays.com\/fr\/wp-json\/wp\/v2\/posts"}],"about":[{"href":"https:\/\/www.europesays.com\/fr\/wp-json\/wp\/v2\/types\/post"}],"author":[{"embeddable":true,"href":"https:\/\/www.europesays.com\/fr\/wp-json\/wp\/v2\/users\/2"}],"replies":[{"embeddable":true,"href":"https:\/\/www.europesays.com\/fr\/wp-json\/wp\/v2\/comments?post=407310"}],"version-history":[{"count":0,"href":"https:\/\/www.europesays.com\/fr\/wp-json\/wp\/v2\/posts\/407310\/revisions"}],"wp:featuredmedia":[{"embeddable":true,"href":"https:\/\/www.europesays.com\/fr\/wp-json\/wp\/v2\/media\/407311"}],"wp:attachment":[{"href":"https:\/\/www.europesays.com\/fr\/wp-json\/wp\/v2\/media?parent=407310"}],"wp:term":[{"taxonomy":"category","embeddable":true,"href":"https:\/\/www.europesays.com\/fr\/wp-json\/wp\/v2\/categories?post=407310"},{"taxonomy":"post_tag","embeddable":true,"href":"https:\/\/www.europesays.com\/fr\/wp-json\/wp\/v2\/tags?post=407310"}],"curies":[{"name":"wp","href":"https:\/\/api.w.org\/{rel}","templated":true}]}}