{"id":407320,"date":"2025-09-21T14:13:14","date_gmt":"2025-09-21T14:13:14","guid":{"rendered":"https:\/\/www.europesays.com\/fr\/407320\/"},"modified":"2025-09-21T14:13:14","modified_gmt":"2025-09-21T14:13:14","slug":"en-direct-ligue-1-le-racing-mene-face-au-paris-fc-0-1","status":"publish","type":"post","link":"https:\/\/www.europesays.com\/fr\/407320\/","title":{"rendered":"En direct Ligue 1. Le Racing m\u00e8ne face au Paris FC (0-1)"},"content":{"rendered":"<p>&#13;<br \/>\n                                                    En direct&#13;<br \/>\n                        &#13;\n                                            <\/p>\n<p>Aors que le Racing est entr\u00e9 petitement dans son match, ce qui a oblig\u00e9 Penders \u00e0 une triple parade d&rsquo;entr\u00e9e de jeu (2e), il a su piquer sur sa premi\u00e8re opportunit\u00e9 gr\u00e2ce \u00e0 une t\u00eate de Paez (27e).<\/p>\n<p>&#13;<br \/>\n              \u00c0 Paris, Julien-Thomas Will ; \u00e9dit\u00e9 par R. Sch. &#8211; &#13;<br \/>\n        &#13;<br \/>\n          Aujourd&rsquo;hui \u00e0 11:15&#13;<br \/>\n    &#13;<br \/>\n                  | mis \u00e0 jour aujourd&rsquo;hui \u00e0 16:11&#13;<br \/>\n              &#8211; Temps de lecture : &#13;<br \/>\n  &#13;<\/p>\n","protected":false},"excerpt":{"rendered":"&#13; En direct&#13; &#13; Aors que le Racing est entr\u00e9 petitement dans son match, ce qui a oblig\u00e9&hellip;\n","protected":false},"author":2,"featured_media":407321,"comment_status":"","ping_status":"","sticky":false,"template":"","format":"standard","meta":{"footnotes":""},"categories":[2820],"tags":[1111,11,2649,3545,2880,1777,674,107,63,1011,27,329,775,7020,3544,12,41281,25,517,640],"class_list":{"0":"post-407320","1":"post","2":"type-post","3":"status-publish","4":"format-standard","5":"has-post-thumbnail","7":"category-strasbourg","8":"tag-actu","9":"tag-actualites","10":"tag-bas-rhin","11":"tag-direct-sport","12":"tag-edition-strasbourg","13":"tag-eu","14":"tag-europe","15":"tag-fil-info","16":"tag-football","17":"tag-fr","18":"tag-france","19":"tag-france-monde","20":"tag-grand-est","21":"tag-ligue-1-football","22":"tag-matchs-en-direct","23":"tag-news","24":"tag-racing-club-strasbourg-masculin","25":"tag-republique-francaise","26":"tag-sport","27":"tag-strasbourg"},"share_on_mastodon":{"url":"https:\/\/pubeurope.com\/@fr\/115242703452476598","error":""},"_links":{"self":[{"href":"https:\/\/www.europesays.com\/fr\/wp-json\/wp\/v2\/posts\/407320","targetHints":{"allow":["GET"]}}],"collection":[{"href":"https:\/\/www.europesays.com\/fr\/wp-json\/wp\/v2\/posts"}],"about":[{"href":"https:\/\/www.europesays.com\/fr\/wp-json\/wp\/v2\/types\/post"}],"author":[{"embeddable":true,"href":"https:\/\/www.europesays.com\/fr\/wp-json\/wp\/v2\/users\/2"}],"replies":[{"embeddable":true,"href":"https:\/\/www.europesays.com\/fr\/wp-json\/wp\/v2\/comments?post=407320"}],"version-history":[{"count":0,"href":"https:\/\/www.europesays.com\/fr\/wp-json\/wp\/v2\/posts\/407320\/revisions"}],"wp:featuredmedia":[{"embeddable":true,"href":"https:\/\/www.europesays.com\/fr\/wp-json\/wp\/v2\/media\/407321"}],"wp:attachment":[{"href":"https:\/\/www.europesays.com\/fr\/wp-json\/wp\/v2\/media?parent=407320"}],"wp:term":[{"taxonomy":"category","embeddable":true,"href":"https:\/\/www.europesays.com\/fr\/wp-json\/wp\/v2\/categories?post=407320"},{"taxonomy":"post_tag","embeddable":true,"href":"https:\/\/www.europesays.com\/fr\/wp-json\/wp\/v2\/tags?post=407320"}],"curies":[{"name":"wp","href":"https:\/\/api.w.org\/{rel}","templated":true}]}}