{"id":407325,"date":"2025-09-21T14:16:20","date_gmt":"2025-09-21T14:16:20","guid":{"rendered":"https:\/\/www.europesays.com\/fr\/407325\/"},"modified":"2025-09-21T14:16:20","modified_gmt":"2025-09-21T14:16:20","slug":"18-septembre-nantes-universite-condamne-les-degradations-sur-le-campus","status":"publish","type":"post","link":"https:\/\/www.europesays.com\/fr\/407325\/","title":{"rendered":"18 septembre : Nantes universit\u00e9 condamne les d\u00e9gradations sur le campus"},"content":{"rendered":"<p>Selon la pr\u00e9sidente de Nantes Universit\u00e9, Carine Bernault, un groupe compos\u00e9 entre 30 et 50\u00a0personnes s\u2019est introduit sur le campus Tertre, dans la nuit du 18 au 19\u00a0septembre 2025. \u00a0Au\u00a0fil de la nuit, la situation s\u2019est d\u00e9grad\u00e9e\u00a0: plusieurs b\u00e2timents ont \u00e9t\u00e9 couverts de tags, certains comportant des\u00a0propos insultants et mena\u00e7ants \u00e0 l\u2019\u00e9gard d\u2019\u00e9tudiants notamment\u00a0, \u00e9crit-elle dans un message adress\u00e9 \u00e0 la communaut\u00e9 universitaire.<\/p>\n<p>\u00ab\u00a0Ne laisser passer aucun acte de violence ou de d\u00e9gradation\u00a0\u00bb<\/p>\n<p>\u00a0Je condamne fermement cette nouvelle attaque contre l\u2019universit\u00e9, ses valeurs, ses \u00e9tudiantes et \u00e9tudiants, ses\u00a0personnels, contre leurs conditions d\u2019\u00e9tude et de travail. Ce m\u00e9pris est intol\u00e9rable. Je r\u00e9affirme ma d\u00e9termination \u00e0\u00a0ne laisser passer aucun acte de violence ou de d\u00e9gradation, et j\u2019assure l\u2019ensemble des coll\u00e8gues et \u00e9tudiants du\u00a0campus Tertre de tout mon soutien\u00a0, poursuit la pr\u00e9sidente.<\/p>\n<p>Si cette intrusion n\u2019a pas affect\u00e9 la reprise du travail le vendredi matin, elle fait cependant l\u2019objet d\u2019un d\u00e9p\u00f4t de plainte. Et les \u00e9quipes se sont mobilis\u00e9es pour proc\u00e9der aux op\u00e9rations de nettoyage du campus.<\/p>\n<p>\u00a0<\/p>\n","protected":false},"excerpt":{"rendered":"Selon la pr\u00e9sidente de Nantes Universit\u00e9, Carine Bernault, un groupe compos\u00e9 entre 30 et 50\u00a0personnes s\u2019est introduit sur&hellip;\n","protected":false},"author":2,"featured_media":407326,"comment_status":"","ping_status":"","sticky":false,"template":"","format":"standard","meta":{"footnotes":""},"categories":[2818],"tags":[16187,1111,11,13701,8652,7229,1777,674,1011,27,766,12,2636,25,395,5768],"class_list":{"0":"post-407325","1":"post","2":"type-post","3":"status-publish","4":"format-standard","5":"has-post-thumbnail","7":"category-nantes","8":"tag-16187","9":"tag-actu","10":"tag-actualites","11":"tag-campus","12":"tag-condamne","13":"tag-degradations","14":"tag-eu","15":"tag-europe","16":"tag-fr","17":"tag-france","18":"tag-nantes","19":"tag-news","20":"tag-pays-de-la-loire","21":"tag-republique-francaise","22":"tag-septembre","23":"tag-universite"},"share_on_mastodon":{"url":"https:\/\/pubeurope.com\/@fr\/115242715364230401","error":""},"_links":{"self":[{"href":"https:\/\/www.europesays.com\/fr\/wp-json\/wp\/v2\/posts\/407325","targetHints":{"allow":["GET"]}}],"collection":[{"href":"https:\/\/www.europesays.com\/fr\/wp-json\/wp\/v2\/posts"}],"about":[{"href":"https:\/\/www.europesays.com\/fr\/wp-json\/wp\/v2\/types\/post"}],"author":[{"embeddable":true,"href":"https:\/\/www.europesays.com\/fr\/wp-json\/wp\/v2\/users\/2"}],"replies":[{"embeddable":true,"href":"https:\/\/www.europesays.com\/fr\/wp-json\/wp\/v2\/comments?post=407325"}],"version-history":[{"count":0,"href":"https:\/\/www.europesays.com\/fr\/wp-json\/wp\/v2\/posts\/407325\/revisions"}],"wp:featuredmedia":[{"embeddable":true,"href":"https:\/\/www.europesays.com\/fr\/wp-json\/wp\/v2\/media\/407326"}],"wp:attachment":[{"href":"https:\/\/www.europesays.com\/fr\/wp-json\/wp\/v2\/media?parent=407325"}],"wp:term":[{"taxonomy":"category","embeddable":true,"href":"https:\/\/www.europesays.com\/fr\/wp-json\/wp\/v2\/categories?post=407325"},{"taxonomy":"post_tag","embeddable":true,"href":"https:\/\/www.europesays.com\/fr\/wp-json\/wp\/v2\/tags?post=407325"}],"curies":[{"name":"wp","href":"https:\/\/api.w.org\/{rel}","templated":true}]}}