{"id":407343,"date":"2025-09-21T14:26:12","date_gmt":"2025-09-21T14:26:12","guid":{"rendered":"https:\/\/www.europesays.com\/fr\/407343\/"},"modified":"2025-09-21T14:26:12","modified_gmt":"2025-09-21T14:26:12","slug":"lyon-renforce-son-ouverture-culturelle-a-linternational-avec-un-nouveau-partenariat","status":"publish","type":"post","link":"https:\/\/www.europesays.com\/fr\/407343\/","title":{"rendered":"Lyon renforce son ouverture culturelle \u00e0 l\u2019international avec un nouveau partenariat"},"content":{"rendered":"<p itemprop=\"description\"><strong>La coop\u00e9ration culturelle internationale de Lyon se poursuit.<\/strong><\/p>\n<p>Cette semaine \u00e0 la Cit\u00e9 internationale de la Gastronomie, l\u2019Institut fran\u00e7ais, la Ville de Lyon et la M\u00e9tropole de Lyon ont sign\u00e9 le renouvellement de leur partenariat pour la p\u00e9riode 2025-2027. Une alliance qui, depuis 1998, a d\u00e9j\u00e0 permis de soutenir pr\u00e8s de 650 projets culturels lyonnais \u00e0 dimension internationale .<\/p>\n<p>L\u2019accord repose sur deux grands axes.<\/p>\n<p>Le premier concerne la litt\u00e9rature, la lecture publique et les nouvelles \u00e9critures. Il pr\u00e9voit la mise en r\u00e9seau des acteurs locaux avec les Villes cr\u00e9atives UNESCO de litt\u00e9rature, le soutien \u00e0 l\u2019internationalisation des festivals du territoire (science-fiction, BD, polar, po\u00e9sie\u2026) et le d\u00e9veloppement d\u2019\u00e9changes entre biblioth\u00e8ques lyonnaises et partenaires \u00e9trangers. Les \u00ab\u00a0nouvelles \u00e9critures\u00a0\u00bb \u2013 dans les arts visuels, le spectacle vivant, le num\u00e9rique ou encore la cr\u00e9ation sonore \u2013 b\u00e9n\u00e9ficieront \u00e9galement d\u2019un accompagnement sp\u00e9cifique.<\/p>\n<p>Le second axe est centr\u00e9 sur les humanit\u00e9s, l\u2019hospitalit\u00e9 et les droits humains. Il s\u2019agit d\u2019appuyer les initiatives locales d\u2019accueil d\u2019artistes emp\u00each\u00e9s dans leur pays et de donner de la visibilit\u00e9 \u00e0 des voix engag\u00e9es pour la libert\u00e9 d\u2019expression et la d\u00e9fense des droits fondamentaux.<\/p>\n<p>Un appel \u00e0 projets annuel sera lanc\u00e9 d\u00e8s l\u2019automne \u00e0 destination des structures culturelles de Lyon et de la M\u00e9tropole. Les candidatures retenues devront int\u00e9grer une attention particuli\u00e8re aux droits humains, \u00e0 l\u2019\u00e9galit\u00e9 femmes-hommes, aux enjeux environnementaux et aux droits culturels. Les projets s\u00e9lectionn\u00e9s auront vocation \u00e0 rayonner \u00e0 l\u2019\u00e9tranger tout en proposant des actions de retour sur le territoire m\u00e9tropolitain.<\/p>\n<p>La signature de ce partenariat s\u2019est tenue en marge du Focus Danse, organis\u00e9 dans le cadre de la Biennale de la danse de Lyon. Cet \u00e9v\u00e9nement, coordonn\u00e9 par l\u2019Institut fran\u00e7ais, l\u2019Onda et le CCNR, r\u00e9unit cette ann\u00e9e plus de 70 programmateurs internationaux venus de 38 pays pour d\u00e9couvrir la cr\u00e9ation contemporaine fran\u00e7aise et faciliter sa diffusion \u00e0 l\u2019\u00e9tranger.<\/p>\n<p>Avec ce renouvellement, Lyon confirme son ambition de rester une ville culturelle ouverte sur le monde et de renforcer son attractivit\u00e9 \u00e0 l\u2019\u00e9chelle internationale.<\/p>\n","protected":false},"excerpt":{"rendered":"La coop\u00e9ration culturelle internationale de Lyon se poursuit. Cette semaine \u00e0 la Cit\u00e9 internationale de la Gastronomie, l\u2019Institut&hellip;\n","protected":false},"author":2,"featured_media":407344,"comment_status":"","ping_status":"","sticky":false,"template":"","format":"standard","meta":{"footnotes":""},"categories":[1889],"tags":[1111,11,2813,2190,2430,1109,251,1112,2811,1777,674,118,1011,27,1922,1110,1114,2428,2810,12,241,316,25,2812,517,800],"class_list":{"0":"post-407343","1":"post","2":"type-post","3":"status-publish","4":"format-standard","5":"has-post-thumbnail","7":"category-lyon","8":"tag-actu","9":"tag-actualites","10":"tag-article","11":"tag-asvel","12":"tag-auvergne-rhone-alpes","13":"tag-breves","14":"tag-culture","15":"tag-depeches","16":"tag-economique","17":"tag-eu","18":"tag-europe","19":"tag-faits-divers","20":"tag-fr","21":"tag-france","22":"tag-info","23":"tag-informations","24":"tag-infos","25":"tag-lyon","26":"tag-lyonmag","27":"tag-news","28":"tag-ol","29":"tag-politique","30":"tag-republique-francaise","31":"tag-sociale","32":"tag-sport","33":"tag-transports"},"share_on_mastodon":{"url":"https:\/\/pubeurope.com\/@fr\/115242754699415459","error":""},"_links":{"self":[{"href":"https:\/\/www.europesays.com\/fr\/wp-json\/wp\/v2\/posts\/407343","targetHints":{"allow":["GET"]}}],"collection":[{"href":"https:\/\/www.europesays.com\/fr\/wp-json\/wp\/v2\/posts"}],"about":[{"href":"https:\/\/www.europesays.com\/fr\/wp-json\/wp\/v2\/types\/post"}],"author":[{"embeddable":true,"href":"https:\/\/www.europesays.com\/fr\/wp-json\/wp\/v2\/users\/2"}],"replies":[{"embeddable":true,"href":"https:\/\/www.europesays.com\/fr\/wp-json\/wp\/v2\/comments?post=407343"}],"version-history":[{"count":0,"href":"https:\/\/www.europesays.com\/fr\/wp-json\/wp\/v2\/posts\/407343\/revisions"}],"wp:featuredmedia":[{"embeddable":true,"href":"https:\/\/www.europesays.com\/fr\/wp-json\/wp\/v2\/media\/407344"}],"wp:attachment":[{"href":"https:\/\/www.europesays.com\/fr\/wp-json\/wp\/v2\/media?parent=407343"}],"wp:term":[{"taxonomy":"category","embeddable":true,"href":"https:\/\/www.europesays.com\/fr\/wp-json\/wp\/v2\/categories?post=407343"},{"taxonomy":"post_tag","embeddable":true,"href":"https:\/\/www.europesays.com\/fr\/wp-json\/wp\/v2\/tags?post=407343"}],"curies":[{"name":"wp","href":"https:\/\/api.w.org\/{rel}","templated":true}]}}