{"id":407351,"date":"2025-09-21T14:31:22","date_gmt":"2025-09-21T14:31:22","guid":{"rendered":"https:\/\/www.europesays.com\/fr\/407351\/"},"modified":"2025-09-21T14:31:22","modified_gmt":"2025-09-21T14:31:22","slug":"om-psg-pavard-hernandez-destins-croises","status":"publish","type":"post","link":"https:\/\/www.europesays.com\/fr\/407351\/","title":{"rendered":"OM-PSG : Pavard\/Hernandez, destins crois\u00e9s"},"content":{"rendered":"<p><strong>ANALYSE<\/strong> \u2013 Adversaires ce dimanche, lors du Classique OM-PSG, les deux grands amis &#8211; et ex-co\u00e9quipiers au Bayern &#8211; ont fait du chemin depuis le sacre mondial, en 2018.<\/p>\n<p class=\"fig-paragraph\">\u00abMarseille est un club stable\u00bb. Visiblement, Benjamin Pavard a encore tout \u00e0 apprendre de Marseille, de l\u2019OM et du V\u00e9lodrome. Personne n\u2019est parfait. Stable, ce n\u2019est en effet pas le mot qui vient le premier en t\u00eate pour \u00e9voquer le volcan phoc\u00e9en. Il suffit de se replonger dans le d\u00e9but de saison des hommes de Roberto De Zerbi. Une \u00e9tincelle dans le vestiaire, apr\u00e8s une simple\u00a0<a href=\"http:\/\/www.lefigaro.fr\/sports\/football\/ligue-1\/rennes-marseille-merlin-epatant-gouiri-inexistant-les-tops-et-les-flops-20250815\" data-fig-type=\"NewsFlash\" data-gtm-custom-categorie=\"navigation\" data-gtm-custom-action=\"crossclick\" data-gtm-custom-label=\"Contextuel\" data-gtm-event=\"customEventSPE\" data-fig-domain=\"LEFIGARO\" target=\"_blank\" rel=\"noopener\">d\u00e9faite \u00e0 Rennes (1-0)<\/a>, a suffi \u00e0 embraser la Canebi\u00e8re\u2026 L\u2019ex-joueur de Lille, Stuttgart, du Bayern Munich et de l\u2019Inter Milan, excusez du peu, pourra toujours se rencarder aupr\u00e8s de l\u2019un de ses meilleurs amis dans le monde du ballon rond au sujet de l\u2019OM, un certain Lucas Hernandez.<\/p>\n<p class=\"fig-paragraph\">Hernandez et Pavard, les deux font la paire. Vous en doutez\u00a0? Interrog\u00e9 par nos confr\u00e8res de\u00a0<a href=\"https:\/\/www.lequipe.fr\/Football\/Article\/-c-est-un-truc-de-fou-lucas-hernandez-le-champion-du-monde-qui-a-desormais-gagne-deux-fois-la-c1\/1566836\" target=\"_blank\" rel=\"sponsored noopener\" data-gtm-custom-categorie=\"navigation\" data-gtm-custom-action=\"crossclick\" data-gtm-custom-label=\"Contextuel\" data-gtm-event=\"customEventSPE\">L\u2019\u00c9quipe<\/a> \u00a0apr\u00e8s le sacre de \u00abson\u00bb PSG face \u00e0 l\u2019Inter de Pavard, en finale de Ligue des champions, le d\u00e9fenseur parisien a tenu \u00e0 glisser un mot sympa \u00e0 propos de son \u00abmeilleur ami dans le football. Je sais ce qu\u2019il a fait pour revenir de sa blessure \u00e0 la cheville et jouer cette finale. Je peux imaginer le mal que \u00e7a fait de perdre une finale, mais je veux lui tirer mon chapeau, car je suis fier de ce qu\u2019il a fait. C\u2019est important pour moi de le dire. J\u2019ai h\u00e2te de le retrouver en \u00e9quipe de France\u00bb. \u00c0 l\u2019\u00e9poque, il ne pensait pas le retrouver dans le camp d\u2019en face, lors de OM-PSG, ce dimanche (20h45).<\/p>\n<blockquote class=\"fig-quote&#10;    \">\n<p class=\"fig-quote__text\">Oh mon Ben, qu\u2019est-ce que tu m\u2019as fait Ben\u00a0?<\/p>\n<p>            Lucas Hernandez\n    <\/p><\/blockquote>\n<p>                                    <a class=\"fig-a11y-skip a11y-hidden\" href=\"#fig-a11y-skip-main-inarticle\"><br \/>\n        Passer la publicit\u00e9<br \/>\n    <\/a><\/p>\n<p class=\"fig-paragraph\">Lucas Hernandez n\u2019a d\u2019ailleurs pas cach\u00e9 sa surprise en apprenant le transfert du natif de Lille \u00e0 l\u2019OM, devant les cam\u00e9ras de Canal+. En fait, c\u2019est son fr\u00e8re, Th\u00e9o, qui lui a appris la nouvelle. \u00abIl va \u00e0 Marseille\u00a0?!\u00bb, s\u2019est \u00e9gosill\u00e9 le Parisien. \u00abLa fin d\u2019une tr\u00e8s belle amiti\u00e9\u00bb, s\u2019est amus\u00e9 le nouveau joueur d\u2019Al-Hilal. \u00abMon ami Ben\u2026 Oh mon Ben, qu\u2019est-ce que tu m\u2019as fait Ben\u00a0?\u00bb, s\u2019est lament\u00e9 l\u2019ancien de l\u2019Atl\u00e9tico et du Bayern. Et d\u2019ajouter\u00a0: \u00abBen, c\u2019est mon meilleur ami dans le football. Je pense que \u00e7a va continuer \u00e0 \u00eatre comme \u00e7a\u00bb.<\/p>\n<p>    Lucas Hernandez et Benjamin Pavard ont longtemps \u00e9volu\u00e9 au Bayern ensemble.<br \/>\n                PictureAlliance \/ Icon Sport<\/p>\n<p class=\"fig-paragraph\">Tout est bien qui finit bien. Toujours est-il que cette situation est cocasse. D\u00e9j\u00e0 parce que le plus Marseillais des deux, c\u2019est encore\u2026 Lucas Hernandez. \u00abMa femme est Marseillaise\u00bb,\u00a0<a href=\"http:\/\/www.lefigaro.fr\/sports\/football\/ligue-1\/l-om-ca-ne-se-refuse-pas-les-premiers-mots-de-pavard-dans-son-nouveau-club-20250911\" data-fig-type=\"NewsFlash\" data-gtm-custom-categorie=\"navigation\" data-gtm-custom-action=\"crossclick\" data-gtm-custom-label=\"Contextuel\" data-gtm-event=\"customEventSPE\" data-fig-domain=\"LEFIGARO\" target=\"_blank\" rel=\"noopener\">a confi\u00e9 Benjamin Pavard, lors de sa premi\u00e8re conf\u00e9rence de presse<\/a>\u00a0sous ses nouvelles couleurs. Le num\u00e9ro 21 du PSG, lui, est n\u00e9 dans la cit\u00e9 phoc\u00e9enne. Fils de l\u2019ancien joueur marseillais Jean-Fran\u00e7ois Hernandez, il n\u2019a pas vraiment cach\u00e9 son affection pour sa ville natale et le club champion d\u2019Europe en 1993 par le pass\u00e9, d\u00e9clarant notamment que \u00abce serait un peu compliqu\u00e9 d\u2019aller \u00e0 Paris\u00bb en tant que \u00abMarseillais\u00bb. Le tout sans parler d\u2019un chambrage &#8211; dont il s\u2019\u00e9tait d\u00e9fendu &#8211; apr\u00e8s\u00a0<a href=\"https:\/\/www.lefigaro.fr\/sports\/football\/ligue-des-champions\/actualites\/ligue-des-champions-la-finale-psg-bayern-munich-en-direct-1011523\" data-fig-type=\"Article\" data-gtm-custom-categorie=\"navigation\" data-gtm-custom-action=\"crossclick\" data-gtm-custom-label=\"Contextuel\" data-gtm-event=\"customEventSPE\" data-fig-domain=\"LEFIGARO\" target=\"_blank\" rel=\"noopener\">la victoire de \u00abson\u00bb Bayern sur le PSG en finale de C1, en 2020<\/a>.<\/p>\n<p>Hernandez dans l\u2019ombre de Pacho<\/p>\n<p class=\"fig-paragraph\">\u00abT\u2019es pas le bienvenu le Marseillais\u2026 Et on te le fera savoir\u00bb,\u00a0<a href=\"http:\/\/www.lefigaro.fr\/sports\/football\/transferts\/pas-le-bienvenu-le-marseillais-un-ultra-du-psg-menace-deja-lucas-hernandez-20230626\" target=\"_blank\" data-fig-type=\"NewsFlash\" rel=\"noopener\" data-gtm-custom-categorie=\"navigation\" data-gtm-custom-action=\"crossclick\" data-gtm-custom-label=\"Contextuel\" data-gtm-event=\"customEventSPE\" data-fig-domain=\"LEFIGARO\">avait menac\u00e9 Romain Mabille<\/a>, le pr\u00e9sident du Collectif Ultras Paris, avant l\u2019officialisation de son transfert, en 2023. \u00abOn fait tous des erreurs, na\u00eetre \u00e0 Marseille en est une\u00bb, grin\u00e7ait le CUP sur une banderole d\u00e9ploy\u00e9e lors du premier match de l\u2019int\u00e9ress\u00e9, au Parc. Ambiance\u2026 Bien s\u00fbr, le guerrier Hernandez a vite fait oublier ce petit d\u00e9faut. Le public parisien aime les battants, les cols-bleus. Bref, il avait tout pour s\u00e9duire les habitu\u00e9s de l\u2019enceinte de la Porte de Saint-Cloud. D\u2019autant qu\u2019il a r\u00e9pondu pr\u00e9sent sur le terrain. Du moins jusqu\u2019\u00e0 sa rupture du ligament crois\u00e9 contre Dortmund, en 2024. Depuis, Lucas Hernandez a d\u00fb mal \u00e0 retrouver son niveau. Et il a d\u2019ailleurs perdu sa place dans le 11 de d\u00e9part du PSG au profit de Willian Pacho. Qui va \u00e0 la chasse\u2026<\/p>\n<p>    En 2018, les lat\u00e9raux de l\u2019\u00e9quipe de France se nommaient Pavard et Hernandez.<br \/>\n                Anthony Dibon \/ Icon Sport<\/p>\n<p class=\"fig-paragraph\">Benjamin Pavard, lui, a souvent flirt\u00e9 avec le Paris Saint-Germain ces derni\u00e8res ann\u00e9es. Son nom a en tout cas r\u00e9guli\u00e8rement \u00e9t\u00e9 cit\u00e9 dans l\u2019orbite du club de la capitale. Et tr\u00e8s franchement, il aurait \u00e9t\u00e9 plus logique de le retrouver \u00e0 Paris qu\u2019\u00e0 l\u2019OM, sans offenser personne sur la Canebi\u00e8re. Finalement, Mehdi Benatia, Pablo Longoria et compagnie ont profit\u00e9 de l\u2019aubaine, sachant que les Int\u00e9ristes souhaitaient s\u2019en s\u00e9parer cet \u00e9t\u00e9.<\/p>\n<blockquote class=\"fig-quote&#10;    \">\n<p class=\"fig-quote__text\">Marseille, \u00e7a ne se refuse pas.<\/p>\n<p>            Benjamin Pavard\n    <\/p><\/blockquote>\n<p class=\"fig-paragraph\">\u00abQuand j\u2019ai \u00e9t\u00e9 inform\u00e9 de l\u2019int\u00e9r\u00eat de l\u2019OM, dans ma t\u00eate, c\u2019\u00e9tait clair et net, je voulais rejoindre ce projet ambitieux, jouer au V\u00e9lodrome, cette ferveur. En tant que footballeur, ce sont des \u00e9motions \u00e0 vivre\u00bb,\u00a0<a href=\"http:\/\/www.lefigaro.fr\/sports\/football\/ligue-1\/l-om-ca-ne-se-refuse-pas-les-premiers-mots-de-pavard-dans-son-nouveau-club-20250911\" data-fig-type=\"NewsFlash\" data-gtm-custom-categorie=\"navigation\" data-gtm-custom-action=\"crossclick\" data-gtm-custom-label=\"Contextuel\" data-gtm-event=\"customEventSPE\" data-fig-domain=\"LEFIGARO\" target=\"_blank\" rel=\"noopener\">a indiqu\u00e9 le n\u00e9o-Marseillais lors de sa pr\u00e9sentation \u00e0 la presse<\/a>. Et d\u2019ajouter\u00a0: \u00abC\u2019est un tr\u00e8s grand club. Marseille, \u00e7a ne se refuse pas. J\u2019avais besoin de vivre des \u00e9motions, de rentrer en France, me rapprocher de ma famille\u2026 Tout est fait pour que je sois heureux ici\u00bb. Pour ce qui est des \u00e9motions, Benjamin Pavard ne devrait pas \u00eatre d\u00e9\u00e7u. Si Lucas Hernandez a la chance d\u2019\u00e9voluer au sein d\u2019un PSG relativement apais\u00e9, le Nordiste, lui, va pleinement go\u00fbter \u00e0 la ferveur marseillaise dans toute sa splendeur, ses exc\u00e8s, sa folie. Bref, l\u2019OM.<\/p>\n<p>    Pavard et Hernandez se c\u00f4toient depuis bien longtemps chez les Bleus.<br \/>\n                Anthony Dibon \/ Icon Sport<\/p>\n<p>                                    <a class=\"fig-a11y-skip a11y-hidden\" href=\"#fig-a11y-skip-main-inarticle_mtf\"><br \/>\n        Passer la publicit\u00e9<br \/>\n    <\/a><\/p>\n<p class=\"fig-paragraph\">Le quadruple champion d\u2019Allemagne avec le Bayern a toutefois le cuir \u00e9pais, lui qui a remport\u00e9 ses plus beaux troph\u00e9es aux c\u00f4t\u00e9s de\u2026 Lucas Hernandez. Entre le \u00abRekordmeister\u00bb et les Bleus, les deux larrons ont en effet disput\u00e9 115 matchs ensemble. Ils ont eu le bonheur de soulever la Ligue des champions, en 2020, mais aussi la Coupe du monde, deux ans auparavant. Ils font d\u2019ailleurs partie des nombreux champions du monde 2018 \u00e0 \u00e9voluer en Ligue 1, avec Ousmane Demb\u00e9l\u00e9, Djibril Sidib\u00e9 (Toulouse), Corentin Tolisso (Lyon), Olivier Giroud (Lille), Paul Pogba (Monaco) et Florian Thauvin (Lens). \u00c0 l\u2019\u00e9poque de la campagne de Russie, Hernandez et Pavard \u00e9taient les titulaires sur les c\u00f4t\u00e9s de la d\u00e9fense du s\u00e9lectionneur Deschamps. Deux joueurs qui ont pourtant une nette pr\u00e9f\u00e9rence pour la charni\u00e8re centrale.<\/p>\n<p>Pavard, \u00e0 peine arriv\u00e9 et d\u00e9j\u00e0 taulier\u00a0?<\/p>\n<p class=\"fig-paragraph\">Depuis, ils ont perdu leurs galons de titulaire en \u00e9quipe de France. D\u2019ailleurs, ils ne sont m\u00eame plus certains d\u2019\u00eatre appel\u00e9s \u00e0 chaque fois. Deschamps a toutefois un faible pour Hernandez, son exp\u00e9rience et sa facult\u00e9 \u00e0 \u00e9voluer naturellement axe gauche. Et ce m\u00eame s\u2019il n\u2019est que rarement \u2013 voire jamais \u2013 titulaire dans les grands rendez-vous avec le PSG. Pavard, lui, passe derri\u00e8re Dayot Upamecano et William Saliba, Ibrahima Konat\u00e9 aussi. \u00c0 Marseille en revanche, il devrait vite devenir indispensable, lui qui a marqu\u00e9 pour sa premi\u00e8re sortie,\u00a0<a href=\"http:\/\/www.lefigaro.fr\/sports\/football\/ligue-1\/marseille-lorient-pavard-et-greenwood-tonitruants-des-recrues-percutantes-meite-et-les-merlus-submerges-les-tops-et-flops-20250913\" data-fig-type=\"NewsFlash\" data-gtm-custom-categorie=\"navigation\" data-gtm-custom-action=\"crossclick\" data-gtm-custom-label=\"Contextuel\" data-gtm-event=\"customEventSPE\" data-fig-domain=\"LEFIGARO\" target=\"_blank\" rel=\"noopener\">contre Lorient (4-0)<\/a>. Et pour cause, il l\u2019\u00e9tait encore la saison derni\u00e8re chez le vice-champion d\u2019Europe. Une chose est s\u00fbre\u00a0: s\u2019ils venaient \u00e0 se croiser sur la pelouse du Vel\u2019, Benjamin Pavard et Lucas Hernandez devraient, le temps d\u2019un match, faire une croix sur leur amiti\u00e9.<\/p>\n","protected":false},"excerpt":{"rendered":"ANALYSE \u2013 Adversaires ce dimanche, lors du Classique OM-PSG, les deux grands amis &#8211; et ex-co\u00e9quipiers au Bayern&hellip;\n","protected":false},"author":2,"featured_media":407352,"comment_status":"","ping_status":"","sticky":false,"template":"","format":"standard","meta":{"footnotes":""},"categories":[1888],"tags":[1111,1928,11,1927,4786,20532,1777,674,1011,27,12,1926,149,626,1925,93,25],"class_list":{"0":"post-407351","1":"post","2":"type-post","3":"status-publish","4":"format-standard","5":"has-post-thumbnail","7":"category-paris","8":"tag-actu","9":"tag-actu-paris","10":"tag-actualites","11":"tag-actualites-paris","12":"tag-benjamin-pavard","13":"tag-didier-deschamps","14":"tag-eu","15":"tag-europe","16":"tag-fr","17":"tag-france","18":"tag-news","19":"tag-news-paris","20":"tag-om","21":"tag-paris","22":"tag-paris-news","23":"tag-psg","24":"tag-republique-francaise"},"share_on_mastodon":{"url":"https:\/\/pubeurope.com\/@fr\/115242774343583989","error":""},"_links":{"self":[{"href":"https:\/\/www.europesays.com\/fr\/wp-json\/wp\/v2\/posts\/407351","targetHints":{"allow":["GET"]}}],"collection":[{"href":"https:\/\/www.europesays.com\/fr\/wp-json\/wp\/v2\/posts"}],"about":[{"href":"https:\/\/www.europesays.com\/fr\/wp-json\/wp\/v2\/types\/post"}],"author":[{"embeddable":true,"href":"https:\/\/www.europesays.com\/fr\/wp-json\/wp\/v2\/users\/2"}],"replies":[{"embeddable":true,"href":"https:\/\/www.europesays.com\/fr\/wp-json\/wp\/v2\/comments?post=407351"}],"version-history":[{"count":0,"href":"https:\/\/www.europesays.com\/fr\/wp-json\/wp\/v2\/posts\/407351\/revisions"}],"wp:featuredmedia":[{"embeddable":true,"href":"https:\/\/www.europesays.com\/fr\/wp-json\/wp\/v2\/media\/407352"}],"wp:attachment":[{"href":"https:\/\/www.europesays.com\/fr\/wp-json\/wp\/v2\/media?parent=407351"}],"wp:term":[{"taxonomy":"category","embeddable":true,"href":"https:\/\/www.europesays.com\/fr\/wp-json\/wp\/v2\/categories?post=407351"},{"taxonomy":"post_tag","embeddable":true,"href":"https:\/\/www.europesays.com\/fr\/wp-json\/wp\/v2\/tags?post=407351"}],"curies":[{"name":"wp","href":"https:\/\/api.w.org\/{rel}","templated":true}]}}