{"id":407355,"date":"2025-09-21T14:33:26","date_gmt":"2025-09-21T14:33:26","guid":{"rendered":"https:\/\/www.europesays.com\/fr\/407355\/"},"modified":"2025-09-21T14:33:26","modified_gmt":"2025-09-21T14:33:26","slug":"festival-dautomne-de-sao-paulo-a-paris-une-casa-do-povo-foisonnante-et-politique","status":"publish","type":"post","link":"https:\/\/www.europesays.com\/fr\/407355\/","title":{"rendered":"Festival d\u2019Automne\u00a0: de S\u00e3o Paulo \u00e0 Paris, une Casa do povo foisonnante et politique"},"content":{"rendered":"<p>Un joyeux foisonnement agite la Maison <a href=\"https:\/\/www.humanite.fr\/social-et-economie\/arcelormittal\/du-metal-sans-mittal\" rel=\"nofollow noopener\" target=\"_blank\">des m\u00e9tallos<\/a>. Vendredi matin, dans cet \u00e9tablissement culturel parisien, difficile de s\u2019entendre sous le son des percussions. \u00c0 l\u2019\u00e9tage, une poign\u00e9e des meneuses du collectif Ilu Oba de Min, form\u00e9 \u00e0 S\u00e3o Paulo par plus de 400 femmes afro-br\u00e9siliennes, donnent cours.<\/p>\n<p>Une trentaine de participantes apprennent avec elles, djemb\u00e9 et ch\u00e9k\u00e9r\u00e9 en main, quelques-unes des musiques traditionnelles de candombl\u00e9 avec lesquelles ce big band ouvre chaque ann\u00e9e le carnaval de S\u00e3o Paulo. En bas, au milieu du hall, un ring accueille les cours de&#8230;<\/p>\n","protected":false},"excerpt":{"rendered":"Un joyeux foisonnement agite la Maison des m\u00e9tallos. Vendredi matin, dans cet \u00e9tablissement culturel parisien, difficile de s\u2019entendre&hellip;\n","protected":false},"author":2,"featured_media":407356,"comment_status":"","ping_status":"","sticky":false,"template":"","format":"standard","meta":{"footnotes":""},"categories":[1888],"tags":[11,19362,1777,674,1011,27,12,626,25,4698],"class_list":{"0":"post-407355","1":"post","2":"type-post","3":"status-publish","4":"format-standard","5":"has-post-thumbnail","7":"category-paris","8":"tag-actualites","9":"tag-bru00e9sil","10":"tag-eu","11":"tag-europe","12":"tag-fr","13":"tag-france","14":"tag-news","15":"tag-paris","16":"tag-republique-francaise","17":"tag-thu00e9u00e2tre"},"share_on_mastodon":{"url":"https:\/\/pubeurope.com\/@fr\/115242782138589455","error":""},"_links":{"self":[{"href":"https:\/\/www.europesays.com\/fr\/wp-json\/wp\/v2\/posts\/407355","targetHints":{"allow":["GET"]}}],"collection":[{"href":"https:\/\/www.europesays.com\/fr\/wp-json\/wp\/v2\/posts"}],"about":[{"href":"https:\/\/www.europesays.com\/fr\/wp-json\/wp\/v2\/types\/post"}],"author":[{"embeddable":true,"href":"https:\/\/www.europesays.com\/fr\/wp-json\/wp\/v2\/users\/2"}],"replies":[{"embeddable":true,"href":"https:\/\/www.europesays.com\/fr\/wp-json\/wp\/v2\/comments?post=407355"}],"version-history":[{"count":0,"href":"https:\/\/www.europesays.com\/fr\/wp-json\/wp\/v2\/posts\/407355\/revisions"}],"wp:featuredmedia":[{"embeddable":true,"href":"https:\/\/www.europesays.com\/fr\/wp-json\/wp\/v2\/media\/407356"}],"wp:attachment":[{"href":"https:\/\/www.europesays.com\/fr\/wp-json\/wp\/v2\/media?parent=407355"}],"wp:term":[{"taxonomy":"category","embeddable":true,"href":"https:\/\/www.europesays.com\/fr\/wp-json\/wp\/v2\/categories?post=407355"},{"taxonomy":"post_tag","embeddable":true,"href":"https:\/\/www.europesays.com\/fr\/wp-json\/wp\/v2\/tags?post=407355"}],"curies":[{"name":"wp","href":"https:\/\/api.w.org\/{rel}","templated":true}]}}