{"id":407381,"date":"2025-09-21T14:50:15","date_gmt":"2025-09-21T14:50:15","guid":{"rendered":"https:\/\/www.europesays.com\/fr\/407381\/"},"modified":"2025-09-21T14:50:15","modified_gmt":"2025-09-21T14:50:15","slug":"je-presente-mes-excuses-a-charles","status":"publish","type":"post","link":"https:\/\/www.europesays.com\/fr\/407381\/","title":{"rendered":"Je pr\u00e9sente mes excuses \u00e0 Charles"},"content":{"rendered":"<p>Comme une mauvaise pr\u00e9monition, <a href=\"https:\/\/fr.motorsport.com\/f1\/news\/ferrari-prudente-bakou-hamilton-gagne-rien-vendredi\/10760693\/\" target=\"_self\" rel=\"noopener\">Fr\u00e9d\u00e9ric Vasseur avait pr\u00e9venu il y a 48 heures<\/a>\u00a0:\u00a0\u00ab\u00a0On ne gagne rien le vendredi\u00a0\u00bb. Depuis, le week-end de <a href=\"https:\/\/fr.motorsport.com\/team\/ferrari\/615\/\" target=\"_blank\" rel=\"noopener\">Ferrari<\/a> au Grand Prix d&rsquo;Azerba\u00efdjan a compl\u00e8tement d\u00e9raill\u00e9, l&rsquo;\u00e9curie italienne payant tr\u00e8s cher une s\u00e9ance de qualifications o\u00f9 <a href=\"https:\/\/fr.motorsport.com\/driver\/lewis-hamilton\/76878\/\" target=\"_blank\" rel=\"noopener\">Lewis Hamilton<\/a> a \u00e9t\u00e9 \u00e9limin\u00e9 d\u00e8s la Q2 et o\u00f9 <a href=\"https:\/\/fr.motorsport.com\/driver\/charles-leclerc\/109632\/\" target=\"_blank\" rel=\"noopener\">Charles Leclerc<\/a> est sorti de la piste d\u00e8s le d\u00e9but de la Q3. Les deux pilotes ont connu une course anonyme et difficile, pour finalement terminer huiti\u00e8me et neuvi\u00e8me.\u00a0<\/p>\n<p>En plus de cette d\u00e9ception, de la confusion est venue s&rsquo;ajouter. Sur la ligne, c&rsquo;est Lewis Hamilton qui a devanc\u00e9 son co\u00e9quipier de moins d&rsquo;une demi-seconde. Quelques tours auparavant, les deux hommes avaient \u00e9chang\u00e9 leurs positions dans l&rsquo;espoir de revenir sur <a href=\"https:\/\/fr.motorsport.com\/driver\/lando-norris\/289708\/\" target=\"_blank\" rel=\"noopener\">Lando Norris<\/a>, en vain. Le juste retour des choses ne s&rsquo;est pas fait, le septuple champion du monde ayant lev\u00e9 le pied trop tard.<\/p>\n<p>\u00ab\u00a0J&rsquo;\u00e9tais plus rapide, mais Charles a eu la gentillesse de me laisser passer\u00a0\u00bb, explique Lewis Hamilton. \u00ab\u00a0\u00c0 la fin, j&rsquo;ai re\u00e7u le message vraiment tr\u00e8s tard, et j&rsquo;\u00e9tais concentr\u00e9 sur la voiture devant moi, m\u00eame s&rsquo;il n&rsquo;y avait que 0,001\u00a0% de chances de la d\u00e9passer. Peut-\u00eatre que j&rsquo;esp\u00e9rais encore. J&rsquo;ai bien rel\u00e2ch\u00e9 dans la ligne droite et j&rsquo;ai m\u00eame frein\u00e9, mais je me suis loup\u00e9 d&rsquo;environ quatre dixi\u00e8mes, et c&rsquo;est une erreur d&rsquo;appr\u00e9ciation de ma part. Je pr\u00e9sente mes excuses \u00e0 Charles. Au final, c&rsquo;est 8e et 9e, donc\u2026\u00a0\u00bb<\/p>\n<p>   <img decoding=\"async\" draggable=\"false\" src=\"https:\/\/www.europesays.com\/fr\/wp-content\/uploads\/2025\/09\/1758466215_177_charles-leclerc-ferrari.jpg\" alt=\"Ferrari a perdu la deuxi\u00e8me place du championnat \u00e0 Bakou.\" width=\"1200\" height=\"800\" loading=\"lazy\"\/> <\/p>\n<p class=\"title\">Ferrari a perdu la deuxi\u00e8me place du championnat \u00e0 Bakou.<\/p>\n<p class=\"photographer\">Photo de: James Sutton \/ LAT Images via Getty Images<\/p>\n<p>Peu importe l&rsquo;ordre, ce ne sont en effet que six points glan\u00e9s par Ferrari, qui c\u00e8de ainsi la deuxi\u00e8me place du <a href=\"https:\/\/fr.motorsport.com\/f1\/standings\/2025\/?type=Team&amp;class=\" target=\"_blank\" rel=\"noopener\">championnat constructeurs<\/a> \u00e0 <a href=\"https:\/\/fr.motorsport.com\/team\/mercedes\/611\/\" target=\"_blank\" rel=\"noopener\">Mercedes<\/a> \u00e0 l&rsquo;heure de quitter Bakou. Et pour Charles Leclerc, l&rsquo;erreur de son co\u00e9quipier devient presque anecdotique \u00e0 l&rsquo;issue d&rsquo;un week-end lourd en regrets.\u00a0<\/p>\n<p>\u00ab\u00a0On parle d&rsquo;une 8e et d&rsquo;une 9e place, ce n&rsquo;est pas la fin du monde honn\u00eatement, ce n&rsquo;est pas du tout ce \u00e0 quoi je vais penser en rentrant \u00e0 la maison\u00a0\u00bb, a r\u00e9agi le Mon\u00e9gasque au micro de Canal+. \u00ab\u00a0Ce n&rsquo;est pas un gros probl\u00e8me. On se met d&rsquo;accord sur la mani\u00e8re dont on a envie de travailler, et quand il y a des inversions comme \u00e7a, on s&rsquo;\u00e9tait mis d&rsquo;accord pour rendre la position, mais aujourd&rsquo;hui ce n&rsquo;est pas sur \u00e7a que je me concentre.\u00a0\u00bb<\/p>\n<p>Dans les rangs de la Scuderia, le sentiment d&rsquo;avoir perdu le fil samedi, au lendemain d&rsquo;une journ\u00e9e prometteuse, est partag\u00e9 par tous, Fr\u00e9d\u00e9ric Vasseur en t\u00eate. \u00ab\u00a0Je ne pense pas que ce soit sur la course qu&rsquo;on a rat\u00e9 quelque chose\u00a0\u00bb, observe le directeur de l&rsquo;\u00e9curie au micro de Canal+. \u00ab\u00a0Ce n&rsquo;est pas l\u00e0 qu&rsquo;on perd le week-end, c&rsquo;est hier apr\u00e8s-midi.\u00a0\u00bb<\/p>\n<p>Lire aussi :<\/p>\n","protected":false},"excerpt":{"rendered":"Comme une mauvaise pr\u00e9monition, Fr\u00e9d\u00e9ric Vasseur avait pr\u00e9venu il y a 48 heures\u00a0:\u00a0\u00ab\u00a0On ne gagne rien le vendredi\u00a0\u00bb.&hellip;\n","protected":false},"author":2,"featured_media":407382,"comment_status":"","ping_status":"","sticky":false,"template":"","format":"standard","meta":{"footnotes":""},"categories":[1412],"tags":[52446,2240,1451,2251,1452,1453,1454,1455,1011,27,12572,52445,53899,1975,60],"class_list":{"0":"post-407381","1":"post","2":"type-post","3":"status-publish","4":"format-standard","5":"has-post-thumbnail","7":"category-f1","8":"tag-baku-city-circuit","9":"tag-charles-leclerc","10":"tag-f1","11":"tag-ferrari","12":"tag-formula-1","13":"tag-formula1","14":"tag-formule-1","15":"tag-formule1","16":"tag-fr","17":"tag-france","18":"tag-fru00e9du00e9ric-vasseur","19":"tag-gp-dazerbau00efdjan","20":"tag-hamilton-je-pru00e9sente-mes-excuses-u00e0-charles","21":"tag-lewis-hamilton","22":"tag-sports"},"share_on_mastodon":{"url":"https:\/\/pubeurope.com\/@fr\/115242849083143104","error":""},"_links":{"self":[{"href":"https:\/\/www.europesays.com\/fr\/wp-json\/wp\/v2\/posts\/407381","targetHints":{"allow":["GET"]}}],"collection":[{"href":"https:\/\/www.europesays.com\/fr\/wp-json\/wp\/v2\/posts"}],"about":[{"href":"https:\/\/www.europesays.com\/fr\/wp-json\/wp\/v2\/types\/post"}],"author":[{"embeddable":true,"href":"https:\/\/www.europesays.com\/fr\/wp-json\/wp\/v2\/users\/2"}],"replies":[{"embeddable":true,"href":"https:\/\/www.europesays.com\/fr\/wp-json\/wp\/v2\/comments?post=407381"}],"version-history":[{"count":0,"href":"https:\/\/www.europesays.com\/fr\/wp-json\/wp\/v2\/posts\/407381\/revisions"}],"wp:featuredmedia":[{"embeddable":true,"href":"https:\/\/www.europesays.com\/fr\/wp-json\/wp\/v2\/media\/407382"}],"wp:attachment":[{"href":"https:\/\/www.europesays.com\/fr\/wp-json\/wp\/v2\/media?parent=407381"}],"wp:term":[{"taxonomy":"category","embeddable":true,"href":"https:\/\/www.europesays.com\/fr\/wp-json\/wp\/v2\/categories?post=407381"},{"taxonomy":"post_tag","embeddable":true,"href":"https:\/\/www.europesays.com\/fr\/wp-json\/wp\/v2\/tags?post=407381"}],"curies":[{"name":"wp","href":"https:\/\/api.w.org\/{rel}","templated":true}]}}