{"id":407386,"date":"2025-09-21T14:53:13","date_gmt":"2025-09-21T14:53:13","guid":{"rendered":"https:\/\/www.europesays.com\/fr\/407386\/"},"modified":"2025-09-21T14:53:13","modified_gmt":"2025-09-21T14:53:13","slug":"decouvrez-mareva-michel-la-ravissante-miss-il","status":"publish","type":"post","link":"https:\/\/www.europesays.com\/fr\/407386\/","title":{"rendered":"d\u00e9couvrez Mareva Michel, la ravissante Miss \u00cel &#8230;"},"content":{"rendered":"<p>EN BREF<\/p>\n<ul class=\"bloc_resume_post_list\">\n<li>Mareva Del Toro, 21 ans, franco-mexicaine, couronn\u00e9e dans<br \/>\nles Yvelines, vise Miss France 2026.<\/li>\n<li>Elle est \u00e9tudiante \u00e0 l\u00a0\u00bbESSEC et aspire \u00e0 travailler dans<br \/>\nle marketing cosm\u00e9tique.<\/li>\n<li>Son lien familial avec Guillermo del Toro pourrait<br \/>\ninfluencer sa carri\u00e8re cin\u00e9matographique.<\/li>\n<\/ul>\n<p>Une nouvelle pr\u00e9tendante au titre supr\u00eame vient de faire son<br \/>\nentr\u00e9e dans la course \u00e0 Miss France 2026. La franco-mexicaine de 21<br \/>\nans, fra\u00eechement couronn\u00e9e dans les Yvelines, nourrit de grandes<br \/>\nambitions et un r\u00eave pr\u00e9cis : devenir la troisi\u00e8me Mareva \u00e0<br \/>\nd\u00e9crocher l&rsquo;\u00e9charpe tricolore.<\/p>\n<p>Un pr\u00e9nom pr\u00e9destin\u00e9 et des origines surprenantes<\/p>\n<p>La <a href=\"https:\/\/actu.fr\/ile-de-france\/le-chesnay-rocquencourt_78158\/etre-miss-cest-etre-un-exemple-qui-est-mareva-michel-miss-yvelines-2025_62685354.html\" target=\"_blank\" rel=\"noopener\"><br \/>\njeune femme<\/a> n\u00e9e le 4 novembre 2003 \u00e0 Poissy n&rsquo;a pas \u00e9t\u00e9<br \/>\nbaptis\u00e9e par hasard. Ses parents ont choisi son pr\u00e9nom en hommage \u00e0<br \/>\nMareva Georges et Mareva Galanter, respectivement Miss France 1991<br \/>\net 1999. \u00ab\u00a0J&rsquo;esp\u00e8re devenir la 3e Mareva Miss France\u00a0\u00bb, confie-t-elle<br \/>\navec le sourire.<\/p>\n<p>Cette brunette aux yeux marron mesure 1,78 m\u00e8tre et cache une<br \/>\nfiliation artistique inattendue. Sa m\u00e8re Estela lui a transmis la<br \/>\nnationalit\u00e9 mexicaine ainsi que le patronyme Del Toro. Un nom qui<br \/>\nne vous dit rien ? Il s&rsquo;agit pourtant du m\u00eame que celui du c\u00e9l\u00e8bre<br \/>\ncin\u00e9aste Guillermo del Toro, cousin direct de sa g\u00e9nitrice. Une<br \/>\nconnexion hollywoodienne qui pourrait bien ouvrir des portes \u00e0 la<br \/>\nbelle, qui avoue r\u00eaver de cin\u00e9ma : \u00ab\u00a0Bien s\u00fbr, c&rsquo;est un r\u00eave, \u00e7a<br \/>\nserait g\u00e9nial !\u00a0\u00bb<\/p>\n<blockquote class=\"instagram-media\" style=\"background: #ffffff;border: 0;margin: 1px;width: 100%;padding: 0;max-width: 500px;\" data-instgrm-permalink=\"https:\/\/www.instagram.com\/p\/DO107RljMvb\/?hl=fr\" data-instgrm-version=\"14\"\/><p>\nUne \u00e9tudiante ambitieuse aux multiples projets<\/p>\n<p>L&rsquo;\u00e9tudiante de l&rsquo;ESSEC Business School termine actuellement sa<br \/>\nquatri\u00e8me ann\u00e9e d&rsquo;\u00e9tudes sup\u00e9rieures. Apr\u00e8s avoir effectu\u00e9 sa<br \/>\nscolarit\u00e9 \u00e0 l&rsquo;\u00e9cole internationale de l&rsquo;Ermitage \u00e0<br \/>\nMaisons-Laffitte, puis au Lyc\u00e9e Jean-Paul II \u00e0 Sartrouville, elle<br \/>\npr\u00e9pare d\u00e9sormais son avenir professionnel avec d\u00e9termination.<\/p>\n<p>Son objectif est clair : \u00ab\u00a0Travailler en marketing dans le<br \/>\nsecteur de la cosm\u00e9tique ou de la parfumerie, mais j&rsquo;ai aussi de<br \/>\nl&rsquo;attrait pour le monde de l&rsquo;entrepreneuriat.\u00a0\u00bb Une vision qui<br \/>\nt\u00e9moigne de sa maturit\u00e9, qualit\u00e9 qu&rsquo;elle revendique d&rsquo;ailleurs pour<br \/>\njustifier sa candidature tardive. \u00ab\u00a0Il faut d\u00e9j\u00e0 avoir une<br \/>\ncertaine maturit\u00e9 pour se pr\u00e9senter. J&rsquo;ai attendu d&rsquo;\u00eatre sur le<br \/>\npoint de finir mes \u00e9tudes. Je ne voulais pas br\u00fbler les<br \/>\n\u00e9tapes\u00a0\u00bb, explique-t-elle.<\/p>\n<p>Le d\u00e9fi Miss \u00cele-de-France en ligne de<br \/>\nmire<\/p>\n<p>La candidate des Yvelines sait qu&rsquo;elle peut compter sur le<br \/>\nsoutien ind\u00e9fectible de sa famille. \u00ab\u00a0Ce soutien a \u00e9t\u00e9 tr\u00e8s<br \/>\nimportant pour moi. Je suis s\u00fbre que sans eux, je n&rsquo;aurais pas pu<br \/>\nremporter l&rsquo;\u00e9lection\u00a0\u00bb, reconna\u00eet-elle. Cette solidarit\u00e9<br \/>\nfamiliale prend tout son sens quand on apprend que sa m\u00e8re et sa<br \/>\ntante ont toutes deux remport\u00e9 des concours de beaut\u00e9 par le<br \/>\npass\u00e9.<\/p>\n<p>D\u00e9sormais marraine de l&rsquo;association Aidons la recherche, qui<br \/>\nlutte contre le cancer du sein, la nouvelle Miss Yvelines endosse<br \/>\nses responsabilit\u00e9s avec s\u00e9rieux. \u00ab\u00a0\u00catre Miss, c&rsquo;est \u00eatre un<br \/>\nexemple. \u00c0 pr\u00e9sent, il y a des petites filles et des femmes qui<br \/>\nvont s&rsquo;identifier\u00a0\u00bb, d\u00e9clare-t-elle. Son prochain objectif ?<br \/>\nL&rsquo;\u00e9lection de Miss \u00cele-de-France, programm\u00e9e le 20 septembre 2025 \u00e0<br \/>\nDammarie-les-Lys. Une \u00e9tape cruciale avant l&rsquo;ultime<br \/>\ncons\u00e9cration.<\/p>\n<p><strong>Retrouvez toutes les candidates \u00e0 Miss France 2026<br \/>\n<a href=\"https:\/\/www.telestar.fr\/actu_tv\/miss-france-2026-qui-sont-les-candidates-172885\" target=\"_blank\" rel=\"noopener\"><br \/>\nici<\/a><\/strong><\/p>\n<p><script async src=\"\/\/www.instagram.com\/embed.js\"><\/script><\/p>\n","protected":false},"excerpt":{"rendered":"EN BREF Mareva Del Toro, 21 ans, franco-mexicaine, couronn\u00e9e dans les Yvelines, vise Miss France 2026. Elle est&hellip;\n","protected":false},"author":2,"featured_media":407387,"comment_status":"","ping_status":"","sticky":false,"template":"","format":"standard","meta":{"footnotes":""},"categories":[1359],"tags":[548,58,59,1011,27,3034,973],"class_list":{"0":"post-407386","1":"post","2":"type-post","3":"status-publish","4":"format-standard","5":"has-post-thumbnail","7":"category-people","8":"tag-article-simple","9":"tag-divertissement","10":"tag-entertainment","11":"tag-fr","12":"tag-france","13":"tag-miss-france","14":"tag-people"},"share_on_mastodon":{"url":"https:\/\/pubeurope.com\/@fr\/115242860846135407","error":""},"_links":{"self":[{"href":"https:\/\/www.europesays.com\/fr\/wp-json\/wp\/v2\/posts\/407386","targetHints":{"allow":["GET"]}}],"collection":[{"href":"https:\/\/www.europesays.com\/fr\/wp-json\/wp\/v2\/posts"}],"about":[{"href":"https:\/\/www.europesays.com\/fr\/wp-json\/wp\/v2\/types\/post"}],"author":[{"embeddable":true,"href":"https:\/\/www.europesays.com\/fr\/wp-json\/wp\/v2\/users\/2"}],"replies":[{"embeddable":true,"href":"https:\/\/www.europesays.com\/fr\/wp-json\/wp\/v2\/comments?post=407386"}],"version-history":[{"count":0,"href":"https:\/\/www.europesays.com\/fr\/wp-json\/wp\/v2\/posts\/407386\/revisions"}],"wp:featuredmedia":[{"embeddable":true,"href":"https:\/\/www.europesays.com\/fr\/wp-json\/wp\/v2\/media\/407387"}],"wp:attachment":[{"href":"https:\/\/www.europesays.com\/fr\/wp-json\/wp\/v2\/media?parent=407386"}],"wp:term":[{"taxonomy":"category","embeddable":true,"href":"https:\/\/www.europesays.com\/fr\/wp-json\/wp\/v2\/categories?post=407386"},{"taxonomy":"post_tag","embeddable":true,"href":"https:\/\/www.europesays.com\/fr\/wp-json\/wp\/v2\/tags?post=407386"}],"curies":[{"name":"wp","href":"https:\/\/api.w.org\/{rel}","templated":true}]}}