{"id":407388,"date":"2025-09-21T14:54:11","date_gmt":"2025-09-21T14:54:11","guid":{"rendered":"https:\/\/www.europesays.com\/fr\/407388\/"},"modified":"2025-09-21T14:54:11","modified_gmt":"2025-09-21T14:54:11","slug":"comment-le-centre-de-restauration-des-musees-de-france-sinspire-de-la-cosmetique","status":"publish","type":"post","link":"https:\/\/www.europesays.com\/fr\/407388\/","title":{"rendered":"comment le centre de restauration des mus\u00e9es de France s\u2019inspire de la cosm\u00e9tique"},"content":{"rendered":"<p><strong>REPORTAGE &#8211;<\/strong> Dans les coulisses du C2RMF au Palais du Louvre, les restaurateurs utilisent des instruments de pointe emprunt\u00e9s \u00e0 l\u2019industrie de la beaut\u00e9 tels les lasers Infinito acquis gr\u00e2ce au m\u00e9c\u00e9nat du groupe L\u2019Or\u00e9al. Vieillissement, pollution, \u00abencrassement\u00bb&#8230; Les correspondances sont nombreuses entre l\u2019art et l\u2019\u00e9piderme.<\/p>\n<p class=\"fig-paragraph\">Il y a quelques mois, lorsque cet Ecce Homo est arriv\u00e9 du Mus\u00e9e national de la Renaissance d\u2019\u00c9couen, une \u00e9paisse couche noire cachait ses yeux en amande, son nez fin et sa chevelure boucl\u00e9e. \u00ab Cette sculpture typique de la r\u00e9gion de Troyes et de ce que l\u2019on a appel\u00e9 le \u201cbeau XVIe si\u00e8cle\u201d a \u00e9t\u00e9 expos\u00e9e, toute une partie de sa vie, sous la chapelle dans le jardin du\u00a0<a href=\"http:\/\/www.lefigaro.fr\/histoire\/au-musee-de-cluny-l-art-sous-le-regne-de-charles-vii-en-majeste-20240406\" data-fig-type=\"Article\" data-gtm-custom-categorie=\"navigation\" data-gtm-custom-action=\"crossclick\" data-gtm-custom-label=\"Contextuel\" data-gtm-event=\"customEventSPE\" data-fig-domain=\"LEFIGARO\" target=\"_blank\" rel=\"noopener\">mus\u00e9e de Cluny<\/a> , explique Laetitia Barragu\u00e9-Zouita, conservatrice du patrimoine de la fili\u00e8re sculpture du\u00a0<a href=\"https:\/\/www.lefigaro.fr\/culture\/2013\/12\/11\/03004-20131211ARTFIG00539-l-incroyable-destin-d-une-momie-jetee-a-la-poubelle.php\" data-fig-type=\"Article\" data-gtm-custom-categorie=\"navigation\" data-gtm-custom-action=\"crossclick\" data-gtm-custom-label=\"Contextuel\" data-gtm-event=\"customEventSPE\" data-fig-domain=\"LEFIGARO\" target=\"_blank\" rel=\"noopener\">C2RMF<\/a>\u00a0(Centre de Recherche et de Restauration des Mus\u00e9es de France). En ext\u00e9rieur et donc soumise \u00e0 la pollution du XIXe mais \u00e0 l\u2019abri des intemp\u00e9ries et, de fait, non lessiv\u00e9e par les eaux de pluie. Les poussi\u00e8res et pollutions ont fini par se cristalliser en surface et cr\u00e9er une cro\u00fbte noire plus dure que la pierre en dessous.\u00a0\u00bb Accueilli dans les ateliers de restauration du pavillon de Flore, dans le Palais du Louvre, il a r\u00e9v\u00e9l\u00e9 son v\u00e9ritable aspect au bout de trois mois gr\u00e2ce \u00e0 un<a href=\"http:\/\/www.lefigaro.fr\/style\/barbara-lavernos-la-beauty-tech-enrichit-nos-experiences-qu-on-soit-boomer-ou-generation-alpha-20250611\" data-fig-type=\"Article\" data-gtm-custom-categorie=\"navigation\" data-gtm-custom-action=\"crossclick\" data-gtm-custom-label=\"Contextuel\" data-gtm-event=\"customEventSPE\" data-fig-domain=\"LEFIGARO\" target=\"_blank\" rel=\"noopener\">\u00a0laser appel\u00e9 Infinito<\/a>, qui est parvenu \u00e0 retirer cette cro\u00fbte, sans endommager le mat\u00e9riau original, et \u00e0 retrouver l\u2019aspect crayeux du calcaire, ses reliefs et sa polychromie.<\/p>\n<p class=\"fig-paragraph\">\u00abC\u2019est un des deux lasers que nous avons pu acqu\u00e9rir gr\u00e2ce au m\u00e9c\u00e9nat du\u00a0<a href=\"http:\/\/www.lefigaro.fr\/style\/avec-l-oreal-jacquemus-a-trouve-un-investisseur-et-un-partenaire-pour-son-parfum-20250207\" data-fig-type=\"Article\" data-gtm-custom-categorie=\"navigation\" data-gtm-custom-action=\"crossclick\" data-gtm-custom-label=\"Contextuel\" data-gtm-event=\"customEventSPE\" data-fig-domain=\"LEFIGARO\" target=\"_blank\" rel=\"noopener\">groupe L\u2019Or\u00e9al<\/a> . Il fonctionne sur le principe de la photoablation, exactement de la m\u00eame mani\u00e8re que les lasers employ\u00e9s par les dermatologues pour effacer les taches pigmentaires et les tatouages mais aussi pour l\u2019\u00e9pilation. Seules la lumi\u00e8re et la chaleur disloquent l\u2019encrassement et il n\u2019y a aucune action m\u00e9canique ce qui convient parfaitement aux mat\u00e9riaux les plus fragiles comme, ici, le calcaire mais aussi le pl\u00e2tre, le bois et m\u00eame les textiles arch\u00e9ologiques ou les plumes.\u00a0\u00bb Alors que L\u2019Or\u00e9al s\u2019est d\u00e9j\u00e0 associ\u00e9 au Mus\u00e9e du Louvre avec le parcours\u00a0<a href=\"http:\/\/www.lefigaro.fr\/style\/le-modele-greco-romain-avec-sa-nudite-heroique-demeure-l-archetype-de-l-ideal-masculin-aupres-de-la-gen-z-au-louvre-l-histoire-de-la-beaute-dans-l-art-suivez-le-guide-20241118\" data-fig-type=\"Article\" data-gtm-custom-categorie=\"navigation\" data-gtm-custom-action=\"crossclick\" data-gtm-custom-label=\"Contextuel\" data-gtm-event=\"customEventSPE\" data-fig-domain=\"LEFIGARO\" target=\"_blank\" rel=\"noopener\">\u00ab De toutes beaut\u00e9s\u00a0\u00bb<\/a>\u00a0inaugur\u00e9 il y a quelques mois dans les diff\u00e9rentes ailes du mus\u00e9e, le g\u00e9ant de la cosm\u00e9tique continue d\u2019explorer les multiples facettes de l\u2019art et de la beaut\u00e9 \u00e0 travers l\u2019histoire en soutenant le C2RMF dans l\u2019utilisation de techniques innovantes.<\/p>\n<p class=\"fig-body-link\">\n            \u00c0 lire aussi<br \/>\n        <a class=\"fig-body-link__link\" href=\"http:\/\/www.lefigaro.fr\/industrie-mode\/dans-les-reunions-du-comex-il-y-a-rarement-de-cacophonie-d-odeurs-quels-parfums-portent-les-dirigeants-20250915\" data-fig-type=\"Article\" data-gtm-custom-categorie=\"navigation\" data-gtm-custom-action=\"crossclick\" data-gtm-custom-label=\"Contextuel\" data-gtm-event=\"customEventSPE\" data-fig-domain=\"LEFIGARO\" target=\"_blank\" rel=\"noopener\">\u00abDans les r\u00e9unions du Comex, il y a rarement de cacophonie d\u2019odeurs\u00bb: quels parfums portent les dirigeants\u00a0?<br \/>\n    <\/a>\n<\/p>\n<p>                                    <a class=\"fig-a11y-skip a11y-hidden\" href=\"#fig-a11y-skip-main-inarticle\"><br \/>\n        Passer la publicit\u00e9<br \/>\n    <\/a><\/p>\n<p class=\"fig-paragraph\">\u00ab On peut voir de nombreuses correspondances entre l\u2019art et la peau, indique Barbara Lavernos, la directrice g\u00e9n\u00e9rale adjointe en charge de la Recherche, de l\u2019Innovation et de la Technologie de L\u2019Or\u00e9al Groupe. Par exemple, un tableau peut craqueler, fendiller, pr\u00e9senter plusieurs couches\u2026 comme l\u2019\u00e9piderme.\u00bb Une vision que partage Mireille Klein, conservatrice du patrimoine et cheffe du d\u00e9partement restauration du C2RMF\u00a0: \u00ab Pour pr\u00e9server la beaut\u00e9 de la peau et ralentir son processus de vieillissement, on sait d\u00e9sormais qu\u2019il y a quelques r\u00e8gles \u00e0 respecter comme se prot\u00e9ger de l\u2019exposition solaire et de la pollution, \u00e9viter les changements brusques de temp\u00e9rature et les chocs hygrom\u00e9triques. Pour les \u0153uvres d\u2019art c\u2019est exactement la m\u00eame chose. Dans ce que l\u2019on appelle la \u201cconservation pr\u00e9ventive\u201d qui permet de retarder la d\u00e9gradation des objets, il convient l\u00e0 aussi d\u2019\u00e9viter poussi\u00e8res et polluants, variations brutales de temp\u00e9rature et fortes chaleurs qui accentuent les ph\u00e9nom\u00e8nes d\u2019alt\u00e9ration mais aussi les rayonnements lumineux et notamment les rayons solaires qui peuvent, eux, dess\u00e9cher certaines \u0153uvres et ab\u00eemer les pigments. Lorsque cette conservation pr\u00e9ventive ne peut plus rien et que les \u0153uvres sont alt\u00e9r\u00e9es, on passe alors un cran au-dessus avec la restauration. Nous sommes, \u00e0 la fois, un mus\u00e9e en constant renouvellement et un h\u00f4pital pour le patrimoine.\u00a0\u00bb<\/p>\n<p>    Le Ecce Homo venu du Mus\u00e9e national de la Renaissance d\u2019\u00c9couen, a \u00e9t\u00e9 r\u00e9v\u00e9l\u00e9 gr\u00e2ce \u00e0 trois mois de restauration \u00e0 l\u2019aide du laser Infinito<br \/>\n                Antoine Merlet<\/p>\n<p class=\"fig-paragraph\"><strong>Respecter la mat\u00e9rialit\u00e9 de l\u2019\u0153uvre\u00a0<\/strong><br \/>La momie du mus\u00e9e d\u2019Amiens, le triptyque de la cath\u00e9drale de Moulins, une toile du Greco issue du mus\u00e9e Bonnat-Helleu de Bayonne, la Vierge et l\u2019Enfant au chancelier Rolin de Van Eyck du mus\u00e9e du Louvre, le microscope Louis XV du ch\u00e2teau de Versailles&#8230; Toutes ces \u0153uvres, provenant des \u00ab\u00a0mus\u00e9es de France\u00a0\u00bb et des collections publiques, se c\u00f4toient de fa\u00e7on exceptionnelle et temporaire dans les locaux du C2RMF, afin d\u2019y \u00eatre analys\u00e9es scientifiquement et, pour certaines, restaur\u00e9es. Les instruments d\u2019analyse dont est aujourd\u2019hui dot\u00e9 le C2RMF permettent ainsi de voir l\u2019invisible, d\u2019identifier des composants, de d\u00e9finir leur provenance, de dater les \u0153uvres, de mieux comprendre les techniques de cr\u00e9ation et de fabrication.<\/p>\n<blockquote class=\"fig-quote&#10;    \">\n<p class=\"fig-quote__text\">La tomographie permet de d\u00e9tecter, gr\u00e2ce \u00e0 des algorithmes, l\u2019\u00e2ge de la peau et son \u00e9tat, exactement comme le C2RMF le fait pour d\u00e9terminer l\u2019histoire d\u2019une \u0153uvre \u00e0 travers le temps.<\/p>\n<p>            Thomas Bornschl\u00f6gl, responsable de groupe imagerie chez L\u2019Or\u00e9al\n    <\/p><\/blockquote>\n<p class=\"fig-paragraph\">\u00ab Il s\u2019agit en priorit\u00e9 de proc\u00e9der \u00e0 des analyses non invasives, \u00e0 des interventions avec un impact minimal. Imagerie, radiographie, tomographie et autres pr\u00e9l\u00e8vements permettent de retranscrire l\u2019histoire compl\u00e8te d\u2019une \u0153uvre\u00a0\u00bb, pr\u00e9cise Victor Etgens, directeur de recherche et chef du d\u00e9partement recherche du C2RMF. \u00ab Nous utilisons nous aussi, la tomographie pour analyser la peau en 3D et rentrer \u00e0 travers toutes ses couches, observer les cellules et les fibres. Cela permet de d\u00e9tecter, gr\u00e2ce \u00e0 des algorithmes, l\u2019\u00e2ge de la peau et son \u00e9tat, exactement comme le C2RMF le fait pour d\u00e9terminer l\u2019histoire d\u2019une \u0153uvre \u00e0 travers le temps, poursuit Thomas Bornschl\u00f6gl, responsable de groupe imagerie chez L\u2019Or\u00e9al. Non seulement nous partageons les m\u00eames techniques et m\u00e9thodes de travail mais aussi le m\u00eame vocabulaire. \u00bb Apr\u00e8s diagnostic, les restaurateurs utiliseront ainsi des instruments issus de l\u2019univers cosm\u00e9tique voire m\u00e9dical\u00a0: lasers qui permettent de traiter des zones fragiles et d\u2019\u00e9viter les solvants de nettoyage agressifs, mais aussi scalpels \u00e0 ultrasons d\u2019habitude r\u00e9serv\u00e9s aux dentistes et, ici, utilis\u00e9s pour d\u00e9gager certaines r\u00e9sines tr\u00e8s indur\u00e9es ; aiguilles courbes de chirurgiens pour la restauration de textiles ; pinces d\u2019oculistes\u2026<\/p>\n<p>    Sculpture restaur\u00e9e selon la m\u00e9thode de photoablation, qu\u2019on utilise en dermatologie pour effacer les taches pigmentaires et les tatouages.<br \/>\n                Antoine Merlet<\/p>\n<p class=\"fig-paragraph\">\u00ab Exactement comme en m\u00e9decine, nous partons toujours du plus simple et du moins invasif, continue la conservatrice Mireille Klein. La d\u00e9ontologie nous impose surtout de respecter l\u2019\u0153uvre et sa mat\u00e9rialit\u00e9. Il est hors de question de faire dispara\u00eetre son \u00e2ge et son histoire. S\u2019il y a des craquelures sur un tableau, nous les respectons \u00e0 moins qu\u2019elles ne soient extr\u00eamement g\u00eanantes.\u00a0\u00bb Il s\u2019agit donc l\u00e0 de r\u00e9tablir la lisibilit\u00e9 de l\u2019\u0153uvre, en tenant compte de son histoire et de son \u00e9volution, plut\u00f4t que de la lisser comme si elle sortait tout droit de l\u2019atelier. Un \u00e9quilibre subtil \u00e0 trouver qui, en tirant le fil, pourrait \u00e9voquer cette m\u00eame harmonie que doivent respecter les m\u00e9decins esth\u00e9tiques. Notamment en France, o\u00f9 les femmes pr\u00e9f\u00e8rent souvent les interventions discr\u00e8tes et imperceptibles quitte \u00e0 laisser quelques \u00ab d\u00e9fauts\u00a0\u00bb ici et l\u00e0. \u00c0 un traitement qui ferait perdre cinq ans imm\u00e9diatement, nombreuses sont celles qui pr\u00e9f\u00e8rent des injections r\u00e9guli\u00e8res pour continuer \u00e0 prendre de l\u2019\u00e2ge mais plus lentement et sans se faner.<\/p>\n<p>    Il existe de nombreuses correspondances en termes de pr\u00e9vention comme de restauration entre l\u2019art et l\u2019\u00e9piderme.<br \/>\n                Antoine Merlet<\/p>\n<p class=\"fig-paragraph\">\u00ab L\u2019id\u00e9e reste de retrouver l\u2019unit\u00e9 esth\u00e9tique de l\u2019\u0153uvre afin que le regard du spectateur ne se focalise pas sur les alt\u00e9rations. On ne restaure pas de la m\u00eame mani\u00e8re un objet arch\u00e9ologique et une peinture de Van Hecke. Au-del\u00e0 de son aspect esth\u00e9tique, technique, scientifique, nous prenons en compte \u00e9galement son histoire mat\u00e9rielle. Par exemple, une \u0153uvre d\u00e9capit\u00e9e \u00e0 la r\u00e9volution fran\u00e7aise fait aussi sens parce qu\u2019elle a, pr\u00e9cis\u00e9ment, \u00e9t\u00e9 malmen\u00e9e \u00e0 ce moment-l\u00e0, continue Laetitia Barragu\u00e9-Zouita. L\u2019\u0153uvre que l\u2019on veut montrer n\u2019est certainement pas celle sortie de l\u2019atelier mais un objet interpr\u00e9t\u00e9. Et c\u2019est l\u00e0 tout le paradoxe, car l\u2019on aime voir des \u0153uvres en tr\u00e8s bon \u00e9tat et en m\u00eame temps y distinguer le temps qui passe.<strong>\u00a0\u00bb<\/strong><\/p>\n","protected":false},"excerpt":{"rendered":"REPORTAGE &#8211; Dans les coulisses du C2RMF au Palais du Louvre, les restaurateurs utilisent des instruments de pointe&hellip;\n","protected":false},"author":2,"featured_media":407389,"comment_status":"","ping_status":"","sticky":false,"template":"","format":"standard","meta":{"footnotes":""},"categories":[1358],"tags":[1348,1384,1385,1386,58,59,1011,27,32584,11274],"class_list":{"0":"post-407388","1":"post","2":"type-post","3":"status-publish","4":"format-standard","5":"has-post-thumbnail","7":"category-arts-et-design","8":"tag-arts","9":"tag-arts-and-design","10":"tag-arts-et-design","11":"tag-design","12":"tag-divertissement","13":"tag-entertainment","14":"tag-fr","15":"tag-france","16":"tag-loreal","17":"tag-louvre"},"share_on_mastodon":{"url":"https:\/\/pubeurope.com\/@fr\/115242864817003896","error":""},"_links":{"self":[{"href":"https:\/\/www.europesays.com\/fr\/wp-json\/wp\/v2\/posts\/407388","targetHints":{"allow":["GET"]}}],"collection":[{"href":"https:\/\/www.europesays.com\/fr\/wp-json\/wp\/v2\/posts"}],"about":[{"href":"https:\/\/www.europesays.com\/fr\/wp-json\/wp\/v2\/types\/post"}],"author":[{"embeddable":true,"href":"https:\/\/www.europesays.com\/fr\/wp-json\/wp\/v2\/users\/2"}],"replies":[{"embeddable":true,"href":"https:\/\/www.europesays.com\/fr\/wp-json\/wp\/v2\/comments?post=407388"}],"version-history":[{"count":0,"href":"https:\/\/www.europesays.com\/fr\/wp-json\/wp\/v2\/posts\/407388\/revisions"}],"wp:featuredmedia":[{"embeddable":true,"href":"https:\/\/www.europesays.com\/fr\/wp-json\/wp\/v2\/media\/407389"}],"wp:attachment":[{"href":"https:\/\/www.europesays.com\/fr\/wp-json\/wp\/v2\/media?parent=407388"}],"wp:term":[{"taxonomy":"category","embeddable":true,"href":"https:\/\/www.europesays.com\/fr\/wp-json\/wp\/v2\/categories?post=407388"},{"taxonomy":"post_tag","embeddable":true,"href":"https:\/\/www.europesays.com\/fr\/wp-json\/wp\/v2\/tags?post=407388"}],"curies":[{"name":"wp","href":"https:\/\/api.w.org\/{rel}","templated":true}]}}