{"id":407390,"date":"2025-09-21T14:55:18","date_gmt":"2025-09-21T14:55:18","guid":{"rendered":"https:\/\/www.europesays.com\/fr\/407390\/"},"modified":"2025-09-21T14:55:18","modified_gmt":"2025-09-21T14:55:18","slug":"sortir-en-savoie-livres-en-marches-cest-pas-un-truc-dintello-ou-decolo-bobo-comment-le-festival-explore-le-monde-de-demain-le-dauphine-libere","status":"publish","type":"post","link":"https:\/\/www.europesays.com\/fr\/407390\/","title":{"rendered":"Sortir en Savoie. \u00ab Livres en Marches, c&#039;est pas un truc d&#039;intello ou d&#039;\u00e9colo-bobo \u00bb : comment le festival explore le monde de demain &#8211; Le Dauphin\u00e9 Lib\u00e9r\u00e9"},"content":{"rendered":"<ol>\n<li><a href=\"https:\/\/news.google.com\/rss\/articles\/CBMi9AFBVV95cUxOSGM4WFhuMFE5U0pKdW1DRG1QcVY2SkNlZWpKVHBrc0p1T0dvQzJvVTYzMWVnT0JmMVg3LW13R3B4WmVaTnF3cUxzaHFqU3kwYld2QnZLV04tcF85YnViM2w3bmJ4QkdsdUlFWUtNaG0tS3U4VGp4NjlUWDk0dzVnQzhLdXREYkFwX2NRaTEtNUdDNzZFWmZnNWdmRFl6MktiY0hjdzZEZnZpQ2pUZXdzcl9UOTF4T0xvenBVMGtkV2E3al9kcHFWNFJMc2Noa0JmdWZIaTQ3TzJnSm96RnRQaDBaUHhwbWFZQnVjelc5ZFFhT2dj?oc=5\" target=\"_blank\" rel=\"noopener\">Sortir en Savoie. \u00ab Livres en Marches, c&rsquo;est pas un truc d&rsquo;intello ou d&rsquo;\u00e9colo-bobo \u00bb : comment le festival explore le monde de demain<\/a>&nbsp;&nbsp;Le Dauphin\u00e9 Lib\u00e9r\u00e9<\/li>\n<li><a href=\"https:\/\/news.google.com\/rss\/articles\/CBMivAFBVV95cUxNNFY1bFFsenhSb2x1ZUxNSDNEM2Y2Z0p1X1ZKdTZHakU0aFVUUGN4c2JldG1oUEVzYUFlQ0pFbEpJSFR3Ym1qY01SSi1PX0x4NnlYcWF3UzFZYnJhOHhjNnQxSVF1d2JROC1OalRnT1hwSHVFclJEaU9TYkQzd3VLVW43M3ZKZ3ltQ2paalZveGpoTXVaSGRDaU51cjZYOTZ3YmI3RS1MQ05nQ2VtdnVsbldMSTh0R0tibzhVUQ?oc=5\" target=\"_blank\" rel=\"noopener\">Sortir en Savoie. Livres en Marches : \u00e0 la bourse aux livres, 60 000 bouquins \u00e0 acheter<\/a>&nbsp;&nbsp;Le Dauphin\u00e9 Lib\u00e9r\u00e9<\/li>\n<li><a href=\"https:\/\/news.google.com\/rss\/articles\/CBMi-gFBVV95cUxPY2VPNWo0T3d1SGRBeTVnQ2RyREh5dFFoUkRUaTRybjQ5MVBBTlJvQWZ0cmpfYmNqaTBhM3hySlBmelJHb3ZacEYweDIxZFpjcTRYTlJJcjZnaVVxMl8zUVJJaFE2Z3dvUTdoMXpSZk9NQW9ZTGl4aGZNa1ZJd1hzT2hiRjBrTXhFWkZmZWF4WFpBR094TnFUS18wNXVyLVF0Vk5BbS05S1FHUlBjR21hVHlTMEVObXJsUjFQNXROZkRJaVBKT0RlMlQ2dENBSWg1d3lKVzg0ay1NT0gzZHVXUG1DNHg2ZC13WUkxWU9GT0NRQVpmeUs3dU9R?oc=5\" target=\"_blank\" rel=\"noopener\">Dominique Favario, pr\u00e9sident du festival Livres en Marches : \u00ab Aujourd\u2019hui, les gens sont pr\u00eats \u00e0 gober n\u2019importe quoi \u00bb<\/a>&nbsp;&nbsp;Le Dauphin\u00e9 Lib\u00e9r\u00e9<\/li>\n<li><a href=\"https:\/\/news.google.com\/rss\/articles\/CBMimgFBVV95cUxOV3ptQTdXRzR1dHFuTE0xSElsNm9LU0Y2S3pad0tCSEFUVk83LWpwaE5Ya3VMeHhpNjRIbWVtM0MxbmRNNmt1UUxsZWpkWjdROHgxZl9fWDhlajk0b0IxakR3c0ozTllEaWV6cWVLcmotZWVZYzNRdmdKSWRRVE9SMnhiZ2gwSDlyQVhCQXBTR2VULTZ5U0ZjblJR?oc=5\" target=\"_blank\" rel=\"noopener\">Ch\u00e2tillon-sur-Seine. Une foire aux livres pleine de surprises<\/a>&nbsp;&nbsp;Le Bien Public<\/li>\n<li><a href=\"https:\/\/news.google.com\/rss\/articles\/CBMiqAFBVV95cUxPem9yVzdQV1hHeG15bUFMbUdJQk5UMEZRbWdQaktGR094Yk9DODdES29maFVuUGZ1d1pJNG1uTHBHeDN3eEIxOGlXQXF4SDRqU1phbFY4cElVbWsxLXJFZHhHZDFSbEt3NS1xQjBEOFQ3LVNWRURCYlZXOFhyVWRxZXV0bnhucVdPWm9RS0Y4RnZSNDVUWHI4RDhjVnZRZ3dqZmR1U3RjeWk?oc=5\" target=\"_blank\" rel=\"noopener\">Porte-de-Savoie. Livres en Marches : plus de 10 000 visiteurs attendus<\/a>&nbsp;&nbsp;Le Dauphin\u00e9 Lib\u00e9r\u00e9<\/li>\n<\/ol>\n","protected":false},"excerpt":{"rendered":"Sortir en Savoie. \u00ab Livres en Marches, c&rsquo;est pas un truc d&rsquo;intello ou d&rsquo;\u00e9colo-bobo \u00bb : comment le&hellip;\n","protected":false},"author":2,"featured_media":407391,"comment_status":"","ping_status":"","sticky":false,"template":"","format":"standard","meta":{"footnotes":""},"categories":[1357],"tags":[1379,1687,58,7001,59,1011,27,20623,1380,2410,20624,5508],"class_list":{"0":"post-407390","1":"post","2":"type-post","3":"status-publish","4":"format-standard","5":"has-post-thumbnail","7":"category-livres","8":"tag-books","9":"tag-culture-loisirs","10":"tag-divertissement","11":"tag-edition-chambery-aix-les-bains","12":"tag-entertainment","13":"tag-fr","14":"tag-france","15":"tag-la-ravoire-et-autour","16":"tag-livres","17":"tag-livres-bd","18":"tag-porte-de-savoie","19":"tag-savoie"},"share_on_mastodon":{"url":"https:\/\/pubeurope.com\/@fr\/115242868900113083","error":""},"_links":{"self":[{"href":"https:\/\/www.europesays.com\/fr\/wp-json\/wp\/v2\/posts\/407390","targetHints":{"allow":["GET"]}}],"collection":[{"href":"https:\/\/www.europesays.com\/fr\/wp-json\/wp\/v2\/posts"}],"about":[{"href":"https:\/\/www.europesays.com\/fr\/wp-json\/wp\/v2\/types\/post"}],"author":[{"embeddable":true,"href":"https:\/\/www.europesays.com\/fr\/wp-json\/wp\/v2\/users\/2"}],"replies":[{"embeddable":true,"href":"https:\/\/www.europesays.com\/fr\/wp-json\/wp\/v2\/comments?post=407390"}],"version-history":[{"count":0,"href":"https:\/\/www.europesays.com\/fr\/wp-json\/wp\/v2\/posts\/407390\/revisions"}],"wp:featuredmedia":[{"embeddable":true,"href":"https:\/\/www.europesays.com\/fr\/wp-json\/wp\/v2\/media\/407391"}],"wp:attachment":[{"href":"https:\/\/www.europesays.com\/fr\/wp-json\/wp\/v2\/media?parent=407390"}],"wp:term":[{"taxonomy":"category","embeddable":true,"href":"https:\/\/www.europesays.com\/fr\/wp-json\/wp\/v2\/categories?post=407390"},{"taxonomy":"post_tag","embeddable":true,"href":"https:\/\/www.europesays.com\/fr\/wp-json\/wp\/v2\/tags?post=407390"}],"curies":[{"name":"wp","href":"https:\/\/api.w.org\/{rel}","templated":true}]}}