{"id":407392,"date":"2025-09-21T14:56:12","date_gmt":"2025-09-21T14:56:12","guid":{"rendered":"https:\/\/www.europesays.com\/fr\/407392\/"},"modified":"2025-09-21T14:56:12","modified_gmt":"2025-09-21T14:56:12","slug":"haute-savoie-ella-qualifiee-pour-la-finale-de-the-voice-kids-sur-tf1","status":"publish","type":"post","link":"https:\/\/www.europesays.com\/fr\/407392\/","title":{"rendered":"Haute-Savoie. Ella qualifi\u00e9e pour la finale de \u00ab\u00a0The Voice Kids\u00a0\u00bb sur TF1"},"content":{"rendered":"<p>Ella, 13 ans, s&rsquo;est qualifi\u00e9e pour la <a href=\"https:\/\/www.ledauphine.com\/societe\/2025\/02\/22\/nos-artistes-qui-ont-atteint-les-quarts-les-demi-finales-ou-la-finale-de-the-voice\" target=\"_blank\" rel=\"noopener\">finale de \u00ab\u00a0The Voice<\/a> Kids\u00a0\u00bb sur TF1.\u00a0La jeune chanteuse originaire de Samo\u00ebns s&rsquo;est confront\u00e9e \u00e0 l&rsquo;in\u00e9dite \u00e9preuve des groupes ce samedi soir 20 septembre, lors de la quatri\u00e8me \u00e9mission de la saison 11 du t\u00e9l\u00e9crochet pr\u00e9sent\u00e9 par <a href=\"https:\/\/www.ledauphine.com\/p\/nikos-aliagas\" target=\"_blank\" rel=\"noopener\">Nikos Aliagas<\/a> et Karine Ferri. Chacun des quatre coachs (Santa, Patrick Fiori, <a href=\"https:\/\/www.ledauphine.com\/p\/m-pokora\" target=\"_blank\" rel=\"noopener\">M. Pokora<\/a> et <a href=\"https:\/\/www.ledauphine.com\/p\/soprano\" target=\"_blank\" rel=\"noopener\">Soprano<\/a>) avait constitu\u00e9 deux groupes de quatre talents.\u00a0Un seul chanteur par groupe pouvait acc\u00e9der \u00e0 la finale.<\/p>\n<p>Lors de son audition \u00e0 l&rsquo;aveugle, diffus\u00e9 en ouverture de l&rsquo;\u00e9mission du samedi 13 septembre, Ella avait d\u00e9j\u00e0 fait forte impression avec son interpr\u00e9tation de\u00a0Good Luck, Babe!\u00a0de l&rsquo;artiste am\u00e9ricaine Chappell Roan. Les quatre jur\u00e9s s&rsquo;\u00e9taient en effet retourn\u00e9s, puis <a href=\"https:\/\/www.ledauphine.com\/insolite\/2025\/09\/15\/j-ai-cru-halluciner-son-pneu-eclate-le-chanteur-patrick-fiori-vient-a-son-secours\" target=\"_blank\" rel=\"noopener\">Patrick Fiori<\/a> avait \u00e9t\u00e9 bloqu\u00e9 par Santa. La jeune Haut-Savoyarde avait finalement choisi de rejoindre Soprano.<\/p>\n<p>  Sur sc\u00e8ne avec sa maman<\/p>\n<p>Hier soir, le groupe d&rsquo;Ella a chant\u00e9 la chanson\u00a0Maman\u00a0de Louane. Les mamans des jeunes talents sont descendues sur sc\u00e8ne pour l&rsquo;occasion, ce qui a offert un moment \u00e9mouvant. Apr\u00e8s la prestation, M. Pokora a accord\u00e9 sa pr\u00e9f\u00e9rence \u00e0 la jeune artiste de Haute-Savoie, puis Soprano a fait de m\u00eame apr\u00e8s une longue r\u00e9flexion.<\/p>\n<p>Ce contenu est bloqu\u00e9 car vous n&rsquo;avez pas accept\u00e9 les cookies et autres traceurs.<\/p>\n<p>En cliquant sur \u00ab J\u2019accepte \u00bb, les cookies et autres traceurs seront d\u00e9pos\u00e9s et vous pourrez visualiser les contenus  (<a href=\"\" class=\"consentModule_policy\" target=\"_blank\" title=\"Consulter la politique de protection des donn\u00e9es du fournisseur\">plus d&rsquo;informations<\/a>).<\/p>\n<p>En cliquant sur \u00ab J\u2019accepte tous les cookies \u00bb, vous autorisez des d\u00e9p\u00f4ts de cookies et autres traceurs pour le stockage de vos donn\u00e9es sur nos sites et applications \u00e0 des fins de personnalisation et de ciblage publicitaire.<\/p>\n<p class=\"consentModule_secondaryText\">Vous gardez la possibilit\u00e9 de retirer votre consentement \u00e0 tout moment en consultant notre <a href=\"https:\/\/www.ledauphine.com\/protection-des-donnees\" target=\"_blank\" title=\"Consulter notre politique de protection des donn\u00e9es\" rel=\"noopener\">politique de protection des donn\u00e9es<\/a>. <br \/>&#13;<br \/>\n            <a href=\"https:\/\/www.ledauphine.com\/societe\/2025\/09\/21\/javascript:Didomi.notice.show()\" class=\"consentModule_cmp\" target=\"_blank\" rel=\"noopener\">G\u00e9rer mes choix<\/a>&#13;\n        <\/p>\n<p>&#13;<br \/>\n                        J&rsquo;accepte&#13;<br \/>\n            J&rsquo;accepte tous les cookies&#13;\n        <\/p>\n<p>Ella avait annonc\u00e9, dans son portrait\u00a0: \u00ab\u00a0Je suis venue pour me prouver que je vaux autant que les autres.\u00a0\u00bb La Haut-Savoyarde est d\u00e9sormais la seule repr\u00e9sentante de la r\u00e9gion apr\u00e8s <a href=\"https:\/\/www.ledauphine.com\/culture-loisirs\/2025\/09\/20\/eyleen-n-ira-pas-en-finale-de-the-voice-kids\" target=\"_blank\" rel=\"noopener\">l&rsquo;\u00e9limination d&rsquo;Eileen<\/a>, candidate de 12 ans <a href=\"https:\/\/www.ledauphine.com\/culture-loisirs\/2025\/09\/13\/eileen-12-ans-se-qualifie-pour-the-voice-kids-sur-tf1\" target=\"_blank\" rel=\"noopener\">originaire de Savoie<\/a>, coach\u00e9e par Santa, lors de l&rsquo;\u00e9mission d&rsquo;hier soir.<\/p>\n<p>Prochaine et derni\u00e8re \u00e9tape pour la jeune chanteuse de Samo\u00ebns\u00a0: la finale, pr\u00e9vue samedi 4 octobre sur TF1.<\/p>\n","protected":false},"excerpt":{"rendered":"Ella, 13 ans, s&rsquo;est qualifi\u00e9e pour la finale de \u00ab\u00a0The Voice Kids\u00a0\u00bb sur TF1.\u00a0La jeune chanteuse originaire de&hellip;\n","protected":false},"author":2,"featured_media":407393,"comment_status":"","ping_status":"","sticky":false,"template":"","format":"standard","meta":{"footnotes":""},"categories":[1356],"tags":[1687,58,9543,59,107,1011,27,4638,873,53900,252,2205,1364],"class_list":{"0":"post-407392","1":"post","2":"type-post","3":"status-publish","4":"format-standard","5":"has-post-thumbnail","7":"category-television","8":"tag-culture-loisirs","9":"tag-divertissement","10":"tag-edition-mont-blanc-arve","11":"tag-entertainment","12":"tag-fil-info","13":"tag-fr","14":"tag-france","15":"tag-haute-savoie","16":"tag-musique","17":"tag-samoens","18":"tag-television","19":"tag-television-medias","20":"tag-tv"},"share_on_mastodon":{"url":"https:\/\/pubeurope.com\/@fr\/115242872638938939","error":""},"_links":{"self":[{"href":"https:\/\/www.europesays.com\/fr\/wp-json\/wp\/v2\/posts\/407392","targetHints":{"allow":["GET"]}}],"collection":[{"href":"https:\/\/www.europesays.com\/fr\/wp-json\/wp\/v2\/posts"}],"about":[{"href":"https:\/\/www.europesays.com\/fr\/wp-json\/wp\/v2\/types\/post"}],"author":[{"embeddable":true,"href":"https:\/\/www.europesays.com\/fr\/wp-json\/wp\/v2\/users\/2"}],"replies":[{"embeddable":true,"href":"https:\/\/www.europesays.com\/fr\/wp-json\/wp\/v2\/comments?post=407392"}],"version-history":[{"count":0,"href":"https:\/\/www.europesays.com\/fr\/wp-json\/wp\/v2\/posts\/407392\/revisions"}],"wp:featuredmedia":[{"embeddable":true,"href":"https:\/\/www.europesays.com\/fr\/wp-json\/wp\/v2\/media\/407393"}],"wp:attachment":[{"href":"https:\/\/www.europesays.com\/fr\/wp-json\/wp\/v2\/media?parent=407392"}],"wp:term":[{"taxonomy":"category","embeddable":true,"href":"https:\/\/www.europesays.com\/fr\/wp-json\/wp\/v2\/categories?post=407392"},{"taxonomy":"post_tag","embeddable":true,"href":"https:\/\/www.europesays.com\/fr\/wp-json\/wp\/v2\/tags?post=407392"}],"curies":[{"name":"wp","href":"https:\/\/api.w.org\/{rel}","templated":true}]}}