{"id":407394,"date":"2025-09-21T14:57:09","date_gmt":"2025-09-21T14:57:09","guid":{"rendered":"https:\/\/www.europesays.com\/fr\/407394\/"},"modified":"2025-09-21T14:57:09","modified_gmt":"2025-09-21T14:57:09","slug":"florent-pagny-lache-lui-meme-un-enorme-scoop-sur-sa-vie-actuelle","status":"publish","type":"post","link":"https:\/\/www.europesays.com\/fr\/407394\/","title":{"rendered":"Florent Pagny l\u00e2che lui-m\u00eame un \u00e9norme \u00ab\u00a0scoop\u00a0\u00bb sur sa vie actuelle"},"content":{"rendered":"<p>      R\u00e9sum\u00e9<\/p>\n<p>Florent Pagny, en pleine r\u00e9mission, d\u00e9voile son retour avec un nouvel album, une tourn\u00e9e, et r\u00e9v\u00e8le qu\u2019un second projet tr\u00e8s personnel est en pr\u00e9paration.<\/p>\n<p>        Sommaire<\/p>\n<p>Apr\u00e8s son combat contre la maladie et \u00e9tant en r\u00e9mission, <a href=\"https:\/\/www.public.fr\/florent-pagny-au-bout-de-sa-vie-apres-40-ans-de-carriere\" target=\"_blank\" rel=\"noopener\">Florent Pagny <\/a>n&rsquo;est pas d\u00e9cid\u00e9 \u00e0 prendre sa retraite. La preuve avec la <strong>sortie de son nouvel album<\/strong>.<\/p>\n<p>Et ce n&rsquo;est pas tout, car le chanteur est plein de surprises. Invit\u00e9 de <strong>l\u2019\u00e9mission D\u00e9cibels sur France Bleu<\/strong>, le chanteur de <strong>63 ans<\/strong> a fait une annonce qui a pris tout le monde de court. Il revient plus fort que jamais, entre musique, confidences et projets d\u00e9j\u00e0 bien lanc\u00e9s.<\/p>\n<p>Florent Pagny quitte le Portugal et revient aux sources<\/p>\n<p>Florent Pagny s\u2019offre donc un retour en lumi\u00e8re avec un disque flambant neuf et une tourn\u00e9e qui s\u2019annonce intense. Son nouveau b\u00e9b\u00e9 baptis\u00e9<strong> \u00ab\u00a0Grandeur nature\u00a0\u00bb <\/strong>est sorti le <strong>11 septembre<\/strong> dernier. Soutenu par <strong>Vianney<\/strong> et <strong><a href=\"https:\/\/www.public.fr\/marc-lavoine-son-ex-femme-line-papin-en-couple-avec-un-comedien-francais\" target=\"_blank\" rel=\"noopener\">Marc Lavoine<\/a><\/strong> durant sa convalescence, Florent Pagny a mis tout son c\u0153ur dans ce projet. Dans D\u00e9cibels, il a confi\u00e9 : \u00ab\u00a0J&rsquo;ai <strong>re\u00e7u beaucoup, beaucoup de choses<\/strong>. J&rsquo;ai re\u00e7u des titres o\u00f9 je me suis dit que ce n&rsquo;est pas pour cet album, mais je trouve \u00e7a beau\u00a0\u00bb. Malgr\u00e9 son cancer du poumon, il n&rsquo;a pas manqu\u00e9 d&rsquo;inspiration, ce qui lui a permis de repousser ses limites.<\/p>\n<p>Et ce retour, Florent Pagny ne le fait pas \u00e0 moiti\u00e9. Il s\u2019accompagne m\u00eame d\u2019une <strong>grande tourn\u00e9e<\/strong>, avec pas moins de <strong>20 dates \u00e0 l\u2019Olympia<\/strong>. Le compagnon d\u2019<strong>Azucena<\/strong> va pouvoir retrouver son public, mais aussi c\u00e9l\u00e9brer une voix <strong>plus claire, depuis qu\u2019il a arr\u00eat\u00e9 de fumer<\/strong>. En effet, il a adopt\u00e9 une hygi\u00e8ne de vie beaucoup plus saine et sans tabac. Il a d\u00e9clar\u00e9 au Parisien : \u00ab <strong>Elle s\u2019est rajeunie<\/strong>, c\u2019est dr\u00f4le.\u00a0Cela fait quatre ans que j\u2019ai arr\u00eat\u00e9 la fumette et elle s\u2019est clarifi\u00e9e. J\u2019ai <strong>retrouv\u00e9 ma voix de 40 ans<\/strong> \u00bb.<\/p>\n<p>Et ce n&rsquo;est pas le seul changement qu&rsquo;il a op\u00e9r\u00e9 dans sa vie. Pour souffler entre deux concerts, Florent Pagny s\u2019est offert un nouveau cadre de vie, en <strong>Bourgogne<\/strong>. Comme il l\u2019avait expliqu\u00e9 dans Sept \u00e0 huit : \u00ab\u00a0J&rsquo;\u00e9tais pass\u00e9 un peu \u00e0 c\u00f4t\u00e9 de cette <strong>magnifique r\u00e9gion <\/strong>et que finalement, au lieu d&rsquo;aller me balader au Portugal, je pouvais peut-\u00eatre <strong>revenir aux sources en Bourgogne<\/strong>. C&rsquo;est un vrai plaisir et m\u00eame une <br \/>envie encore plus forte d&rsquo;aller l\u00e0-bas que d&rsquo;aller sur d&rsquo;autres terres\u00a0\u00bb.<\/p>\n<p>Nouveau scoop inattendu pour Florent Pagny<\/p>\n<p>Alors qu\u2019il \u00e9voquait la cr\u00e9ation de son album, le papa d\u2019<strong>A\u00ebl et Inca<\/strong> a fini par l\u00e2cher : \u00ab\u00a0J&rsquo;ai mis ces chansons de c\u00f4t\u00e9 et je les ai mises tellement de c\u00f4t\u00e9 que<strong> j&rsquo;ai fait un autre album<\/strong>\u00ab\u00a0. En clair, Florent Pagny n\u2019a pas seulement enregistr\u00e9 Grandeur nature, mais bel et bien\u2026<strong> deux albums <\/strong>!<\/p>\n<p>Et ce n\u2019est pas tout. L\u2019artiste a aussi pr\u00e9cis\u00e9 : \u00ab\u00a0Je suis <strong>devenu mon propre producteur<\/strong> (&#8230;) j&rsquo;avais un autre disque,<strong> tr\u00e8s barr\u00e9, tr\u00e8s atypique<\/strong>. J&rsquo;ai eu envie de le faire donc j&rsquo;ai fait ce second album, mais pour le moment, <strong>je me le garde sous le coude<\/strong>\u00ab\u00a0. Comme quoi, rien ne l&rsquo;arr\u00eate pour le plus grand plaisir de ses fans.<\/p>\n<p>      Mentionn\u00e9s dans cet article<\/p>\n<p>      Sur le m\u00eame sujet<\/p>\n","protected":false},"excerpt":{"rendered":"R\u00e9sum\u00e9 Florent Pagny, en pleine r\u00e9mission, d\u00e9voile son retour avec un nouvel album, une tourn\u00e9e, et r\u00e9v\u00e8le qu\u2019un&hellip;\n","protected":false},"author":2,"featured_media":407395,"comment_status":"","ping_status":"","sticky":false,"template":"","format":"standard","meta":{"footnotes":""},"categories":[1355],"tags":[58,59,3109,1011,27,1361,873],"class_list":{"0":"post-407394","1":"post","2":"type-post","3":"status-publish","4":"format-standard","5":"has-post-thumbnail","7":"category-musique","8":"tag-divertissement","9":"tag-entertainment","10":"tag-florent-pagny","11":"tag-fr","12":"tag-france","13":"tag-music","14":"tag-musique"},"share_on_mastodon":{"url":"https:\/\/pubeurope.com\/@fr\/115242876577042981","error":""},"_links":{"self":[{"href":"https:\/\/www.europesays.com\/fr\/wp-json\/wp\/v2\/posts\/407394","targetHints":{"allow":["GET"]}}],"collection":[{"href":"https:\/\/www.europesays.com\/fr\/wp-json\/wp\/v2\/posts"}],"about":[{"href":"https:\/\/www.europesays.com\/fr\/wp-json\/wp\/v2\/types\/post"}],"author":[{"embeddable":true,"href":"https:\/\/www.europesays.com\/fr\/wp-json\/wp\/v2\/users\/2"}],"replies":[{"embeddable":true,"href":"https:\/\/www.europesays.com\/fr\/wp-json\/wp\/v2\/comments?post=407394"}],"version-history":[{"count":0,"href":"https:\/\/www.europesays.com\/fr\/wp-json\/wp\/v2\/posts\/407394\/revisions"}],"wp:featuredmedia":[{"embeddable":true,"href":"https:\/\/www.europesays.com\/fr\/wp-json\/wp\/v2\/media\/407395"}],"wp:attachment":[{"href":"https:\/\/www.europesays.com\/fr\/wp-json\/wp\/v2\/media?parent=407394"}],"wp:term":[{"taxonomy":"category","embeddable":true,"href":"https:\/\/www.europesays.com\/fr\/wp-json\/wp\/v2\/categories?post=407394"},{"taxonomy":"post_tag","embeddable":true,"href":"https:\/\/www.europesays.com\/fr\/wp-json\/wp\/v2\/tags?post=407394"}],"curies":[{"name":"wp","href":"https:\/\/api.w.org\/{rel}","templated":true}]}}