{"id":407398,"date":"2025-09-21T14:59:13","date_gmt":"2025-09-21T14:59:13","guid":{"rendered":"https:\/\/www.europesays.com\/fr\/407398\/"},"modified":"2025-09-21T14:59:13","modified_gmt":"2025-09-21T14:59:13","slug":"ce-jeune-homme-se-fait-couper-les-cheveux-ce-que-son-coiffeur-remarque-sur-son-cou-lui-sauve-la-vie","status":"publish","type":"post","link":"https:\/\/www.europesays.com\/fr\/407398\/","title":{"rendered":"ce jeune homme se fait couper les cheveux, ce que son coiffeur remarque sur son cou lui sauve la vie"},"content":{"rendered":"<p data-start=\"228\" data-end=\"775\">On ne s\u2019attend pas \u00e0 voir sa vie<br \/>\nbasculer sur le fauteuil d\u2019un salon de coiffure, entre les mains<br \/>\nd&rsquo;un coiffeur. Pourtant, c\u2019est exactement ce qui est arriv\u00e9<br \/>\n<strong>\u00e0 un adolescent britannique de 17 ans.<\/strong> Ce jour-l\u00e0,<br \/>\nalors qu\u2019il demandait une coupe de cheveux banale, son coiffeur<br \/>\n<strong>a rep\u00e9r\u00e9 un d\u00e9tail inhabituel, presque<br \/>\nimperceptible<\/strong>.<\/p>\n<p data-start=\"228\" data-end=\"775\">Une remarque, quelques mots<br \/>\ngliss\u00e9s avec bienveillance\u2026 et le destin du jeune homme <strong>a<br \/>\npris une tournure inattendue.<\/strong> Ce geste simple, qui aurait<br \/>\npu passer inaper\u00e7u, s\u2019est r\u00e9v\u00e9l\u00e9 d\u00e9cisif et lui a peut-\u00eatre sauv\u00e9<br \/>\nla vie, comme le rapporte The<br \/>\nMirror.<\/p>\n<p>Un diagnostic inattendu chez<br \/>\nson coiffeur<\/p>\n<p data-start=\"162\" data-end=\"996\">Alert\u00e9s <a href=\"https:\/\/www.mariefrance.fr\/beaute\/cheveux\/magie-reside-coiffure-miracle-gagner-7-ans-jeunesse-femmes-60-experts-1203094.html\" rel=\"nofollow noopener\" target=\"_blank\"><br \/>\npar la remarque du coiffeur<\/a>, les parents d\u2019Owen prennent<br \/>\nimm\u00e9diatement rendez-vous avec leur m\u00e9decin traitant, qui<br \/>\n<strong>l\u2019oriente sans attendre vers un sp\u00e9cialiste<\/strong>. Apr\u00e8s<br \/>\nune batterie d\u2019examens, le verdict tombe en janvier 2024 :<br \/>\n<strong>le jeune homme est atteint d\u2019un lymphome de<br \/>\nHodgkin<\/strong>, un cancer rare qui se d\u00e9veloppe dans le syst\u00e8me<br \/>\nlymphatique.<\/p>\n<p data-start=\"162\" data-end=\"996\">Cette maladie, qui compte<br \/>\n<strong>plus de 2 000 nouveaux cas chaque ann\u00e9e en France selon<br \/>\nSant\u00e9 publique France<\/strong>, touche plus fr\u00e9quemment les jeunes<br \/>\nadultes. Ses signaux sont parfois discrets et donc difficiles \u00e0<br \/>\ninterpr\u00e9ter : <strong>ganglions gonfl\u00e9s mais indolores, fatigue<br \/>\npersistante, sueurs nocturnes, perte de poids inexpliqu\u00e9e ou<br \/>\nd\u00e9mangeaisons.<\/strong> Chez Owen, la petite masse rep\u00e9r\u00e9e par son<br \/>\ncoiffeur a rapidement augment\u00e9 de volume. Ce qui a confirm\u00e9<br \/>\nl\u2019urgence d\u2019un diagnostic et d\u2019une prise en charge.<\/p>\n<p><img loading=\"lazy\" decoding=\"async\" aria-describedby=\"caption-attachment-1205918\" itemprop=\"thumbnailUrl\" class=\"wp-image-1205918 img-responsive size-full\" src=\"https:\/\/www.europesays.com\/fr\/wp-content\/uploads\/2025\/09\/design-sans-titre-9-copie.jpg\" alt=\"\" je=\"\" suis=\"\" tr=\"\" reconnaissant=\"\" :=\"\" ce=\"\" jeune=\"\" homme=\"\" se=\"\" fait=\"\" couper=\"\" les=\"\" cheveux=\"\" que=\"\" son=\"\" coiffeur=\"\" remarque=\"\" sur=\"\" cou=\"\" lui=\"\" sauve=\"\" la=\"\" vie=\"\" width=\"1200\" height=\"800\"\/> \u00a9 Shutterstock<\/p>\n<p id=\"caption-attachment-1205918\" class=\"wp-caption-text\">En<br \/>\npleine s\u00e9ance chez son coiffeur, le destin du jeune homme a pris<br \/>\nune tournure inattendue.<\/p>\n<p>Cinq mois de traitement et une<br \/>\nr\u00e9mission<\/p>\n<p data-start=\"1045\" data-end=\"1825\">D\u00e8s l\u2019annonce du diagnostic,<br \/>\nl\u2019adolescent <strong>d\u00e9bute une chimioth\u00e9rapie intensive au Royal<br \/>\nShrewsbury Hospital.<\/strong> Pendant cinq mois, il encha\u00eene les<br \/>\ntraitements lourds, <a href=\"https:\/\/www.mariefrance.fr\/equilibre\/sante\/detail-dans-lit-peut-etre-signe-cancer-beaucoup-femmes-minimisent-selon-medecins-1193249.html\" rel=\"nofollow noopener\" target=\"_blank\"><br \/>\nqui affaiblissent son organisme<\/a> et r\u00e9duisent \u00e0 n\u00e9ant ses<br \/>\nd\u00e9fenses immunitaires. \u00ab On ne s&rsquo;attend pas \u00e0 un cancer \u00e0 cet<br \/>\n\u00e2ge-l\u00e0 ; ce fut un choc pour tout le monde. Mais avec son \u00e2ge et sa<br \/>\nr\u00e9silience, son corps a r\u00e9sist\u00e9 \u00bb, explique sa m\u00e8re Hayley, 45<br \/>\nans, cit\u00e9e par The<br \/>\nMirror.<\/p>\n<p data-start=\"1045\" data-end=\"1825\">En juin 2024, quelques<br \/>\nsemaines apr\u00e8s sa derni\u00e8re s\u00e9ance, <strong>Owen entre en<br \/>\nr\u00e9mission<\/strong>. Depuis, il est suivi r\u00e9guli\u00e8rement par ses<br \/>\nm\u00e9decins et b\u00e9n\u00e9ficie du soutien du Teenage Cancer Trust. Peu \u00e0 peu, il a retrouv\u00e9<br \/>\nl\u2019\u00e9nergie de reprendre ses passions : le rugby et son apprentissage<br \/>\nagricole, <strong>qui l\u2019ancrent \u00e0 nouveau dans une vie<br \/>\nnormale.<\/strong> Tout cela gr\u00e2ce \u00e0 une simple remarque de son<br \/>\ncoiffeur.<\/p>\n<blockquote class=\"tiktok-embed\" cite=\"https:\/\/www.tiktok.com\/@audio.saviours\/photo\/7550959034367511830\" data-video-id=\"\" style=\"max-width: 605px;min-width: 325px;\"><p>\n<a target=\"_blank\" href=\"https:\/\/www.tiktok.com\/@audio.saviours\/photo\/7550959034367511830\" rel=\"nofollow noopener\"><img decoding=\"async\" src=\"https:\/\/www.tiktok.com\/img\/logo.png\" alt=\"TikTok Logo\"\/><\/a>\n<\/p><\/blockquote>\n<p>Une<br \/>\nrencontre \u00e9mouvante avec le coiffeur qui lui a sauv\u00e9 la vie<\/p>\n<p data-start=\"1874\" data-end=\"2483\">Un an apr\u00e8s sa gu\u00e9rison,<br \/>\n<strong>Owen est retourn\u00e9 dans le salon de Firat pour le<br \/>\nremercier.<\/strong> Le propri\u00e9taire de New Styles se souvient parfaitement de ce jour<br \/>\no\u00f9 tout a bascul\u00e9 : <strong>\u00ab Je lui coupais les cheveux quand<br \/>\nj\u2019ai vu que son cou \u00e9tait gonfl\u00e9. Je lui ai dit : \u201cMate, tu devrais<br \/>\naller voir un m\u00e9decin.\u201d<\/strong> Puis le coiffeur ajoute :<br \/>\n<strong>\u00ab<\/strong> Quelques mois plus tard, il est revenu,<br \/>\nm\u00e9connaissable apr\u00e8s sa chimio. Son p\u00e8re m\u2019a racont\u00e9 toute<br \/>\nl\u2019histoire et j\u2019ai \u00e9t\u00e9 tr\u00e8s \u00e9mu. Aujourd\u2019hui, il va bien et c\u2019est<br \/>\ntout ce qui compte. \u00bb<\/p>\n<p><img loading=\"lazy\" decoding=\"async\" aria-describedby=\"caption-attachment-1205920\" class=\"wp-image-1205920 img-responsive size-full\" src=\"https:\/\/www.europesays.com\/fr\/wp-content\/uploads\/2025\/09\/mf1-17.jpg\" alt=\"\" je=\"\" suis=\"\" tr=\"\" reconnaissant=\"\" :=\"\" ce=\"\" jeune=\"\" homme=\"\" se=\"\" fait=\"\" couper=\"\" les=\"\" cheveux=\"\" que=\"\" son=\"\" coiffeur=\"\" remarque=\"\" sur=\"\" cou=\"\" lui=\"\" sauve=\"\" la=\"\" vie=\"\" width=\"1200\" height=\"800\"\/> \u00a9 Shutterstock<\/p>\n<p id=\"caption-attachment-1205920\" class=\"wp-caption-text\">Les<br \/>\nsignaux de ce lymphome sont parfois discrets et donc difficiles \u00e0<br \/>\ninterpr\u00e9ter.<\/p>\n<p data-start=\"1874\" data-end=\"2483\">Une histoire bouleversante qui<br \/>\nillustre combien un simple geste d\u2019attention, m\u00eame anodin, <a href=\"https:\/\/www.mariefrance.fr\/insolite\/medecin-dit-javais-cancer-testicules-dans-poitrine-et-jetais-enceint-1177615.html\" rel=\"nofollow noopener\" target=\"_blank\"><br \/>\npeut parfois sauver une vie.<\/a> Et le petit gar\u00e7on sera<br \/>\nreconnaissant \u00e0 vie de la remarque anodine de son coiffeur :<br \/>\n\u00a0: \u00ab Je suis vraiment reconnaissant que le<br \/>\ncoiffeur ait remarqu\u00e9 la grosseur sur mon cou. Il n&rsquo;\u00e9tait pas<br \/>\noblig\u00e9 de le faire et cela aurait pu entra\u00eener des probl\u00e8mes plus<br \/>\ngraves. Mais je suis tr\u00e8s reconnaissant \u00bb. Cette histoire<br \/>\nrappelle que parfois, <strong>la vigilance d\u2019un simple regard<br \/>\next\u00e9rieur peut faire toute la diff\u00e9rence<\/strong>. Aujourd\u2019hui en<br \/>\nr\u00e9mission, <strong>il mesure pleinement la valeur de ce geste<br \/>\nanodin, devenu d\u00e9cisif.<\/strong> Entre gratitude et nouveau souffle<br \/>\nde vie, son parcours illustre \u00e0 quel point la pr\u00e9vention et<br \/>\nl\u2019\u00e9coute, m\u00eame dans les instants les plus ordinaires, peuvent<br \/>\nsauver des vies.<\/p>\n<p><script async src=\"\/\/www.tiktok.com\/embed.js\"><\/script><\/p>\n","protected":false},"excerpt":{"rendered":"On ne s\u2019attend pas \u00e0 voir sa vie basculer sur le fauteuil d\u2019un salon de coiffure, entre les&hellip;\n","protected":false},"author":2,"featured_media":407399,"comment_status":"","ping_status":"","sticky":false,"template":"","format":"standard","meta":{"footnotes":""},"categories":[10],"tags":[101,1011,27,72,71],"class_list":{"0":"post-407398","1":"post","2":"type-post","3":"status-publish","4":"format-standard","5":"has-post-thumbnail","7":"category-sante","8":"tag-cancer","9":"tag-fr","10":"tag-france","11":"tag-health","12":"tag-sante"},"share_on_mastodon":{"url":"https:\/\/pubeurope.com\/@fr\/115242885042735889","error":""},"_links":{"self":[{"href":"https:\/\/www.europesays.com\/fr\/wp-json\/wp\/v2\/posts\/407398","targetHints":{"allow":["GET"]}}],"collection":[{"href":"https:\/\/www.europesays.com\/fr\/wp-json\/wp\/v2\/posts"}],"about":[{"href":"https:\/\/www.europesays.com\/fr\/wp-json\/wp\/v2\/types\/post"}],"author":[{"embeddable":true,"href":"https:\/\/www.europesays.com\/fr\/wp-json\/wp\/v2\/users\/2"}],"replies":[{"embeddable":true,"href":"https:\/\/www.europesays.com\/fr\/wp-json\/wp\/v2\/comments?post=407398"}],"version-history":[{"count":0,"href":"https:\/\/www.europesays.com\/fr\/wp-json\/wp\/v2\/posts\/407398\/revisions"}],"wp:featuredmedia":[{"embeddable":true,"href":"https:\/\/www.europesays.com\/fr\/wp-json\/wp\/v2\/media\/407399"}],"wp:attachment":[{"href":"https:\/\/www.europesays.com\/fr\/wp-json\/wp\/v2\/media?parent=407398"}],"wp:term":[{"taxonomy":"category","embeddable":true,"href":"https:\/\/www.europesays.com\/fr\/wp-json\/wp\/v2\/categories?post=407398"},{"taxonomy":"post_tag","embeddable":true,"href":"https:\/\/www.europesays.com\/fr\/wp-json\/wp\/v2\/tags?post=407398"}],"curies":[{"name":"wp","href":"https:\/\/api.w.org\/{rel}","templated":true}]}}